{"id":72345,"date":"2013-10-19T21:32:33","date_gmt":"2013-10-19T19:32:33","guid":{"rendered":"https:\/\/gastronomicament.cat\/bolets-del-bosc-a-la-cuina"},"modified":"2013-10-19T21:32:33","modified_gmt":"2013-10-19T19:32:33","slug":"bolets-del-bosc-a-la-cuina","status":"publish","type":"post","link":"https:\/\/web2025.gastronomicament.cat\/es\/bolets-del-bosc-a-la-cuina","title":{"rendered":"Bolets: del bosc a la cuina"},"content":{"rendered":"<p>Us animam a con\u00e8ixer els bolets, a identificar-los, a cercar-los i, tamb\u00e9, a cuinar-los amb &#8216;<strong>Bolets, del bosc a la cuina<\/strong>&#8216;.<\/p>\n<p>Ho feim amb 2 propostes formatives pr\u00e0ctiques: una <a href=\"#descobreix\">sortida de camp<\/a>, al bosc, i un <a href=\"#showcooking\">showcooking<\/a>. Per a aix\u00f2, comptam amb dos professionals: el bi\u00f2leg i especialista en Micologia Samuel Pinya i la cuinera Marga Coll.<br \/>\n<a name=\"descobreix\"><\/a><\/p>\n<h4><strong>a) Descobreix el bolets! <span style=\"color: #ff0000;\">ANUL\u00b7LAT PER ALERTA GROGA DE PLUJA<\/span><br \/>\n<\/strong><\/h4>\n<p><img loading=\"lazy\" decoding=\"async\" class=\"alignleft\" style=\"margin-left: 6px; margin-right: 6px;\" src=\"http:\/\/gastronomicament.cat\/wp-content\/uploads\/2013\/11\/samuel-pinya.jpg\" alt=\"\" width=\"110\" height=\"110\" \/><\/p>\n<p><strong>Impartit per<\/strong>:<br \/>\nSamuel Pinya<br \/>\nProfessional del Medi Ambient<br \/>\nLlicenciat en Biologia per la UIB<br \/>\nEspecialista en Micologia<\/p>\n<p><strong>Programa<\/strong>:<\/p>\n<ul>\n<li>Coneixerem els bolets comestibles i els t\u00f2xics<\/li>\n<li>Mostrarem on solen trobar-se<\/li>\n<li>Parlarem de les bones pr\u00e0ctiques en la recollida de bolets<\/li>\n<li>Ens repartirem els bolets que trobem<\/li>\n<\/ul>\n<p><strong>Data<\/strong>: Diumenge, 1 de desembre, a les 10 hores.<br \/>\n<strong>Lloc<\/strong>: <a title=\"Finca p\u00fablica de Galatz\u00f3. Es Capdell\u00e0. Calvi\u00e0\" href=\"https:\/\/maps.google.cat\/maps?q=Finca+Galatz%C3%B3.+Es+Capdell%C3%A0.+Calvi%C3%A0&amp;hl=ca&amp;ie=UTF8&amp;sll=37.0625,-95.677068&amp;sspn=42.901912,86.572266&amp;hq=Finca+Galatz%C3%B3.+Es+Capdell%C3%A0.&amp;hnear=Calvi%C3%A0,+Illes+Balears,+Espanya&amp;t=m&amp;z=12\">Finca p\u00fablica de Galatz\u00f3 (Calvi\u00e0)<\/a><br \/>\n<strong><\/strong><br \/>\n<strong>Punt de trobada a Palma<\/strong>: <a title=\"Aparcament exterior del Centre Comercial Son Moix. Palma\" href=\"https:\/\/maps.google.cat\/maps?q=cam%C3%AD+de+la+vileta,+41.+Palma&amp;hl=ca&amp;ie=UTF8&amp;ll=39.588245,2.625389&amp;spn=0.009624,0.021136&amp;sll=39.587608,2.624456&amp;sspn=0.004812,0.010568&amp;hnear=Cam%C3%AD+la+Vileta,+41,+Palma,+Illes+Balears,+Espanya&amp;t=m&amp;z=16&amp;layer=c&amp;cbll=39.588178,2.625567&amp;panoid=2VJRYNDFW7XrdP8yAcWBFA&amp;cbp=12,227.69,,0,20.47\">Aparcament exterior de centre comercial Son Moix<\/a>, a les 9.30 hores.<br \/>\n<strong>Preu<\/strong>: 15 euros \/ socis OCB 10 euros. \u00a0<a href=\"#inscripcions\">Apunta-m&#8217;hi<br \/>\n<\/a><strong>Atenci\u00f3 fam\u00edlia<\/strong>: Infants menors de 12 anys, gratu\u00eft.<\/p>\n<p>M\u00ednim: 10 persones<br \/>\n<em>\u00c9s recomanable que els assistents duguin paner i ganivet.<br \/>\n<\/em><\/p>\n<p><a name=\"showcooking\"><\/a><\/p>\n<h4>b) Cuina de tardor: els bolets<\/h4>\n<p><img loading=\"lazy\" decoding=\"async\" class=\"alignleft\" style=\"margin-left: 6px; margin-right: 6px;\" src=\"http:\/\/gastronomicament.cat\/wp-content\/uploads\/2013\/11\/cuinera-marga-coll.jpg\" alt=\"\" width=\"103\" height=\"120\" \/><\/p>\n<p><strong>Impartit per<\/strong>:<br \/>\nMargalida Coll<br \/>\nCuinera i propiet\u00e0ria del <a title=\"Restaurant Miceli (Selva)\" href=\"http:\/\/gastronomicament.cat\/restaurant-miceli\">restaurant Miceli (Selva)<\/a><br \/>\nResponsable d&#8217;alimentaci\u00f3 i restauraci\u00f3 d&#8217;Amadip.Esment\u00a0durant 11 anys<\/p>\n<p><strong><br \/>\nPrograma i men\u00fa<\/strong>:<br \/>\nCuina i tast d&#8217;un menu complet en el qual els bolets tendran el protagonisme.<br \/>\nParlarem de la cocci\u00f3 dels bolets i de com els podem combinar.<\/p>\n<ul>\n<li>Crema de xampinyons amb oli de t\u00f2fones i cruixent de panxeta fumada<\/li>\n<li>Croquetes de bolets<\/li>\n<li>Peix gratinat amb verdures de salsa mallorquina i picornells<\/li>\n<li>P\u00fadin de formatge amb camagrocs i confitura d&#8217;albercocs<\/li>\n<\/ul>\n<p>Maridat amb vins Jaume de Puntir\u00f3, per Pere Calafat.<\/p>\n<p><strong>Data<\/strong>: Dimarts, 3 de desembre de 2013, a les 19.30 hores<br \/>\n<strong>Lloc<\/strong>:\u00a0<a title=\"Can Alcover\" href=\"https:\/\/maps.google.cat\/maps?q=Can+Alcover+(carrer+de+Sant+Alonso,+24.+Palma)&amp;hl=ca&amp;sll=39.592086,2.853395&amp;sspn=0.655058,1.352692&amp;hq=Can+Alcover&amp;t=m&amp;z=10\">Can Alcover Caf\u00e8 Literari. Carrer de Sant Alonso, 24. Palma<\/a><br \/>\n<strong>Preu<\/strong>: 20 euros \/ socis OCB 15 euros.\u00a0<a href=\"#inscripcions\">Apunta-m&#8217;hi<br \/>\n<\/a>M\u00ednim: 10 persones<\/p>\n<p><a name=\"inscripcions\"><\/a><\/p>\n<h4>Inscripcions<\/h4>\n<p>T&#8217;hi pots inscriure fins al 28 de novembre al formulari de m\u00e9s avall.<\/p>\n<p>El <strong>pagament<\/strong> s&#8217;ha de fer a:\u00a0Can Alcover Caf\u00e8 Literari (<a title=\"Can Alcover\" href=\"https:\/\/maps.google.cat\/maps?q=Can+Alcover+carrer+de+Sant+Alonso,+24.+Palma)&amp;hl=ca&amp;sll=39.592086,2.853395&amp;sspn=0.655058,1.352692&amp;hq=Can+Alcover&amp;t=m&amp;z=10\">(carrer de Sant Alonso, 24. Palma<\/a>) <strong>abans del 28 de novembre<\/strong>. Horari: de dilluns a divendres, de 10 a 21 hores.<\/p>\n<h4>Formulari<\/h4>\n<p>\n<div class=\"wpcf7 no-js\" id=\"wpcf7-f9240-o1\" lang=\"\" dir=\"ltr\" data-wpcf7-id=\"9240\">\n<div class=\"screen-reader-response\"><p role=\"status\" aria-live=\"polite\" aria-atomic=\"true\"><\/p> <ul><\/ul><\/div>\n<form action=\"\/es\/wp-json\/wp\/v2\/posts\/72345#wpcf7-f9240-o1\" method=\"post\" class=\"wpcf7-form init\" aria-label=\"Formulario de contacto\" novalidate=\"novalidate\" data-status=\"init\">\n<fieldset class=\"hidden-fields-container\"><input type=\"hidden\" name=\"_wpcf7\" value=\"9240\" \/><input type=\"hidden\" name=\"_wpcf7_version\" value=\"6.1.5\" \/><input type=\"hidden\" name=\"_wpcf7_locale\" value=\"\" \/><input type=\"hidden\" name=\"_wpcf7_unit_tag\" value=\"wpcf7-f9240-o1\" \/><input type=\"hidden\" name=\"_wpcf7_container_post\" value=\"0\" \/><input type=\"hidden\" name=\"_wpcf7_posted_data_hash\" value=\"\" \/><input type=\"hidden\" name=\"_wpcf7_recaptcha_response\" value=\"\" \/>\n<\/fieldset>\n<p>El vostre nom (obligatori):    \n<span class=\"wpcf7-form-control-wrap\" data-name=\"your-name\"><input size=\"40\" maxlength=\"400\" class=\"wpcf7-form-control wpcf7-text wpcf7-validates-as-required\" aria-required=\"true\" aria-invalid=\"false\" value=\"\" type=\"text\" name=\"your-name\" \/><\/span> <\/p>\n<p>El vostre email (obligatori):   \n <span class=\"wpcf7-form-control-wrap\" data-name=\"your-email\"><input size=\"40\" maxlength=\"400\" class=\"wpcf7-form-control wpcf7-email wpcf7-validates-as-required wpcf7-text wpcf7-validates-as-email\" aria-required=\"true\" aria-invalid=\"false\" value=\"\" type=\"email\" name=\"your-email\" \/><\/span> <\/p>\n<p>Modalitat del curs al qual voleu assistir: \n<span class=\"wpcf7-form-control-wrap\" data-name=\"curs\"><select class=\"wpcf7-form-control wpcf7-select wpcf7-validates-as-required\" aria-required=\"true\" aria-invalid=\"false\" name=\"curs\"><option value=\"\">&#8212;Por favor, elige una opci\u00f3n&#8212;<\/option><option value=\"Nom\u00e9s sortida. 15 euros (socis OCB: 10 euros)\">Nom\u00e9s sortida. 15 euros (socis OCB: 10 euros)<\/option><option value=\"Nom\u00e9s Show Cooking. 20 euros (socis OCB: 15 euros)\">Nom\u00e9s Show Cooking. 20 euros (socis OCB: 15 euros)<\/option><option value=\"Sortida i Show Cooking. 35 euros (socis OCB: 25 euros)\">Sortida i Show Cooking. 35 euros (socis OCB: 25 euros)<\/option><\/select><\/span><\/p>\n<p>Si vols deixar algun comentari    \n<span class=\"wpcf7-form-control-wrap\" data-name=\"your-message\"><textarea cols=\"80\" rows=\"4\" maxlength=\"2000\" class=\"wpcf7-form-control wpcf7-textarea\" aria-invalid=\"false\" name=\"your-message\"><\/textarea><\/span> <\/p>\n<p><strong>Advertencia:<\/strong> El plugin <a href=\"https:\/\/wordpress.org\/plugins\/really-simple-captcha\/\">Really Simple CAPTCHA<\/a> no est\u00e1 activo. Escriu les lletres (obligatori)\n<span class=\"wpcf7-form-control-wrap\" data-name=\"captcha-824\"><input size=\"40\" class=\"wpcf7-form-control wpcf7-captchar\" autocomplete=\"off\" aria-invalid=\"false\" value=\"\" type=\"text\" name=\"captcha-824\" \/><\/span>\n<\/p>\n<p><\/p>\n<!-- BUTLLETI NO OBLIGATORI I POLITICA SI -->\n<p> <span class=\"wpcf7-form-control-wrap\" data-name=\"subscribe\"><span class=\"wpcf7-form-control wpcf7-checkbox\"><span class=\"wpcf7-list-item first last\"><input type=\"checkbox\" name=\"subscribe[]\" value=\"Vull rebre el butllet\u00ed setmanal de Gastron\u00f2micament\" \/><span class=\"wpcf7-list-item-label\">Vull rebre el butllet\u00ed setmanal de Gastron\u00f2micament<\/span><\/span><\/span><\/span><\/p>\n<p> <span class=\"wpcf7-form-control-wrap\" data-name=\"accept-register\"><span class=\"wpcf7-form-control wpcf7-acceptance\"><span class=\"wpcf7-list-item\"><input type=\"checkbox\" name=\"accept-register\" value=\"1\" aria-invalid=\"false\" \/><\/span><\/span><\/span> He llegit i accepto la <a href=\"https:\/\/web2025.gastronomicament.cat\/privacitat\" target=\"_blank\">pol\u00edtica de privacitat<\/a><\/p>\n<p><input class=\"wpcf7-form-control wpcf7-submit has-spinner\" type=\"submit\" value=\"Envia\" \/><\/p><div class=\"wpcf7-response-output\" aria-hidden=\"true\"><\/div>\n<\/form>\n<\/div>\n<!--more--><\/p>\n","protected":false},"excerpt":{"rendered":"<p>Us animam a con\u00e8ixer els bolets, a identificar-los, a cercar-los i, tamb\u00e9, a cuinar-los amb &#8216;Bolets,&hellip;<\/p>\n","protected":false},"author":1,"featured_media":37250,"comment_status":"open","ping_status":"closed","sticky":false,"template":"","format":"standard","meta":{"_acf_changed":false,"_swt_meta_header_display":false,"_swt_meta_footer_display":false,"_swt_meta_site_title_display":false,"_swt_meta_sticky_header":false,"_swt_meta_transparent_header":false,"footnotes":""},"categories":[1003,1486],"tags":[],"coauthors":[],"class_list":["post-72345","post","type-post","status-publish","format-standard","has-post-thumbnail","hentry","category-actualitat-es","category-cursos-i-tallers-es"],"acf":{"gallery":null,"home_date":{"home_begin_date":null,"home_end_date":null}},"yoast_head":"<!-- This site is optimized with the Yoast SEO plugin v27.2 - https:\/\/yoast.com\/product\/yoast-seo-wordpress\/ -->\n<title>Curs i taller de cuina. Bolets: del bosc a la cuina<\/title>\n<meta name=\"description\" content=\"Curs i taller de cuina. Bolets: del bosc a la cuina \/ Curso y taller de cocina. Setas: del bosque a la cocina\" \/>\n<meta name=\"robots\" content=\"index, follow, max-snippet:-1, max-image-preview:large, max-video-preview:-1\" \/>\n<link rel=\"canonical\" href=\"https:\/\/web2025.gastronomicament.cat\/ca\/bolets-del-bosc-a-la-cuina\" \/>\n<meta property=\"og:locale\" content=\"es_ES\" \/>\n<meta property=\"og:type\" content=\"article\" \/>\n<meta property=\"og:title\" content=\"Curs i taller de cuina. Bolets: del bosc a la cuina\" \/>\n<meta property=\"og:description\" content=\"Curs i taller de cuina. Bolets: del bosc a la cuina \/ Curso y taller de cocina. Setas: del bosque a la cocina\" \/>\n<meta property=\"og:url\" content=\"https:\/\/web2025.gastronomicament.cat\/ca\/bolets-del-bosc-a-la-cuina\" \/>\n<meta property=\"og:site_name\" content=\"Gastron\u00f2micament\" \/>\n<meta property=\"article:published_time\" content=\"2013-10-19T19:32:33+00:00\" \/>\n<meta property=\"og:image\" content=\"https:\/\/web2025.gastronomicament.cat\/wp-content\/uploads\/2013\/11\/bolets1.png\" \/>\n\t<meta property=\"og:image:width\" content=\"640\" \/>\n\t<meta property=\"og:image:height\" content=\"300\" \/>\n\t<meta property=\"og:image:type\" content=\"image\/png\" \/>\n<meta name=\"author\" content=\"Redacci\u00f3\" \/>\n<meta name=\"twitter:card\" content=\"summary_large_image\" \/>\n<meta name=\"twitter:creator\" content=\"@gastronomicamen\" \/>\n<meta name=\"twitter:site\" content=\"@gastronomicamen\" \/>\n<meta name=\"twitter:label1\" content=\"Escrito por\" \/>\n\t<meta name=\"twitter:data1\" content=\"Redacci\u00f3\" \/>\n\t<meta name=\"twitter:label2\" content=\"Tiempo de lectura\" \/>\n\t<meta name=\"twitter:data2\" content=\"2 minutos\" \/>\n\t<meta name=\"twitter:label3\" content=\"Written by\" \/>\n\t<meta name=\"twitter:data3\" content=\"Redacci\u00f3\" \/>\n<script type=\"application\/ld+json\" class=\"yoast-schema-graph\">{\"@context\":\"https:\/\/schema.org\",\"@graph\":[{\"@type\":\"Article\",\"@id\":\"https:\/\/web2025.gastronomicament.cat\/ca\/bolets-del-bosc-a-la-cuina#article\",\"isPartOf\":{\"@id\":\"https:\/\/web2025.gastronomicament.cat\/ca\/bolets-del-bosc-a-la-cuina\"},\"author\":{\"name\":\"Redacci\u00f3\",\"@id\":\"https:\/\/web2025.gastronomicament.cat\/es\/#\/schema\/person\/a7c85c537a1ed62799a5b8e0f686a37f\"},\"headline\":\"Bolets: del bosc a la cuina\",\"datePublished\":\"2013-10-19T19:32:33+00:00\",\"mainEntityOfPage\":{\"@id\":\"https:\/\/web2025.gastronomicament.cat\/ca\/bolets-del-bosc-a-la-cuina\"},\"wordCount\":351,\"commentCount\":0,\"publisher\":{\"@id\":\"https:\/\/web2025.gastronomicament.cat\/es\/#organization\"},\"image\":{\"@id\":\"https:\/\/web2025.gastronomicament.cat\/ca\/bolets-del-bosc-a-la-cuina#primaryimage\"},\"thumbnailUrl\":\"https:\/\/web2025.gastronomicament.cat\/wp-content\/uploads\/2013\/11\/bolets1.png\",\"articleSection\":[\"Actualitat\",\"Cursos i tallers\"],\"inLanguage\":\"es\",\"potentialAction\":[{\"@type\":\"CommentAction\",\"name\":\"Comment\",\"target\":[\"https:\/\/web2025.gastronomicament.cat\/ca\/bolets-del-bosc-a-la-cuina#respond\"]}]},{\"@type\":\"WebPage\",\"@id\":\"https:\/\/web2025.gastronomicament.cat\/ca\/bolets-del-bosc-a-la-cuina\",\"url\":\"https:\/\/web2025.gastronomicament.cat\/ca\/bolets-del-bosc-a-la-cuina\",\"name\":\"Curs i taller de cuina. Bolets: del bosc a la cuina\",\"isPartOf\":{\"@id\":\"https:\/\/web2025.gastronomicament.cat\/es\/#website\"},\"primaryImageOfPage\":{\"@id\":\"https:\/\/web2025.gastronomicament.cat\/ca\/bolets-del-bosc-a-la-cuina#primaryimage\"},\"image\":{\"@id\":\"https:\/\/web2025.gastronomicament.cat\/ca\/bolets-del-bosc-a-la-cuina#primaryimage\"},\"thumbnailUrl\":\"https:\/\/web2025.gastronomicament.cat\/wp-content\/uploads\/2013\/11\/bolets1.png\",\"datePublished\":\"2013-10-19T19:32:33+00:00\",\"description\":\"Curs i taller de cuina. Bolets: del bosc a la cuina \/ Curso y taller de cocina. Setas: del bosque a la cocina\",\"inLanguage\":\"es\",\"potentialAction\":[{\"@type\":\"ReadAction\",\"target\":[\"https:\/\/web2025.gastronomicament.cat\/ca\/bolets-del-bosc-a-la-cuina\"]}]},{\"@type\":\"ImageObject\",\"inLanguage\":\"es\",\"@id\":\"https:\/\/web2025.gastronomicament.cat\/ca\/bolets-del-bosc-a-la-cuina#primaryimage\",\"url\":\"https:\/\/web2025.gastronomicament.cat\/wp-content\/uploads\/2013\/11\/bolets1.png\",\"contentUrl\":\"https:\/\/web2025.gastronomicament.cat\/wp-content\/uploads\/2013\/11\/bolets1.png\",\"width\":640,\"height\":300},{\"@type\":\"WebSite\",\"@id\":\"https:\/\/web2025.gastronomicament.cat\/es\/#website\",\"url\":\"https:\/\/web2025.gastronomicament.cat\/es\/\",\"name\":\"Gastron\u00f2micament\",\"description\":\"Portal de restaurants, receptes i actualitat gastron\u00f2mica\",\"publisher\":{\"@id\":\"https:\/\/web2025.gastronomicament.cat\/es\/#organization\"},\"potentialAction\":[{\"@type\":\"SearchAction\",\"target\":{\"@type\":\"EntryPoint\",\"urlTemplate\":\"https:\/\/web2025.gastronomicament.cat\/es\/?s={search_term_string}\"},\"query-input\":{\"@type\":\"PropertyValueSpecification\",\"valueRequired\":true,\"valueName\":\"search_term_string\"}}],\"inLanguage\":\"es\"},{\"@type\":\"Organization\",\"@id\":\"https:\/\/web2025.gastronomicament.cat\/es\/#organization\",\"name\":\"Gastron\u00f2micament\",\"url\":\"https:\/\/web2025.gastronomicament.cat\/es\/\",\"logo\":{\"@type\":\"ImageObject\",\"inLanguage\":\"es\",\"@id\":\"https:\/\/web2025.gastronomicament.cat\/es\/#\/schema\/logo\/image\/\",\"url\":\"https:\/\/web2025.gastronomicament.cat\/wp-content\/uploads\/2016\/09\/header-logo.jpg\",\"contentUrl\":\"https:\/\/web2025.gastronomicament.cat\/wp-content\/uploads\/2016\/09\/header-logo.jpg\",\"width\":277,\"height\":39,\"caption\":\"Gastron\u00f2micament\"},\"image\":{\"@id\":\"https:\/\/web2025.gastronomicament.cat\/es\/#\/schema\/logo\/image\/\"},\"sameAs\":[\"https:\/\/x.com\/gastronomicamen\"]},{\"@type\":\"Person\",\"@id\":\"https:\/\/web2025.gastronomicament.cat\/es\/#\/schema\/person\/a7c85c537a1ed62799a5b8e0f686a37f\",\"name\":\"Redacci\u00f3\",\"image\":{\"@type\":\"ImageObject\",\"inLanguage\":\"es\",\"@id\":\"https:\/\/secure.gravatar.com\/avatar\/9489a485c464fd611d33825daae651d13db70c4e74c65c94937a15a9d4c3ee14?s=96&d=mm&r=g69fea3cce3645dfa2166e7293e22955e\",\"url\":\"https:\/\/secure.gravatar.com\/avatar\/9489a485c464fd611d33825daae651d13db70c4e74c65c94937a15a9d4c3ee14?s=96&d=mm&r=g\",\"contentUrl\":\"https:\/\/secure.gravatar.com\/avatar\/9489a485c464fd611d33825daae651d13db70c4e74c65c94937a15a9d4c3ee14?s=96&d=mm&r=g\",\"caption\":\"Redacci\u00f3\"},\"sameAs\":[\"http:\/\/gastronomicament.cat\"],\"url\":\"https:\/\/web2025.gastronomicament.cat\/es\/author\/admin\"}]}<\/script>\n<!-- \/ Yoast SEO plugin. -->","yoast_head_json":{"title":"Curs i taller de cuina. Bolets: del bosc a la cuina","description":"Curs i taller de cuina. Bolets: del bosc a la cuina \/ Curso y taller de cocina. Setas: del bosque a la cocina","robots":{"index":"index","follow":"follow","max-snippet":"max-snippet:-1","max-image-preview":"max-image-preview:large","max-video-preview":"max-video-preview:-1"},"canonical":"https:\/\/web2025.gastronomicament.cat\/ca\/bolets-del-bosc-a-la-cuina","og_locale":"es_ES","og_type":"article","og_title":"Curs i taller de cuina. Bolets: del bosc a la cuina","og_description":"Curs i taller de cuina. Bolets: del bosc a la cuina \/ Curso y taller de cocina. Setas: del bosque a la cocina","og_url":"https:\/\/web2025.gastronomicament.cat\/ca\/bolets-del-bosc-a-la-cuina","og_site_name":"Gastron\u00f2micament","article_published_time":"2013-10-19T19:32:33+00:00","og_image":[{"width":640,"height":300,"url":"https:\/\/web2025.gastronomicament.cat\/wp-content\/uploads\/2013\/11\/bolets1.png","type":"image\/png"}],"author":"Redacci\u00f3","twitter_card":"summary_large_image","twitter_creator":"@gastronomicamen","twitter_site":"@gastronomicamen","twitter_misc":{"Escrito por":"Redacci\u00f3","Tiempo de lectura":"2 minutos","Written by":"Redacci\u00f3"},"schema":{"@context":"https:\/\/schema.org","@graph":[{"@type":"Article","@id":"https:\/\/web2025.gastronomicament.cat\/ca\/bolets-del-bosc-a-la-cuina#article","isPartOf":{"@id":"https:\/\/web2025.gastronomicament.cat\/ca\/bolets-del-bosc-a-la-cuina"},"author":{"name":"Redacci\u00f3","@id":"https:\/\/web2025.gastronomicament.cat\/es\/#\/schema\/person\/a7c85c537a1ed62799a5b8e0f686a37f"},"headline":"Bolets: del bosc a la cuina","datePublished":"2013-10-19T19:32:33+00:00","mainEntityOfPage":{"@id":"https:\/\/web2025.gastronomicament.cat\/ca\/bolets-del-bosc-a-la-cuina"},"wordCount":351,"commentCount":0,"publisher":{"@id":"https:\/\/web2025.gastronomicament.cat\/es\/#organization"},"image":{"@id":"https:\/\/web2025.gastronomicament.cat\/ca\/bolets-del-bosc-a-la-cuina#primaryimage"},"thumbnailUrl":"https:\/\/web2025.gastronomicament.cat\/wp-content\/uploads\/2013\/11\/bolets1.png","articleSection":["Actualitat","Cursos i tallers"],"inLanguage":"es","potentialAction":[{"@type":"CommentAction","name":"Comment","target":["https:\/\/web2025.gastronomicament.cat\/ca\/bolets-del-bosc-a-la-cuina#respond"]}]},{"@type":"WebPage","@id":"https:\/\/web2025.gastronomicament.cat\/ca\/bolets-del-bosc-a-la-cuina","url":"https:\/\/web2025.gastronomicament.cat\/ca\/bolets-del-bosc-a-la-cuina","name":"Curs i taller de cuina. Bolets: del bosc a la cuina","isPartOf":{"@id":"https:\/\/web2025.gastronomicament.cat\/es\/#website"},"primaryImageOfPage":{"@id":"https:\/\/web2025.gastronomicament.cat\/ca\/bolets-del-bosc-a-la-cuina#primaryimage"},"image":{"@id":"https:\/\/web2025.gastronomicament.cat\/ca\/bolets-del-bosc-a-la-cuina#primaryimage"},"thumbnailUrl":"https:\/\/web2025.gastronomicament.cat\/wp-content\/uploads\/2013\/11\/bolets1.png","datePublished":"2013-10-19T19:32:33+00:00","description":"Curs i taller de cuina. Bolets: del bosc a la cuina \/ Curso y taller de cocina. Setas: del bosque a la cocina","inLanguage":"es","potentialAction":[{"@type":"ReadAction","target":["https:\/\/web2025.gastronomicament.cat\/ca\/bolets-del-bosc-a-la-cuina"]}]},{"@type":"ImageObject","inLanguage":"es","@id":"https:\/\/web2025.gastronomicament.cat\/ca\/bolets-del-bosc-a-la-cuina#primaryimage","url":"https:\/\/web2025.gastronomicament.cat\/wp-content\/uploads\/2013\/11\/bolets1.png","contentUrl":"https:\/\/web2025.gastronomicament.cat\/wp-content\/uploads\/2013\/11\/bolets1.png","width":640,"height":300},{"@type":"WebSite","@id":"https:\/\/web2025.gastronomicament.cat\/es\/#website","url":"https:\/\/web2025.gastronomicament.cat\/es\/","name":"Gastron\u00f2micament","description":"Portal de restaurants, receptes i actualitat gastron\u00f2mica","publisher":{"@id":"https:\/\/web2025.gastronomicament.cat\/es\/#organization"},"potentialAction":[{"@type":"SearchAction","target":{"@type":"EntryPoint","urlTemplate":"https:\/\/web2025.gastronomicament.cat\/es\/?s={search_term_string}"},"query-input":{"@type":"PropertyValueSpecification","valueRequired":true,"valueName":"search_term_string"}}],"inLanguage":"es"},{"@type":"Organization","@id":"https:\/\/web2025.gastronomicament.cat\/es\/#organization","name":"Gastron\u00f2micament","url":"https:\/\/web2025.gastronomicament.cat\/es\/","logo":{"@type":"ImageObject","inLanguage":"es","@id":"https:\/\/web2025.gastronomicament.cat\/es\/#\/schema\/logo\/image\/","url":"https:\/\/web2025.gastronomicament.cat\/wp-content\/uploads\/2016\/09\/header-logo.jpg","contentUrl":"https:\/\/web2025.gastronomicament.cat\/wp-content\/uploads\/2016\/09\/header-logo.jpg","width":277,"height":39,"caption":"Gastron\u00f2micament"},"image":{"@id":"https:\/\/web2025.gastronomicament.cat\/es\/#\/schema\/logo\/image\/"},"sameAs":["https:\/\/x.com\/gastronomicamen"]},{"@type":"Person","@id":"https:\/\/web2025.gastronomicament.cat\/es\/#\/schema\/person\/a7c85c537a1ed62799a5b8e0f686a37f","name":"Redacci\u00f3","image":{"@type":"ImageObject","inLanguage":"es","@id":"https:\/\/secure.gravatar.com\/avatar\/9489a485c464fd611d33825daae651d13db70c4e74c65c94937a15a9d4c3ee14?s=96&d=mm&r=g69fea3cce3645dfa2166e7293e22955e","url":"https:\/\/secure.gravatar.com\/avatar\/9489a485c464fd611d33825daae651d13db70c4e74c65c94937a15a9d4c3ee14?s=96&d=mm&r=g","contentUrl":"https:\/\/secure.gravatar.com\/avatar\/9489a485c464fd611d33825daae651d13db70c4e74c65c94937a15a9d4c3ee14?s=96&d=mm&r=g","caption":"Redacci\u00f3"},"sameAs":["http:\/\/gastronomicament.cat"],"url":"https:\/\/web2025.gastronomicament.cat\/es\/author\/admin"}]}},"_links":{"self":[{"href":"https:\/\/web2025.gastronomicament.cat\/es\/wp-json\/wp\/v2\/posts\/72345","targetHints":{"allow":["GET"]}}],"collection":[{"href":"https:\/\/web2025.gastronomicament.cat\/es\/wp-json\/wp\/v2\/posts"}],"about":[{"href":"https:\/\/web2025.gastronomicament.cat\/es\/wp-json\/wp\/v2\/types\/post"}],"author":[{"embeddable":true,"href":"https:\/\/web2025.gastronomicament.cat\/es\/wp-json\/wp\/v2\/users\/1"}],"replies":[{"embeddable":true,"href":"https:\/\/web2025.gastronomicament.cat\/es\/wp-json\/wp\/v2\/comments?post=72345"}],"version-history":[{"count":0,"href":"https:\/\/web2025.gastronomicament.cat\/es\/wp-json\/wp\/v2\/posts\/72345\/revisions"}],"wp:featuredmedia":[{"embeddable":true,"href":"https:\/\/web2025.gastronomicament.cat\/es\/wp-json\/wp\/v2\/media\/37250"}],"wp:attachment":[{"href":"https:\/\/web2025.gastronomicament.cat\/es\/wp-json\/wp\/v2\/media?parent=72345"}],"wp:term":[{"taxonomy":"category","embeddable":true,"href":"https:\/\/web2025.gastronomicament.cat\/es\/wp-json\/wp\/v2\/categories?post=72345"},{"taxonomy":"post_tag","embeddable":true,"href":"https:\/\/web2025.gastronomicament.cat\/es\/wp-json\/wp\/v2\/tags?post=72345"},{"taxonomy":"author","embeddable":true,"href":"https:\/\/web2025.gastronomicament.cat\/es\/wp-json\/wp\/v2\/coauthors?post=72345"}],"curies":[{"name":"wp","href":"https:\/\/api.w.org\/{rel}","templated":true}]}}