{"id":66510,"date":"2018-12-04T16:27:59","date_gmt":"2018-12-04T15:27:59","guid":{"rendered":"https:\/\/gastronomicament.cat\/juve-camps-blanc-de-noirs-sor-de-suau-blanc-de-neu"},"modified":"2022-04-09T10:04:40","modified_gmt":"2022-04-09T08:04:40","slug":"juve-camps-blanc-de-noirs-sor-de-suau-blanc-de-neu","status":"publish","type":"post","link":"https:\/\/web2025.gastronomicament.cat\/es\/juve-camps-blanc-de-noirs-sor-de-suau-blanc-de-neu","title":{"rendered":"Juv\u00e9 &#038; Camps Blanc de Noirs &#8211; S&#8217;Or de Suau &#8211; Blanc de Neu"},"content":{"rendered":"<h4><strong>Juv\u00e9 &amp; Camps Blanc de Noirs<br \/>\n<\/strong><\/h4>\n<p><a href=\"https:\/\/web2025.gastronomicament.cat\/wp-content\/uploads\/2018\/12\/Juve-i-Camps-Blanc-de-Noirs.jpg\"><img loading=\"lazy\" decoding=\"async\" class=\"alignleft wp-image-23186 size-medium\" src=\"https:\/\/web2025.gastronomicament.cat\/wp-content\/uploads\/2018\/12\/Juve-i-Camps-Blanc-de-Noirs-300x300.jpg\" alt=\"\" width=\"300\" height=\"300\" srcset=\"https:\/\/web2025.gastronomicament.cat\/wp-content\/uploads\/2018\/12\/Juve-i-Camps-Blanc-de-Noirs-300x300.jpg 300w, https:\/\/web2025.gastronomicament.cat\/wp-content\/uploads\/2018\/12\/Juve-i-Camps-Blanc-de-Noirs-150x150.jpg 150w, https:\/\/web2025.gastronomicament.cat\/wp-content\/uploads\/2018\/12\/Juve-i-Camps-Blanc-de-Noirs-50x50.jpg 50w, https:\/\/web2025.gastronomicament.cat\/wp-content\/uploads\/2018\/12\/Juve-i-Camps-Blanc-de-Noirs-60x60.jpg 60w, https:\/\/web2025.gastronomicament.cat\/wp-content\/uploads\/2018\/12\/Juve-i-Camps-Blanc-de-Noirs.jpg 500w\" sizes=\"auto, (max-width: 300px) 100vw, 300px\" \/><\/a>La popular i destacada firma de cava del Pened\u00e8s, l\u00edder en l&#8217;elaboraci\u00f3 de Cava Gran Reserva, presenta el Blanc de Noirs, elaborat a partir dela millor selecci\u00f3 de la varietat Pinot Noir. Es un cava que ha reposat 25 mesos sobre sediments. Hi trobareu notes cl\u00e0ssiques de fruites blanques i d&#8217;os, de pa torrat, de c\u00edtrics i de cirera. En boca \u00e9s fresc i intens, untu\u00f3s i persistent. Preu: 28,54 euros.<\/p>\n<p>&nbsp;<\/p>\n<p>&nbsp;<\/p>\n<p>&nbsp;<\/p>\n<p>&nbsp;<\/p>\n<h4><b>S&#8217;Or de Suau\u00a0<\/b><\/h4>\n<p><a href=\"https:\/\/web2025.gastronomicament.cat\/wp-content\/uploads\/2018\/12\/s-Or-de-Suau.jpg\"><img loading=\"lazy\" decoding=\"async\" class=\"alignleft wp-image-23187 size-medium\" src=\"https:\/\/web2025.gastronomicament.cat\/wp-content\/uploads\/2018\/12\/s-Or-de-Suau-300x300.jpg\" alt=\"\" width=\"300\" height=\"300\" srcset=\"https:\/\/web2025.gastronomicament.cat\/wp-content\/uploads\/2018\/12\/s-Or-de-Suau-300x300.jpg 300w, https:\/\/web2025.gastronomicament.cat\/wp-content\/uploads\/2018\/12\/s-Or-de-Suau-150x150.jpg 150w, https:\/\/web2025.gastronomicament.cat\/wp-content\/uploads\/2018\/12\/s-Or-de-Suau-50x50.jpg 50w, https:\/\/web2025.gastronomicament.cat\/wp-content\/uploads\/2018\/12\/s-Or-de-Suau-60x60.jpg 60w, https:\/\/web2025.gastronomicament.cat\/wp-content\/uploads\/2018\/12\/s-Or-de-Suau.jpg 368w\" sizes=\"auto, (max-width: 300px) 100vw, 300px\" \/><\/a><\/p>\n<p>Aquest \u00e9s el brandi m\u00e9s exclusiu de Bodegas Suau. El celler es va fundar al segle XIX, concretament l&#8217;any 1851, pel capit\u00e0 Joan Suau, que per amor va deixar la fabricaci\u00f3 i venda de rom i an\u00eds a Cuba per fer els destil\u00b7lats a la seva terra natal, Mallorca. Segons explica la propietat actual, la familia Mora, per elaborar S&#8217;Or de Suau, l&#8217;any 1967 varen posar en botes el brandi Suau 50 i l&#8217;hi varen deixar reposar fins l&#8217;any 2016. En aquest any, el varen moure a botes de Xer\u00e8s (sherry). Es presenta en una botella de vidre bufat, artesanal, fabricada pels mestres vidriers de can Gordiola (Mallorca) i en un estoig dissenyat especiament per a l&#8217;ocasi\u00f3 per part de La Letrer\u00eda. Preu: 1.630 euros<\/p>\n<p>&nbsp;<\/p>\n<p>&nbsp;<\/p>\n<h4><b>Blanc de Neu\u00a0<\/b><\/h4>\n<p><a href=\"https:\/\/web2025.gastronomicament.cat\/wp-content\/uploads\/2018\/12\/AA-BLANC-DE-NEU.jpg\"><img loading=\"lazy\" decoding=\"async\" class=\"alignleft wp-image-23188 size-medium\" src=\"https:\/\/web2025.gastronomicament.cat\/wp-content\/uploads\/2018\/12\/AA-BLANC-DE-NEU-300x300.jpg\" alt=\"\" width=\"300\" height=\"300\" srcset=\"https:\/\/web2025.gastronomicament.cat\/wp-content\/uploads\/2018\/12\/AA-BLANC-DE-NEU-300x300.jpg 300w, https:\/\/web2025.gastronomicament.cat\/wp-content\/uploads\/2018\/12\/AA-BLANC-DE-NEU-150x150.jpg 150w, https:\/\/web2025.gastronomicament.cat\/wp-content\/uploads\/2018\/12\/AA-BLANC-DE-NEU-50x50.jpg 50w, https:\/\/web2025.gastronomicament.cat\/wp-content\/uploads\/2018\/12\/AA-BLANC-DE-NEU-60x60.jpg 60w, https:\/\/web2025.gastronomicament.cat\/wp-content\/uploads\/2018\/12\/AA-BLANC-DE-NEU.jpg 500w\" sizes=\"auto, (max-width: 300px) 100vw, 300px\" \/><\/a><\/p>\n<p>Aquest vi dol\u00e7 ecol\u00f2gic est\u00e0 elaborat pel celler Alta Alella (AA). \u00c9s un monovarietal de Pansa Blanca, tamb\u00e9 anomenada Xarel\u00b7lo, de la denominaci\u00f3 d&#8217;origen Alella, que ha reposat en fusta durant 4 mesos. En nas, hi notareu aromes de melicot\u00f3 en alm\u00edvar i de pera. \u00c9s un vi equilibrat tant des de la dol\u00e7or com des de l&#8217;acidesa de la fruita. Preu: 14,5 euros.<\/p>\n<p>&nbsp;<\/p>\n","protected":false},"excerpt":{"rendered":"<p>Vin\u00edcola, la secci\u00f3 de vins i licors de Gastron\u00f2micament us ofereix una tria seleccionada de les&hellip;<\/p>\n","protected":false},"author":1,"featured_media":41394,"comment_status":"open","ping_status":"closed","sticky":false,"template":"","format":"standard","meta":{"_acf_changed":false,"_swt_meta_header_display":false,"_swt_meta_footer_display":false,"_swt_meta_site_title_display":false,"_swt_meta_sticky_header":false,"_swt_meta_transparent_header":false,"footnotes":""},"categories":[1003,1514],"tags":[],"coauthors":[],"class_list":["post-66510","post","type-post","status-publish","format-standard","has-post-thumbnail","hentry","category-actualitat-es","category-vinicola-actualitat-es"],"acf":{"gallery":null,"home_date":{"home_begin_date":null,"home_end_date":null}},"yoast_head":"<!-- This site is optimized with the Yoast SEO plugin v27.2 - https:\/\/yoast.com\/product\/yoast-seo-wordpress\/ -->\n<title>Juv\u00e9 &amp; Camps Blanc de Noirs - S&#039;Or de Suau - Blanc de Neu - Gastron\u00f2micament<\/title>\n<meta name=\"description\" content=\"Juv\u00e9 &amp; Camps Blanc de Noirs - S&#039;Or de Suau - Blanc de Neu Actualitat, Vin\u00edcola Vin\u00edcola, la secci\u00f3 de vins i licors de Gastron\u00f2micament us ofereix una tria seleccionada de les novetats i propotes m\u00e9s destacades de l&#039;actualitat.\" \/>\n<meta name=\"robots\" content=\"index, follow, max-snippet:-1, max-image-preview:large, max-video-preview:-1\" \/>\n<link rel=\"canonical\" href=\"https:\/\/web2025.gastronomicament.cat\/ca\/juve-camps-blanc-de-noirs-sor-de-suau-blanc-de-neu\" \/>\n<meta property=\"og:locale\" content=\"es_ES\" \/>\n<meta property=\"og:type\" content=\"article\" \/>\n<meta property=\"og:title\" content=\"Juv\u00e9 &amp; Camps Blanc de Noirs - S&#039;Or de Suau - Blanc de Neu - Gastron\u00f2micament\" \/>\n<meta property=\"og:description\" content=\"Juv\u00e9 &amp; Camps Blanc de Noirs - S&#039;Or de Suau - Blanc de Neu Actualitat, Vin\u00edcola Vin\u00edcola, la secci\u00f3 de vins i licors de Gastron\u00f2micament us ofereix una tria seleccionada de les novetats i propotes m\u00e9s destacades de l&#039;actualitat.\" \/>\n<meta property=\"og:url\" content=\"https:\/\/web2025.gastronomicament.cat\/ca\/juve-camps-blanc-de-noirs-sor-de-suau-blanc-de-neu\" \/>\n<meta property=\"og:site_name\" content=\"Gastron\u00f2micament\" \/>\n<meta property=\"article:published_time\" content=\"2018-12-04T15:27:59+00:00\" \/>\n<meta property=\"article:modified_time\" content=\"2022-04-09T08:04:40+00:00\" \/>\n<meta property=\"og:image\" content=\"https:\/\/web2025.gastronomicament.cat\/wp-content\/uploads\/2018\/12\/vinicola-desembre-2018.jpg\" \/>\n\t<meta property=\"og:image:width\" content=\"850\" \/>\n\t<meta property=\"og:image:height\" content=\"400\" \/>\n\t<meta property=\"og:image:type\" content=\"image\/jpeg\" \/>\n<meta name=\"author\" content=\"Redacci\u00f3\" \/>\n<meta name=\"twitter:card\" content=\"summary_large_image\" \/>\n<meta name=\"twitter:creator\" content=\"@gastronomicamen\" \/>\n<meta name=\"twitter:site\" content=\"@gastronomicamen\" \/>\n<meta name=\"twitter:label1\" content=\"Escrito por\" \/>\n\t<meta name=\"twitter:data1\" content=\"Redacci\u00f3\" \/>\n\t<meta name=\"twitter:label2\" content=\"Tiempo de lectura\" \/>\n\t<meta name=\"twitter:data2\" content=\"1 minuto\" \/>\n\t<meta name=\"twitter:label3\" content=\"Written by\" \/>\n\t<meta name=\"twitter:data3\" content=\"Redacci\u00f3\" \/>\n<script type=\"application\/ld+json\" class=\"yoast-schema-graph\">{\"@context\":\"https:\/\/schema.org\",\"@graph\":[{\"@type\":\"Article\",\"@id\":\"https:\/\/web2025.gastronomicament.cat\/ca\/juve-camps-blanc-de-noirs-sor-de-suau-blanc-de-neu#article\",\"isPartOf\":{\"@id\":\"https:\/\/web2025.gastronomicament.cat\/ca\/juve-camps-blanc-de-noirs-sor-de-suau-blanc-de-neu\"},\"author\":{\"name\":\"Redacci\u00f3\",\"@id\":\"https:\/\/web2025.gastronomicament.cat\/es\/#\/schema\/person\/a7c85c537a1ed62799a5b8e0f686a37f\"},\"headline\":\"Juv\u00e9 &#038; Camps Blanc de Noirs &#8211; S&#8217;Or de Suau &#8211; Blanc de Neu\",\"datePublished\":\"2018-12-04T15:27:59+00:00\",\"dateModified\":\"2022-04-09T08:04:40+00:00\",\"mainEntityOfPage\":{\"@id\":\"https:\/\/web2025.gastronomicament.cat\/ca\/juve-camps-blanc-de-noirs-sor-de-suau-blanc-de-neu\"},\"wordCount\":297,\"commentCount\":0,\"publisher\":{\"@id\":\"https:\/\/web2025.gastronomicament.cat\/es\/#organization\"},\"image\":{\"@id\":\"https:\/\/web2025.gastronomicament.cat\/ca\/juve-camps-blanc-de-noirs-sor-de-suau-blanc-de-neu#primaryimage\"},\"thumbnailUrl\":\"https:\/\/web2025.gastronomicament.cat\/wp-content\/uploads\/2018\/12\/vinicola-desembre-2018.jpg\",\"articleSection\":[\"Actualitat\",\"Vin\u00edcola\"],\"inLanguage\":\"es\",\"potentialAction\":[{\"@type\":\"CommentAction\",\"name\":\"Comment\",\"target\":[\"https:\/\/web2025.gastronomicament.cat\/ca\/juve-camps-blanc-de-noirs-sor-de-suau-blanc-de-neu#respond\"]}]},{\"@type\":\"WebPage\",\"@id\":\"https:\/\/web2025.gastronomicament.cat\/ca\/juve-camps-blanc-de-noirs-sor-de-suau-blanc-de-neu\",\"url\":\"https:\/\/web2025.gastronomicament.cat\/ca\/juve-camps-blanc-de-noirs-sor-de-suau-blanc-de-neu\",\"name\":\"Juv\u00e9 & Camps Blanc de Noirs - S'Or de Suau - Blanc de Neu - Gastron\u00f2micament\",\"isPartOf\":{\"@id\":\"https:\/\/web2025.gastronomicament.cat\/es\/#website\"},\"primaryImageOfPage\":{\"@id\":\"https:\/\/web2025.gastronomicament.cat\/ca\/juve-camps-blanc-de-noirs-sor-de-suau-blanc-de-neu#primaryimage\"},\"image\":{\"@id\":\"https:\/\/web2025.gastronomicament.cat\/ca\/juve-camps-blanc-de-noirs-sor-de-suau-blanc-de-neu#primaryimage\"},\"thumbnailUrl\":\"https:\/\/web2025.gastronomicament.cat\/wp-content\/uploads\/2018\/12\/vinicola-desembre-2018.jpg\",\"datePublished\":\"2018-12-04T15:27:59+00:00\",\"dateModified\":\"2022-04-09T08:04:40+00:00\",\"description\":\"Juv\u00e9 & Camps Blanc de Noirs - S'Or de Suau - Blanc de Neu Actualitat, Vin\u00edcola Vin\u00edcola, la secci\u00f3 de vins i licors de Gastron\u00f2micament us ofereix una tria seleccionada de les novetats i propotes m\u00e9s destacades de l'actualitat.\",\"inLanguage\":\"es\",\"potentialAction\":[{\"@type\":\"ReadAction\",\"target\":[\"https:\/\/web2025.gastronomicament.cat\/ca\/juve-camps-blanc-de-noirs-sor-de-suau-blanc-de-neu\"]}]},{\"@type\":\"ImageObject\",\"inLanguage\":\"es\",\"@id\":\"https:\/\/web2025.gastronomicament.cat\/ca\/juve-camps-blanc-de-noirs-sor-de-suau-blanc-de-neu#primaryimage\",\"url\":\"https:\/\/web2025.gastronomicament.cat\/wp-content\/uploads\/2018\/12\/vinicola-desembre-2018.jpg\",\"contentUrl\":\"https:\/\/web2025.gastronomicament.cat\/wp-content\/uploads\/2018\/12\/vinicola-desembre-2018.jpg\",\"width\":850,\"height\":400},{\"@type\":\"WebSite\",\"@id\":\"https:\/\/web2025.gastronomicament.cat\/es\/#website\",\"url\":\"https:\/\/web2025.gastronomicament.cat\/es\/\",\"name\":\"Gastron\u00f2micament\",\"description\":\"Portal de restaurants, receptes i actualitat gastron\u00f2mica\",\"publisher\":{\"@id\":\"https:\/\/web2025.gastronomicament.cat\/es\/#organization\"},\"potentialAction\":[{\"@type\":\"SearchAction\",\"target\":{\"@type\":\"EntryPoint\",\"urlTemplate\":\"https:\/\/web2025.gastronomicament.cat\/es\/?s={search_term_string}\"},\"query-input\":{\"@type\":\"PropertyValueSpecification\",\"valueRequired\":true,\"valueName\":\"search_term_string\"}}],\"inLanguage\":\"es\"},{\"@type\":\"Organization\",\"@id\":\"https:\/\/web2025.gastronomicament.cat\/es\/#organization\",\"name\":\"Gastron\u00f2micament\",\"url\":\"https:\/\/web2025.gastronomicament.cat\/es\/\",\"logo\":{\"@type\":\"ImageObject\",\"inLanguage\":\"es\",\"@id\":\"https:\/\/web2025.gastronomicament.cat\/es\/#\/schema\/logo\/image\/\",\"url\":\"https:\/\/web2025.gastronomicament.cat\/wp-content\/uploads\/2016\/09\/header-logo.jpg\",\"contentUrl\":\"https:\/\/web2025.gastronomicament.cat\/wp-content\/uploads\/2016\/09\/header-logo.jpg\",\"width\":277,\"height\":39,\"caption\":\"Gastron\u00f2micament\"},\"image\":{\"@id\":\"https:\/\/web2025.gastronomicament.cat\/es\/#\/schema\/logo\/image\/\"},\"sameAs\":[\"https:\/\/x.com\/gastronomicamen\"]},{\"@type\":\"Person\",\"@id\":\"https:\/\/web2025.gastronomicament.cat\/es\/#\/schema\/person\/a7c85c537a1ed62799a5b8e0f686a37f\",\"name\":\"Redacci\u00f3\",\"image\":{\"@type\":\"ImageObject\",\"inLanguage\":\"es\",\"@id\":\"https:\/\/secure.gravatar.com\/avatar\/9489a485c464fd611d33825daae651d13db70c4e74c65c94937a15a9d4c3ee14?s=96&d=mm&r=g69fea3cce3645dfa2166e7293e22955e\",\"url\":\"https:\/\/secure.gravatar.com\/avatar\/9489a485c464fd611d33825daae651d13db70c4e74c65c94937a15a9d4c3ee14?s=96&d=mm&r=g\",\"contentUrl\":\"https:\/\/secure.gravatar.com\/avatar\/9489a485c464fd611d33825daae651d13db70c4e74c65c94937a15a9d4c3ee14?s=96&d=mm&r=g\",\"caption\":\"Redacci\u00f3\"},\"sameAs\":[\"http:\/\/gastronomicament.cat\"],\"url\":\"https:\/\/web2025.gastronomicament.cat\/es\/author\/admin\"}]}<\/script>\n<!-- \/ Yoast SEO plugin. -->","yoast_head_json":{"title":"Juv\u00e9 & Camps Blanc de Noirs - S'Or de Suau - Blanc de Neu - Gastron\u00f2micament","description":"Juv\u00e9 & Camps Blanc de Noirs - S'Or de Suau - Blanc de Neu Actualitat, Vin\u00edcola Vin\u00edcola, la secci\u00f3 de vins i licors de Gastron\u00f2micament us ofereix una tria seleccionada de les novetats i propotes m\u00e9s destacades de l'actualitat.","robots":{"index":"index","follow":"follow","max-snippet":"max-snippet:-1","max-image-preview":"max-image-preview:large","max-video-preview":"max-video-preview:-1"},"canonical":"https:\/\/web2025.gastronomicament.cat\/ca\/juve-camps-blanc-de-noirs-sor-de-suau-blanc-de-neu","og_locale":"es_ES","og_type":"article","og_title":"Juv\u00e9 & Camps Blanc de Noirs - S'Or de Suau - Blanc de Neu - Gastron\u00f2micament","og_description":"Juv\u00e9 & Camps Blanc de Noirs - S'Or de Suau - Blanc de Neu Actualitat, Vin\u00edcola Vin\u00edcola, la secci\u00f3 de vins i licors de Gastron\u00f2micament us ofereix una tria seleccionada de les novetats i propotes m\u00e9s destacades de l'actualitat.","og_url":"https:\/\/web2025.gastronomicament.cat\/ca\/juve-camps-blanc-de-noirs-sor-de-suau-blanc-de-neu","og_site_name":"Gastron\u00f2micament","article_published_time":"2018-12-04T15:27:59+00:00","article_modified_time":"2022-04-09T08:04:40+00:00","og_image":[{"width":850,"height":400,"url":"https:\/\/web2025.gastronomicament.cat\/wp-content\/uploads\/2018\/12\/vinicola-desembre-2018.jpg","type":"image\/jpeg"}],"author":"Redacci\u00f3","twitter_card":"summary_large_image","twitter_creator":"@gastronomicamen","twitter_site":"@gastronomicamen","twitter_misc":{"Escrito por":"Redacci\u00f3","Tiempo de lectura":"1 minuto","Written by":"Redacci\u00f3"},"schema":{"@context":"https:\/\/schema.org","@graph":[{"@type":"Article","@id":"https:\/\/web2025.gastronomicament.cat\/ca\/juve-camps-blanc-de-noirs-sor-de-suau-blanc-de-neu#article","isPartOf":{"@id":"https:\/\/web2025.gastronomicament.cat\/ca\/juve-camps-blanc-de-noirs-sor-de-suau-blanc-de-neu"},"author":{"name":"Redacci\u00f3","@id":"https:\/\/web2025.gastronomicament.cat\/es\/#\/schema\/person\/a7c85c537a1ed62799a5b8e0f686a37f"},"headline":"Juv\u00e9 &#038; Camps Blanc de Noirs &#8211; S&#8217;Or de Suau &#8211; Blanc de Neu","datePublished":"2018-12-04T15:27:59+00:00","dateModified":"2022-04-09T08:04:40+00:00","mainEntityOfPage":{"@id":"https:\/\/web2025.gastronomicament.cat\/ca\/juve-camps-blanc-de-noirs-sor-de-suau-blanc-de-neu"},"wordCount":297,"commentCount":0,"publisher":{"@id":"https:\/\/web2025.gastronomicament.cat\/es\/#organization"},"image":{"@id":"https:\/\/web2025.gastronomicament.cat\/ca\/juve-camps-blanc-de-noirs-sor-de-suau-blanc-de-neu#primaryimage"},"thumbnailUrl":"https:\/\/web2025.gastronomicament.cat\/wp-content\/uploads\/2018\/12\/vinicola-desembre-2018.jpg","articleSection":["Actualitat","Vin\u00edcola"],"inLanguage":"es","potentialAction":[{"@type":"CommentAction","name":"Comment","target":["https:\/\/web2025.gastronomicament.cat\/ca\/juve-camps-blanc-de-noirs-sor-de-suau-blanc-de-neu#respond"]}]},{"@type":"WebPage","@id":"https:\/\/web2025.gastronomicament.cat\/ca\/juve-camps-blanc-de-noirs-sor-de-suau-blanc-de-neu","url":"https:\/\/web2025.gastronomicament.cat\/ca\/juve-camps-blanc-de-noirs-sor-de-suau-blanc-de-neu","name":"Juv\u00e9 & Camps Blanc de Noirs - S'Or de Suau - Blanc de Neu - Gastron\u00f2micament","isPartOf":{"@id":"https:\/\/web2025.gastronomicament.cat\/es\/#website"},"primaryImageOfPage":{"@id":"https:\/\/web2025.gastronomicament.cat\/ca\/juve-camps-blanc-de-noirs-sor-de-suau-blanc-de-neu#primaryimage"},"image":{"@id":"https:\/\/web2025.gastronomicament.cat\/ca\/juve-camps-blanc-de-noirs-sor-de-suau-blanc-de-neu#primaryimage"},"thumbnailUrl":"https:\/\/web2025.gastronomicament.cat\/wp-content\/uploads\/2018\/12\/vinicola-desembre-2018.jpg","datePublished":"2018-12-04T15:27:59+00:00","dateModified":"2022-04-09T08:04:40+00:00","description":"Juv\u00e9 & Camps Blanc de Noirs - S'Or de Suau - Blanc de Neu Actualitat, Vin\u00edcola Vin\u00edcola, la secci\u00f3 de vins i licors de Gastron\u00f2micament us ofereix una tria seleccionada de les novetats i propotes m\u00e9s destacades de l'actualitat.","inLanguage":"es","potentialAction":[{"@type":"ReadAction","target":["https:\/\/web2025.gastronomicament.cat\/ca\/juve-camps-blanc-de-noirs-sor-de-suau-blanc-de-neu"]}]},{"@type":"ImageObject","inLanguage":"es","@id":"https:\/\/web2025.gastronomicament.cat\/ca\/juve-camps-blanc-de-noirs-sor-de-suau-blanc-de-neu#primaryimage","url":"https:\/\/web2025.gastronomicament.cat\/wp-content\/uploads\/2018\/12\/vinicola-desembre-2018.jpg","contentUrl":"https:\/\/web2025.gastronomicament.cat\/wp-content\/uploads\/2018\/12\/vinicola-desembre-2018.jpg","width":850,"height":400},{"@type":"WebSite","@id":"https:\/\/web2025.gastronomicament.cat\/es\/#website","url":"https:\/\/web2025.gastronomicament.cat\/es\/","name":"Gastron\u00f2micament","description":"Portal de restaurants, receptes i actualitat gastron\u00f2mica","publisher":{"@id":"https:\/\/web2025.gastronomicament.cat\/es\/#organization"},"potentialAction":[{"@type":"SearchAction","target":{"@type":"EntryPoint","urlTemplate":"https:\/\/web2025.gastronomicament.cat\/es\/?s={search_term_string}"},"query-input":{"@type":"PropertyValueSpecification","valueRequired":true,"valueName":"search_term_string"}}],"inLanguage":"es"},{"@type":"Organization","@id":"https:\/\/web2025.gastronomicament.cat\/es\/#organization","name":"Gastron\u00f2micament","url":"https:\/\/web2025.gastronomicament.cat\/es\/","logo":{"@type":"ImageObject","inLanguage":"es","@id":"https:\/\/web2025.gastronomicament.cat\/es\/#\/schema\/logo\/image\/","url":"https:\/\/web2025.gastronomicament.cat\/wp-content\/uploads\/2016\/09\/header-logo.jpg","contentUrl":"https:\/\/web2025.gastronomicament.cat\/wp-content\/uploads\/2016\/09\/header-logo.jpg","width":277,"height":39,"caption":"Gastron\u00f2micament"},"image":{"@id":"https:\/\/web2025.gastronomicament.cat\/es\/#\/schema\/logo\/image\/"},"sameAs":["https:\/\/x.com\/gastronomicamen"]},{"@type":"Person","@id":"https:\/\/web2025.gastronomicament.cat\/es\/#\/schema\/person\/a7c85c537a1ed62799a5b8e0f686a37f","name":"Redacci\u00f3","image":{"@type":"ImageObject","inLanguage":"es","@id":"https:\/\/secure.gravatar.com\/avatar\/9489a485c464fd611d33825daae651d13db70c4e74c65c94937a15a9d4c3ee14?s=96&d=mm&r=g69fea3cce3645dfa2166e7293e22955e","url":"https:\/\/secure.gravatar.com\/avatar\/9489a485c464fd611d33825daae651d13db70c4e74c65c94937a15a9d4c3ee14?s=96&d=mm&r=g","contentUrl":"https:\/\/secure.gravatar.com\/avatar\/9489a485c464fd611d33825daae651d13db70c4e74c65c94937a15a9d4c3ee14?s=96&d=mm&r=g","caption":"Redacci\u00f3"},"sameAs":["http:\/\/gastronomicament.cat"],"url":"https:\/\/web2025.gastronomicament.cat\/es\/author\/admin"}]}},"_links":{"self":[{"href":"https:\/\/web2025.gastronomicament.cat\/es\/wp-json\/wp\/v2\/posts\/66510","targetHints":{"allow":["GET"]}}],"collection":[{"href":"https:\/\/web2025.gastronomicament.cat\/es\/wp-json\/wp\/v2\/posts"}],"about":[{"href":"https:\/\/web2025.gastronomicament.cat\/es\/wp-json\/wp\/v2\/types\/post"}],"author":[{"embeddable":true,"href":"https:\/\/web2025.gastronomicament.cat\/es\/wp-json\/wp\/v2\/users\/1"}],"replies":[{"embeddable":true,"href":"https:\/\/web2025.gastronomicament.cat\/es\/wp-json\/wp\/v2\/comments?post=66510"}],"version-history":[{"count":0,"href":"https:\/\/web2025.gastronomicament.cat\/es\/wp-json\/wp\/v2\/posts\/66510\/revisions"}],"wp:featuredmedia":[{"embeddable":true,"href":"https:\/\/web2025.gastronomicament.cat\/es\/wp-json\/wp\/v2\/media\/41394"}],"wp:attachment":[{"href":"https:\/\/web2025.gastronomicament.cat\/es\/wp-json\/wp\/v2\/media?parent=66510"}],"wp:term":[{"taxonomy":"category","embeddable":true,"href":"https:\/\/web2025.gastronomicament.cat\/es\/wp-json\/wp\/v2\/categories?post=66510"},{"taxonomy":"post_tag","embeddable":true,"href":"https:\/\/web2025.gastronomicament.cat\/es\/wp-json\/wp\/v2\/tags?post=66510"},{"taxonomy":"author","embeddable":true,"href":"https:\/\/web2025.gastronomicament.cat\/es\/wp-json\/wp\/v2\/coauthors?post=66510"}],"curies":[{"name":"wp","href":"https:\/\/api.w.org\/{rel}","templated":true}]}}