{"id":65734,"date":"2019-02-28T09:11:23","date_gmt":"2019-02-28T08:11:23","guid":{"rendered":"https:\/\/gastronomicament.cat\/albert-mena-i-alejandro-gomez-guanyen-el-certamen-de-verdures-oli-de-mallorca"},"modified":"2022-04-09T10:01:27","modified_gmt":"2022-04-09T08:01:27","slug":"albert-mena-i-alejandro-gomez-guanyen-el-certamen-de-verdures-oli-de-mallorca","status":"publish","type":"post","link":"https:\/\/web2025.gastronomicament.cat\/es\/albert-mena-i-alejandro-gomez-guanyen-el-certamen-de-verdures-oli-de-mallorca","title":{"rendered":"Albert Mena i Alejandro G\u00f3mez guanyen el Certamen de Verdures Oli de Mallorca"},"content":{"rendered":"<blockquote><p><em>La tercera edici\u00f3 s&#8217;ha celebrat a l&#8217;Escola d&#8217;Hoteleria de les Illes Balears<\/em><\/p><\/blockquote>\n<p>Els alumnes de l&#8217;IES Calvi\u00e0 (Mallorca),\u00a0<strong>Albert Mena<\/strong>\u00a0i\u00a0<strong>Alejandro G\u00f3mez<\/strong>, han guanyat el primer premi del\u00a0<strong>Certamen de les Verdures Oli de Mallorca<\/strong>, on varen fer una versi\u00f3 particular d&#8217;un plat de la cuina mallorquina com s\u00f3n les sopes. Els participants han hagut d&#8217;elaborar una recepta nom\u00e9s amb verdures i amb Oli de Mallorca.<\/p>\n<p>La segona posici\u00f3 ha estat per a\u00a0<strong>Mariona Torres<\/strong>\u00a0i\u00a0<strong>Joan Adri\u00e0 Olives<\/strong>, alumnes de l&#8217;IES Maria \u00c0ngels Cardona (Menorca); i el tercer lloc ha estat per a\u00a0<strong>Samir El Ouadjui<\/strong>\u00a0i\u00a0<strong>Mohamed Habib Allah<\/strong>, estudiants de l&#8217;IES Sa Serra (Eivissa), que tamb\u00e9 varen guanyar el guard\u00f3 especial de millor recepta amb br\u00f2coli.<\/p>\n<p>L&#8217;acte ha tengut lloc el dimarts 26 de febrer de 2019 i \u00e9s la tercera edici\u00f3 d&#8217;aquest concurs culinari, organitzat per l&#8217;<strong>Associaci\u00f3 de Cuiners Afincats a les Illes Balears<\/strong>\u00a0(ASCAIB), que ha tengut un nombr\u00f3s jurat format per periodistes i cuiners.<\/p>\n","protected":false},"excerpt":{"rendered":"<p>Els alumnes Albert Mena\u00a0i\u00a0Alejandro G\u00f3mez, han guanyat el primer premi on varen fer una versi\u00f3 particular&hellip;<\/p>\n","protected":false},"author":1,"featured_media":41578,"comment_status":"open","ping_status":"closed","sticky":false,"template":"","format":"gallery","meta":{"_acf_changed":false,"_swt_meta_header_display":false,"_swt_meta_footer_display":false,"_swt_meta_site_title_display":false,"_swt_meta_sticky_header":false,"_swt_meta_transparent_header":false,"footnotes":""},"categories":[1003,1478],"tags":[],"coauthors":[],"class_list":["post-65734","post","type-post","status-publish","format-gallery","has-post-thumbnail","hentry","category-actualitat-es","category-concursos-i-premis-es","post_format-post-format-gallery"],"acf":{"gallery":null,"home_date":{"home_begin_date":null,"home_end_date":null}},"yoast_head":"<!-- This site is optimized with the Yoast SEO plugin v27.2 - https:\/\/yoast.com\/product\/yoast-seo-wordpress\/ -->\n<title>Albert Mena i Alejandro G\u00f3mez guanyen el Certamen de Verdures Oli de Mallorca - Gastron\u00f2micament<\/title>\n<meta name=\"description\" content=\"Albert Mena i Alejandro G\u00f3mez guanyen el Certamen de Verdures Oli de Mallorca Actualitat, Concursos i premis Els alumnes Albert Mena\u00a0i\u00a0Alejandro G\u00f3mez, han guanyat el primer premi on varen fer una versi\u00f3 particular d&#039;un plat de la cuina mallorquina com s\u00f3n les sopes\" \/>\n<meta name=\"robots\" content=\"index, follow, max-snippet:-1, max-image-preview:large, max-video-preview:-1\" \/>\n<link rel=\"canonical\" href=\"https:\/\/web2025.gastronomicament.cat\/ca\/albert-mena-i-alejandro-gomez-guanyen-el-certamen-de-verdures-oli-de-mallorca\" \/>\n<meta property=\"og:locale\" content=\"es_ES\" \/>\n<meta property=\"og:type\" content=\"article\" \/>\n<meta property=\"og:title\" content=\"Albert Mena i Alejandro G\u00f3mez guanyen el Certamen de Verdures Oli de Mallorca - Gastron\u00f2micament\" \/>\n<meta property=\"og:description\" content=\"Albert Mena i Alejandro G\u00f3mez guanyen el Certamen de Verdures Oli de Mallorca Actualitat, Concursos i premis Els alumnes Albert Mena\u00a0i\u00a0Alejandro G\u00f3mez, han guanyat el primer premi on varen fer una versi\u00f3 particular d&#039;un plat de la cuina mallorquina com s\u00f3n les sopes\" \/>\n<meta property=\"og:url\" content=\"https:\/\/web2025.gastronomicament.cat\/ca\/albert-mena-i-alejandro-gomez-guanyen-el-certamen-de-verdures-oli-de-mallorca\" \/>\n<meta property=\"og:site_name\" content=\"Gastron\u00f2micament\" \/>\n<meta property=\"article:published_time\" content=\"2019-02-28T08:11:23+00:00\" \/>\n<meta property=\"article:modified_time\" content=\"2022-04-09T08:01:27+00:00\" \/>\n<meta property=\"og:image\" content=\"https:\/\/web2025.gastronomicament.cat\/wp-content\/uploads\/2019\/02\/Albert-Mena-Alejandro-Gomez.jpg\" \/>\n\t<meta property=\"og:image:width\" content=\"1200\" \/>\n\t<meta property=\"og:image:height\" content=\"802\" \/>\n\t<meta property=\"og:image:type\" content=\"image\/jpeg\" \/>\n<meta name=\"author\" content=\"Redacci\u00f3\" \/>\n<meta name=\"twitter:card\" content=\"summary_large_image\" \/>\n<meta name=\"twitter:creator\" content=\"@gastronomicamen\" \/>\n<meta name=\"twitter:site\" content=\"@gastronomicamen\" \/>\n<meta name=\"twitter:label1\" content=\"Escrito por\" \/>\n\t<meta name=\"twitter:data1\" content=\"Redacci\u00f3\" \/>\n\t<meta name=\"twitter:label2\" content=\"Tiempo de lectura\" \/>\n\t<meta name=\"twitter:data2\" content=\"1 minuto\" \/>\n\t<meta name=\"twitter:label3\" content=\"Written by\" \/>\n\t<meta name=\"twitter:data3\" content=\"Redacci\u00f3\" \/>\n<script type=\"application\/ld+json\" class=\"yoast-schema-graph\">{\"@context\":\"https:\/\/schema.org\",\"@graph\":[{\"@type\":\"Article\",\"@id\":\"https:\/\/web2025.gastronomicament.cat\/ca\/albert-mena-i-alejandro-gomez-guanyen-el-certamen-de-verdures-oli-de-mallorca#article\",\"isPartOf\":{\"@id\":\"https:\/\/web2025.gastronomicament.cat\/ca\/albert-mena-i-alejandro-gomez-guanyen-el-certamen-de-verdures-oli-de-mallorca\"},\"author\":{\"name\":\"Redacci\u00f3\",\"@id\":\"https:\/\/web2025.gastronomicament.cat\/es\/#\/schema\/person\/a7c85c537a1ed62799a5b8e0f686a37f\"},\"headline\":\"Albert Mena i Alejandro G\u00f3mez guanyen el Certamen de Verdures Oli de Mallorca\",\"datePublished\":\"2019-02-28T08:11:23+00:00\",\"dateModified\":\"2022-04-09T08:01:27+00:00\",\"mainEntityOfPage\":{\"@id\":\"https:\/\/web2025.gastronomicament.cat\/ca\/albert-mena-i-alejandro-gomez-guanyen-el-certamen-de-verdures-oli-de-mallorca\"},\"wordCount\":178,\"commentCount\":0,\"publisher\":{\"@id\":\"https:\/\/web2025.gastronomicament.cat\/es\/#organization\"},\"image\":{\"@id\":\"https:\/\/web2025.gastronomicament.cat\/ca\/albert-mena-i-alejandro-gomez-guanyen-el-certamen-de-verdures-oli-de-mallorca#primaryimage\"},\"thumbnailUrl\":\"https:\/\/web2025.gastronomicament.cat\/wp-content\/uploads\/2019\/02\/Albert-Mena-Alejandro-Gomez.jpg\",\"articleSection\":[\"Actualitat\",\"Concursos i premis\"],\"inLanguage\":\"es\",\"potentialAction\":[{\"@type\":\"CommentAction\",\"name\":\"Comment\",\"target\":[\"https:\/\/web2025.gastronomicament.cat\/ca\/albert-mena-i-alejandro-gomez-guanyen-el-certamen-de-verdures-oli-de-mallorca#respond\"]}]},{\"@type\":\"WebPage\",\"@id\":\"https:\/\/web2025.gastronomicament.cat\/ca\/albert-mena-i-alejandro-gomez-guanyen-el-certamen-de-verdures-oli-de-mallorca\",\"url\":\"https:\/\/web2025.gastronomicament.cat\/ca\/albert-mena-i-alejandro-gomez-guanyen-el-certamen-de-verdures-oli-de-mallorca\",\"name\":\"Albert Mena i Alejandro G\u00f3mez guanyen el Certamen de Verdures Oli de Mallorca - Gastron\u00f2micament\",\"isPartOf\":{\"@id\":\"https:\/\/web2025.gastronomicament.cat\/es\/#website\"},\"primaryImageOfPage\":{\"@id\":\"https:\/\/web2025.gastronomicament.cat\/ca\/albert-mena-i-alejandro-gomez-guanyen-el-certamen-de-verdures-oli-de-mallorca#primaryimage\"},\"image\":{\"@id\":\"https:\/\/web2025.gastronomicament.cat\/ca\/albert-mena-i-alejandro-gomez-guanyen-el-certamen-de-verdures-oli-de-mallorca#primaryimage\"},\"thumbnailUrl\":\"https:\/\/web2025.gastronomicament.cat\/wp-content\/uploads\/2019\/02\/Albert-Mena-Alejandro-Gomez.jpg\",\"datePublished\":\"2019-02-28T08:11:23+00:00\",\"dateModified\":\"2022-04-09T08:01:27+00:00\",\"description\":\"Albert Mena i Alejandro G\u00f3mez guanyen el Certamen de Verdures Oli de Mallorca Actualitat, Concursos i premis Els alumnes Albert Mena\u00a0i\u00a0Alejandro G\u00f3mez, han guanyat el primer premi on varen fer una versi\u00f3 particular d'un plat de la cuina mallorquina com s\u00f3n les sopes\",\"inLanguage\":\"es\",\"potentialAction\":[{\"@type\":\"ReadAction\",\"target\":[\"https:\/\/web2025.gastronomicament.cat\/ca\/albert-mena-i-alejandro-gomez-guanyen-el-certamen-de-verdures-oli-de-mallorca\"]}]},{\"@type\":\"ImageObject\",\"inLanguage\":\"es\",\"@id\":\"https:\/\/web2025.gastronomicament.cat\/ca\/albert-mena-i-alejandro-gomez-guanyen-el-certamen-de-verdures-oli-de-mallorca#primaryimage\",\"url\":\"https:\/\/web2025.gastronomicament.cat\/wp-content\/uploads\/2019\/02\/Albert-Mena-Alejandro-Gomez.jpg\",\"contentUrl\":\"https:\/\/web2025.gastronomicament.cat\/wp-content\/uploads\/2019\/02\/Albert-Mena-Alejandro-Gomez.jpg\",\"width\":1200,\"height\":802},{\"@type\":\"WebSite\",\"@id\":\"https:\/\/web2025.gastronomicament.cat\/es\/#website\",\"url\":\"https:\/\/web2025.gastronomicament.cat\/es\/\",\"name\":\"Gastron\u00f2micament\",\"description\":\"Portal de restaurants, receptes i actualitat gastron\u00f2mica\",\"publisher\":{\"@id\":\"https:\/\/web2025.gastronomicament.cat\/es\/#organization\"},\"potentialAction\":[{\"@type\":\"SearchAction\",\"target\":{\"@type\":\"EntryPoint\",\"urlTemplate\":\"https:\/\/web2025.gastronomicament.cat\/es\/?s={search_term_string}\"},\"query-input\":{\"@type\":\"PropertyValueSpecification\",\"valueRequired\":true,\"valueName\":\"search_term_string\"}}],\"inLanguage\":\"es\"},{\"@type\":\"Organization\",\"@id\":\"https:\/\/web2025.gastronomicament.cat\/es\/#organization\",\"name\":\"Gastron\u00f2micament\",\"url\":\"https:\/\/web2025.gastronomicament.cat\/es\/\",\"logo\":{\"@type\":\"ImageObject\",\"inLanguage\":\"es\",\"@id\":\"https:\/\/web2025.gastronomicament.cat\/es\/#\/schema\/logo\/image\/\",\"url\":\"https:\/\/web2025.gastronomicament.cat\/wp-content\/uploads\/2016\/09\/header-logo.jpg\",\"contentUrl\":\"https:\/\/web2025.gastronomicament.cat\/wp-content\/uploads\/2016\/09\/header-logo.jpg\",\"width\":277,\"height\":39,\"caption\":\"Gastron\u00f2micament\"},\"image\":{\"@id\":\"https:\/\/web2025.gastronomicament.cat\/es\/#\/schema\/logo\/image\/\"},\"sameAs\":[\"https:\/\/x.com\/gastronomicamen\"]},{\"@type\":\"Person\",\"@id\":\"https:\/\/web2025.gastronomicament.cat\/es\/#\/schema\/person\/a7c85c537a1ed62799a5b8e0f686a37f\",\"name\":\"Redacci\u00f3\",\"image\":{\"@type\":\"ImageObject\",\"inLanguage\":\"es\",\"@id\":\"https:\/\/secure.gravatar.com\/avatar\/9489a485c464fd611d33825daae651d13db70c4e74c65c94937a15a9d4c3ee14?s=96&d=mm&r=g69fea3cce3645dfa2166e7293e22955e\",\"url\":\"https:\/\/secure.gravatar.com\/avatar\/9489a485c464fd611d33825daae651d13db70c4e74c65c94937a15a9d4c3ee14?s=96&d=mm&r=g\",\"contentUrl\":\"https:\/\/secure.gravatar.com\/avatar\/9489a485c464fd611d33825daae651d13db70c4e74c65c94937a15a9d4c3ee14?s=96&d=mm&r=g\",\"caption\":\"Redacci\u00f3\"},\"sameAs\":[\"http:\/\/gastronomicament.cat\"],\"url\":\"https:\/\/web2025.gastronomicament.cat\/es\/author\/admin\"}]}<\/script>\n<!-- \/ Yoast SEO plugin. -->","yoast_head_json":{"title":"Albert Mena i Alejandro G\u00f3mez guanyen el Certamen de Verdures Oli de Mallorca - Gastron\u00f2micament","description":"Albert Mena i Alejandro G\u00f3mez guanyen el Certamen de Verdures Oli de Mallorca Actualitat, Concursos i premis Els alumnes Albert Mena\u00a0i\u00a0Alejandro G\u00f3mez, han guanyat el primer premi on varen fer una versi\u00f3 particular d'un plat de la cuina mallorquina com s\u00f3n les sopes","robots":{"index":"index","follow":"follow","max-snippet":"max-snippet:-1","max-image-preview":"max-image-preview:large","max-video-preview":"max-video-preview:-1"},"canonical":"https:\/\/web2025.gastronomicament.cat\/ca\/albert-mena-i-alejandro-gomez-guanyen-el-certamen-de-verdures-oli-de-mallorca","og_locale":"es_ES","og_type":"article","og_title":"Albert Mena i Alejandro G\u00f3mez guanyen el Certamen de Verdures Oli de Mallorca - Gastron\u00f2micament","og_description":"Albert Mena i Alejandro G\u00f3mez guanyen el Certamen de Verdures Oli de Mallorca Actualitat, Concursos i premis Els alumnes Albert Mena\u00a0i\u00a0Alejandro G\u00f3mez, han guanyat el primer premi on varen fer una versi\u00f3 particular d'un plat de la cuina mallorquina com s\u00f3n les sopes","og_url":"https:\/\/web2025.gastronomicament.cat\/ca\/albert-mena-i-alejandro-gomez-guanyen-el-certamen-de-verdures-oli-de-mallorca","og_site_name":"Gastron\u00f2micament","article_published_time":"2019-02-28T08:11:23+00:00","article_modified_time":"2022-04-09T08:01:27+00:00","og_image":[{"width":1200,"height":802,"url":"https:\/\/web2025.gastronomicament.cat\/wp-content\/uploads\/2019\/02\/Albert-Mena-Alejandro-Gomez.jpg","type":"image\/jpeg"}],"author":"Redacci\u00f3","twitter_card":"summary_large_image","twitter_creator":"@gastronomicamen","twitter_site":"@gastronomicamen","twitter_misc":{"Escrito por":"Redacci\u00f3","Tiempo de lectura":"1 minuto","Written by":"Redacci\u00f3"},"schema":{"@context":"https:\/\/schema.org","@graph":[{"@type":"Article","@id":"https:\/\/web2025.gastronomicament.cat\/ca\/albert-mena-i-alejandro-gomez-guanyen-el-certamen-de-verdures-oli-de-mallorca#article","isPartOf":{"@id":"https:\/\/web2025.gastronomicament.cat\/ca\/albert-mena-i-alejandro-gomez-guanyen-el-certamen-de-verdures-oli-de-mallorca"},"author":{"name":"Redacci\u00f3","@id":"https:\/\/web2025.gastronomicament.cat\/es\/#\/schema\/person\/a7c85c537a1ed62799a5b8e0f686a37f"},"headline":"Albert Mena i Alejandro G\u00f3mez guanyen el Certamen de Verdures Oli de Mallorca","datePublished":"2019-02-28T08:11:23+00:00","dateModified":"2022-04-09T08:01:27+00:00","mainEntityOfPage":{"@id":"https:\/\/web2025.gastronomicament.cat\/ca\/albert-mena-i-alejandro-gomez-guanyen-el-certamen-de-verdures-oli-de-mallorca"},"wordCount":178,"commentCount":0,"publisher":{"@id":"https:\/\/web2025.gastronomicament.cat\/es\/#organization"},"image":{"@id":"https:\/\/web2025.gastronomicament.cat\/ca\/albert-mena-i-alejandro-gomez-guanyen-el-certamen-de-verdures-oli-de-mallorca#primaryimage"},"thumbnailUrl":"https:\/\/web2025.gastronomicament.cat\/wp-content\/uploads\/2019\/02\/Albert-Mena-Alejandro-Gomez.jpg","articleSection":["Actualitat","Concursos i premis"],"inLanguage":"es","potentialAction":[{"@type":"CommentAction","name":"Comment","target":["https:\/\/web2025.gastronomicament.cat\/ca\/albert-mena-i-alejandro-gomez-guanyen-el-certamen-de-verdures-oli-de-mallorca#respond"]}]},{"@type":"WebPage","@id":"https:\/\/web2025.gastronomicament.cat\/ca\/albert-mena-i-alejandro-gomez-guanyen-el-certamen-de-verdures-oli-de-mallorca","url":"https:\/\/web2025.gastronomicament.cat\/ca\/albert-mena-i-alejandro-gomez-guanyen-el-certamen-de-verdures-oli-de-mallorca","name":"Albert Mena i Alejandro G\u00f3mez guanyen el Certamen de Verdures Oli de Mallorca - Gastron\u00f2micament","isPartOf":{"@id":"https:\/\/web2025.gastronomicament.cat\/es\/#website"},"primaryImageOfPage":{"@id":"https:\/\/web2025.gastronomicament.cat\/ca\/albert-mena-i-alejandro-gomez-guanyen-el-certamen-de-verdures-oli-de-mallorca#primaryimage"},"image":{"@id":"https:\/\/web2025.gastronomicament.cat\/ca\/albert-mena-i-alejandro-gomez-guanyen-el-certamen-de-verdures-oli-de-mallorca#primaryimage"},"thumbnailUrl":"https:\/\/web2025.gastronomicament.cat\/wp-content\/uploads\/2019\/02\/Albert-Mena-Alejandro-Gomez.jpg","datePublished":"2019-02-28T08:11:23+00:00","dateModified":"2022-04-09T08:01:27+00:00","description":"Albert Mena i Alejandro G\u00f3mez guanyen el Certamen de Verdures Oli de Mallorca Actualitat, Concursos i premis Els alumnes Albert Mena\u00a0i\u00a0Alejandro G\u00f3mez, han guanyat el primer premi on varen fer una versi\u00f3 particular d'un plat de la cuina mallorquina com s\u00f3n les sopes","inLanguage":"es","potentialAction":[{"@type":"ReadAction","target":["https:\/\/web2025.gastronomicament.cat\/ca\/albert-mena-i-alejandro-gomez-guanyen-el-certamen-de-verdures-oli-de-mallorca"]}]},{"@type":"ImageObject","inLanguage":"es","@id":"https:\/\/web2025.gastronomicament.cat\/ca\/albert-mena-i-alejandro-gomez-guanyen-el-certamen-de-verdures-oli-de-mallorca#primaryimage","url":"https:\/\/web2025.gastronomicament.cat\/wp-content\/uploads\/2019\/02\/Albert-Mena-Alejandro-Gomez.jpg","contentUrl":"https:\/\/web2025.gastronomicament.cat\/wp-content\/uploads\/2019\/02\/Albert-Mena-Alejandro-Gomez.jpg","width":1200,"height":802},{"@type":"WebSite","@id":"https:\/\/web2025.gastronomicament.cat\/es\/#website","url":"https:\/\/web2025.gastronomicament.cat\/es\/","name":"Gastron\u00f2micament","description":"Portal de restaurants, receptes i actualitat gastron\u00f2mica","publisher":{"@id":"https:\/\/web2025.gastronomicament.cat\/es\/#organization"},"potentialAction":[{"@type":"SearchAction","target":{"@type":"EntryPoint","urlTemplate":"https:\/\/web2025.gastronomicament.cat\/es\/?s={search_term_string}"},"query-input":{"@type":"PropertyValueSpecification","valueRequired":true,"valueName":"search_term_string"}}],"inLanguage":"es"},{"@type":"Organization","@id":"https:\/\/web2025.gastronomicament.cat\/es\/#organization","name":"Gastron\u00f2micament","url":"https:\/\/web2025.gastronomicament.cat\/es\/","logo":{"@type":"ImageObject","inLanguage":"es","@id":"https:\/\/web2025.gastronomicament.cat\/es\/#\/schema\/logo\/image\/","url":"https:\/\/web2025.gastronomicament.cat\/wp-content\/uploads\/2016\/09\/header-logo.jpg","contentUrl":"https:\/\/web2025.gastronomicament.cat\/wp-content\/uploads\/2016\/09\/header-logo.jpg","width":277,"height":39,"caption":"Gastron\u00f2micament"},"image":{"@id":"https:\/\/web2025.gastronomicament.cat\/es\/#\/schema\/logo\/image\/"},"sameAs":["https:\/\/x.com\/gastronomicamen"]},{"@type":"Person","@id":"https:\/\/web2025.gastronomicament.cat\/es\/#\/schema\/person\/a7c85c537a1ed62799a5b8e0f686a37f","name":"Redacci\u00f3","image":{"@type":"ImageObject","inLanguage":"es","@id":"https:\/\/secure.gravatar.com\/avatar\/9489a485c464fd611d33825daae651d13db70c4e74c65c94937a15a9d4c3ee14?s=96&d=mm&r=g69fea3cce3645dfa2166e7293e22955e","url":"https:\/\/secure.gravatar.com\/avatar\/9489a485c464fd611d33825daae651d13db70c4e74c65c94937a15a9d4c3ee14?s=96&d=mm&r=g","contentUrl":"https:\/\/secure.gravatar.com\/avatar\/9489a485c464fd611d33825daae651d13db70c4e74c65c94937a15a9d4c3ee14?s=96&d=mm&r=g","caption":"Redacci\u00f3"},"sameAs":["http:\/\/gastronomicament.cat"],"url":"https:\/\/web2025.gastronomicament.cat\/es\/author\/admin"}]}},"_links":{"self":[{"href":"https:\/\/web2025.gastronomicament.cat\/es\/wp-json\/wp\/v2\/posts\/65734","targetHints":{"allow":["GET"]}}],"collection":[{"href":"https:\/\/web2025.gastronomicament.cat\/es\/wp-json\/wp\/v2\/posts"}],"about":[{"href":"https:\/\/web2025.gastronomicament.cat\/es\/wp-json\/wp\/v2\/types\/post"}],"author":[{"embeddable":true,"href":"https:\/\/web2025.gastronomicament.cat\/es\/wp-json\/wp\/v2\/users\/1"}],"replies":[{"embeddable":true,"href":"https:\/\/web2025.gastronomicament.cat\/es\/wp-json\/wp\/v2\/comments?post=65734"}],"version-history":[{"count":0,"href":"https:\/\/web2025.gastronomicament.cat\/es\/wp-json\/wp\/v2\/posts\/65734\/revisions"}],"wp:featuredmedia":[{"embeddable":true,"href":"https:\/\/web2025.gastronomicament.cat\/es\/wp-json\/wp\/v2\/media\/41578"}],"wp:attachment":[{"href":"https:\/\/web2025.gastronomicament.cat\/es\/wp-json\/wp\/v2\/media?parent=65734"}],"wp:term":[{"taxonomy":"category","embeddable":true,"href":"https:\/\/web2025.gastronomicament.cat\/es\/wp-json\/wp\/v2\/categories?post=65734"},{"taxonomy":"post_tag","embeddable":true,"href":"https:\/\/web2025.gastronomicament.cat\/es\/wp-json\/wp\/v2\/tags?post=65734"},{"taxonomy":"author","embeddable":true,"href":"https:\/\/web2025.gastronomicament.cat\/es\/wp-json\/wp\/v2\/coauthors?post=65734"}],"curies":[{"name":"wp","href":"https:\/\/api.w.org\/{rel}","templated":true}]}}