{"id":103170,"date":"2025-11-25T09:50:30","date_gmt":"2025-11-25T08:50:30","guid":{"rendered":"https:\/\/web2025.gastronomicament.cat\/sa-pobla-prepara-la-desena-edicio-de-la-fira-de-larros-pobler-amb-un-gran-programa"},"modified":"2026-04-16T13:52:40","modified_gmt":"2026-04-16T11:52:40","slug":"sa-pobla-prepara-la-desena-edicio-de-la-fira-de-larros-pobler-amb-un-gran-programa","status":"publish","type":"post","link":"https:\/\/web2025.gastronomicament.cat\/es\/sa-pobla-prepara-la-desena-edicio-de-la-fira-de-larros-pobler-amb-un-gran-programa","title":{"rendered":"Sa Pobla prepara la desena edici\u00f3 de la Fira de l&#8217;Arr\u00f2s Pobler amb un gran programa"},"content":{"rendered":"\n<p>Sa Pobla no deixa mai de sorprendre gratament. Com \u00e9s habitual el mes de novembre, l&#8217;arr\u00f2s ser\u00e0 el protagonista d&#8217;una fira que est\u00e0 emmarcada amb un programa ben interessant d&#8217;activitats, que varen comen\u00e7ar el 15 de novembre, com ara la Trobada de Xeremiers i la Fira de Lutiers (que enguany ha retut homenatge a Antoni Torrens com a dinamitzador cultural), com tamb\u00e9 altres activitats culturals i creatives.<\/p>\n\n\n\n<p>Podeu consultar el programa de <a href=\"https:\/\/sapobla.cat\/sites\/cilma_sa_pobla\/files\/2025-11\/2558%20-%20AJSP%20-%20Fullet%20Fira%202025%20V2.pdf\" target=\"_blank\" rel=\"noopener nofollow\">la Fira de l&#8217;Arr\u00f2s Pobler 2025 aqu\u00ed.<\/a><\/p>\n\n\n\n<p><strong>Una cita imprescindible<\/strong><\/p>\n\n\n\n<p>Els dies 29 i 30 de novembre, se celebrar\u00e0 la desena edici\u00f3 de la<strong>&nbsp;Fira de l&#8217;Arr\u00f2s Pobler<\/strong>.&nbsp;<strong>Biel Ferragut<\/strong>, batle de sa Pobla, i&nbsp;<strong>Magdalena de la Fuente<\/strong>, regidora de Fires, Comer\u00e7, Ind\u00fastria i Mercat, us&nbsp;conviden a viure-la de prop i a gaudir-la.<\/p>\n\n\n\n<p>D&#8217;entre les activitats destacades, cal destacar la del 29 de novembre, al mat\u00ed: De 10 a 13 hores es far\u00e0 un itinerari guiat a peu del Parc Natural de l\u2019Albufera, titulat Aigua, arr\u00f2s i marjal. El punt de trobada \u00e9s la Torre d\u2019es Forcadet (Desviament Ctra. des Murterar Ma-3433 &#8211; Pont de ferro de Can Blau). Les inscripcions es poden fer al 609 602 239 (de 9 a 15 h).<\/p>\n\n\n\n<p>El mateix dia 29 de novembre, a les 17 hores, s&#8217;inaugurar\u00e0 la fira i el recinte s&#8217;obrir\u00e0 al p\u00fablic. Hi podreu trobar una vintena d\u2019expositors que oferiran sobretot producte local com ara embotit, formatge, oli, bunyols, productes coents, vi, vermut, confitura, sala, panades, espinagades, pa, coques i un llarg etc\u00e8tera. Tamb\u00e9 hi participaran floristes i artesans. A m\u00e9s, fent honor a la fira, els Escoltes de l&#8217;AEG Sa Marjal, tindran a la venda bosses de 1 quilo d\u2019arr\u00f2s pobler i, enguany l\u2019Ajuntament de Sa Pobla, retr\u00e0 homenatge a les Dones Marjaleres.<\/p>\n\n\n\n<p>Dia 30 de novembre, la Fira continuar\u00e0 oberta amb un bon grapat de propostes complement\u00e0ries. A m\u00e9s a m\u00e9s, a partir de les 9.30 hores, a la Pla\u00e7a Major, Biel Serra Comas,&nbsp;<em>Pepis<\/em>, elaborar\u00e0un arr\u00f2s brut pobler. Es podr\u00e0 degustar devers les 13 hores. El plat es vendr\u00e0 a 2 euros, que es destinaran a l\u2019Associaci\u00f3 Es Grif. La venda de tiquets es far\u00e0 a l\u2019Ajuntament a partir del 17 de novembre i el mateix dia 30 a la pla\u00e7a Major, abans de la degustaci\u00f3.<\/p>\n\n\n\n<p><strong>Menjar b\u00e9 a sa Pobla<\/strong><\/p>\n\n\n\n<p>Les propostes en el marc de la Fira de l&#8217;Arr\u00f2s Pobler tamb\u00e9 inclouen les jornades gastron\u00f2miques Menjar b\u00e9 a sa Pobla.<\/p>\n\n\n\n<p>Els restaurants que hi participen i els plats que ofereixen s\u00f3n els seg\u00fcents:<\/p>\n\n\n\n<p><strong>El Pulpo Loco<br><\/strong>Pla\u00e7a Constituci\u00f3, 4 \u00b7 634 801 752<br>\u2022 Paella de s\u00edpia i marisc<br>\u2022 Paella mixta<br>\u2022 Bacall\u00e0 amb ceba i pebres vermells<\/p>\n\n\n\n<p><strong>Restaurant Pla\u00e7a Vuit<br><\/strong>Pla\u00e7a Major, 8 \u00b7 971 544 400<br>\u2022 Risotto amb gorgonzola, nous i pera<\/p>\n\n\n\n<p><strong>Bar Sa Placeta<br><\/strong>Carrer Dr. G\u00f3mez Ulla, 2 \u00b7 971 540 538<br>Dissabte 29 per sopar, pr\u00e8via reserva. Preu: 22 \u20ac<br>Entrant: Croquetes de porcella amb poma i croquetes de coa de bou, damunt llit d\u2019arr\u00f2s salvatge i salsa de magranes<br>Plat principal:<br>Galtes de porc amb salsa de bolets o gall amb ceba caramel\u00b7litzada<br>Els 2 plats acompanyats de patata al forn i arr\u00f2s amb verdures saltades<br>Postres casolanes i caf\u00e8<br>Vi negre Rioja Hallazgo o blanc Verdejo De Lizia<\/p>\n\n\n\n<p>Diumenge 23 i 30 per dinar, pr\u00e8via reserva. Preu: 25 \u20ac<br>Primer plat: Arr\u00f2s brut o caragols<br>Segon plat: Porcella o Llom amb col o Bacall\u00e0 gratinat amb allioli<br>Postres casolanes i caf\u00e8<br>Aigua, vi i gasosa<br>Aquest men\u00fa es pot fer qualsevol dia amb reserva.<br>M\u00ednim 8 persones.<\/p>\n\n\n\n<p><strong>Restaurant Marina<br><\/strong>Carrer Marina, 15 \u00b7 971 540 967<br>\u2022 Porcella confitada amb reducci\u00f3 de magranes i patata Parmentine.<\/p>\n\n\n\n<p><strong>Vaumar Caf\u00e8<br><\/strong>Pla\u00e7a Major, 13 \u00b7 971 544 417<br>\u2022 Raviolis de carn amb salsa de bolets<\/p>\n\n\n\n<p><strong>Bar Toni Cotxer<br><\/strong>Carrer Major, 4 \u00b7 971 540 005 \/ 610 771 506<br>\u2022 Bacall\u00e0 arrebossat amb salsa de porro<br>\u2022 Popets coents amb ensalada russa<br>\u2022 Llom amb esclata-sangs<br>\u2022 Variats i arrebossats<\/p>\n\n\n\n<p><strong>Restaurant E-Cos\u00ed<br><\/strong>Carrer Lluna, 27 \u00b7 601 510 223<br>\u2022 Arr\u00f2s de marjal<br>\u2022 Arr\u00f2s amb sobrassada i carxofa<\/p>\n\n\n\n<p><strong>Rac\u00f3 de na Maria<br><\/strong>Pla\u00e7a Major, 2 \u00b7 610 707 252<br>\u2022 Tom\u00e0tigues farcides d\u2019arr\u00f2s sorpresa<br>\u2022 Torta verde ligure estil pobler<\/p>\n\n\n\n<p><strong>Bar des tren<br><\/strong>Pla\u00e7a des Tren, 6 \u00b7 971 540 022<br>\u2022 Arr\u00f2s brut cada dia per enc\u00e0rrec<br>\u2022 Men\u00fa d\u2019arr\u00f2s brut i porcella, dissabte i diumenge de fira<\/p>\n\n\n\n<p><strong>Bar Casa Miss<br><\/strong>Pla\u00e7a Constituci\u00f3, 3 \u00b7 971 540 023<br>\u2022 G\u00edrgoles amb porro<br>\u2022 Variats Casa Miss<\/p>\n\n\n\n<p><strong>Bar Cristal<br><\/strong>Carrer Lluc, 44 \u00b7 871 841 119 \/ 627 641 148<br>Men\u00fa del diumenge 23<br>Pa allioli i olives<br>Primer plat: Arr\u00f2s a la marinera<br>Segon plat: Entrecot amb salsa de pebre<br>Postres: P\u00fading de caramel<\/p>\n\n\n\n<p>Men\u00fa del diumenge 30<br>Pa allioli i olives<br>Primer plat: Arr\u00f2s Brut<br>Segon plat: Porcella al forn amb patates<br>Postres: Past\u00eds de formatge<\/p>\n\n\n\n<p><strong>Poliesportiu sa Pobla<br><\/strong>Mestre Arab\u00ed s\/n \u00b7 673 412 140<br>\u2022 Banderilles i tapes variades<br>\u2022 Arr\u00f2s brut i paelles<\/p>\n","protected":false},"excerpt":{"rendered":"<p>Entre les activitats hi ha les jornades gastron\u00f2miques Menjar b\u00e9 a sa Pobla<\/p>\n","protected":false},"author":1,"featured_media":103171,"comment_status":"open","ping_status":"open","sticky":false,"template":"","format":"gallery","meta":{"_acf_changed":false,"_swt_meta_header_display":false,"_swt_meta_footer_display":false,"_swt_meta_site_title_display":false,"_swt_meta_sticky_header":false,"_swt_meta_transparent_header":false,"footnotes":""},"categories":[692,955],"tags":[],"coauthors":[2053],"class_list":["post-103170","post","type-post","status-publish","format-gallery","has-post-thumbnail","hentry","category-actualitat","category-reportatges-i-novetats","post_format-post-format-gallery"],"acf":{"gallery":[103176,103171],"home_date":{"home_begin_date":null,"home_end_date":null}},"yoast_head":"<!-- This site is optimized with the Yoast SEO plugin v27.2 - https:\/\/yoast.com\/product\/yoast-seo-wordpress\/ -->\n<title>Sa Pobla prepara la desena edici\u00f3 de la Fira de l&#039;Arr\u00f2s Pobler amb un gran programa - Gastron\u00f2micament<\/title>\n<meta name=\"description\" content=\"Sa Pobla prepara la desena edici\u00f3 de la Fira de l&#039;Arr\u00f2s Pobler amb un gran programa Actualitat, Reportatges i novetats Entre les activitats hi ha les jornades gastron\u00f2miques Menjar b\u00e9 a sa Pobla\" \/>\n<meta name=\"robots\" content=\"index, follow, max-snippet:-1, max-image-preview:large, max-video-preview:-1\" \/>\n<link rel=\"canonical\" href=\"https:\/\/web2025.gastronomicament.cat\/ca\/sa-pobla-prepara-la-desena-edicio-de-la-fira-de-larros-pobler-amb-un-gran-programa\" \/>\n<meta property=\"og:locale\" content=\"es_ES\" \/>\n<meta property=\"og:type\" content=\"article\" \/>\n<meta property=\"og:title\" content=\"Sa Pobla prepara la desena edici\u00f3 de la Fira de l&#039;Arr\u00f2s Pobler amb un gran programa - Gastron\u00f2micament\" \/>\n<meta property=\"og:description\" content=\"Sa Pobla prepara la desena edici\u00f3 de la Fira de l&#039;Arr\u00f2s Pobler amb un gran programa Actualitat, Reportatges i novetats Entre les activitats hi ha les jornades gastron\u00f2miques Menjar b\u00e9 a sa Pobla\" \/>\n<meta property=\"og:url\" content=\"https:\/\/web2025.gastronomicament.cat\/ca\/sa-pobla-prepara-la-desena-edicio-de-la-fira-de-larros-pobler-amb-un-gran-programa\" \/>\n<meta property=\"og:site_name\" content=\"Gastron\u00f2micament\" \/>\n<meta property=\"article:published_time\" content=\"2025-11-25T08:50:30+00:00\" \/>\n<meta property=\"article:modified_time\" content=\"2026-04-16T11:52:40+00:00\" \/>\n<meta property=\"og:image\" content=\"https:\/\/web2025.gastronomicament.cat\/wp-content\/uploads\/2025\/11\/Fira-Arros-Pobler-2025.jpg\" \/>\n\t<meta property=\"og:image:width\" content=\"2038\" \/>\n\t<meta property=\"og:image:height\" content=\"1153\" \/>\n\t<meta property=\"og:image:type\" content=\"image\/jpeg\" \/>\n<meta name=\"author\" content=\"Redacci\u00f3\" \/>\n<meta name=\"twitter:card\" content=\"summary_large_image\" \/>\n<meta name=\"twitter:creator\" content=\"@gastronomicamen\" \/>\n<meta name=\"twitter:site\" content=\"@gastronomicamen\" \/>\n<meta name=\"twitter:label1\" content=\"Escrito por\" \/>\n\t<meta name=\"twitter:data1\" content=\"Redacci\u00f3\" \/>\n\t<meta name=\"twitter:label2\" content=\"Tiempo de lectura\" \/>\n\t<meta name=\"twitter:data2\" content=\"5 minutos\" \/>\n\t<meta name=\"twitter:label3\" content=\"Written by\" \/>\n\t<meta name=\"twitter:data3\" content=\"Redacci\u00f3\" \/>\n<script type=\"application\/ld+json\" class=\"yoast-schema-graph\">{\"@context\":\"https:\/\/schema.org\",\"@graph\":[{\"@type\":\"Article\",\"@id\":\"https:\/\/web2025.gastronomicament.cat\/ca\/sa-pobla-prepara-la-desena-edicio-de-la-fira-de-larros-pobler-amb-un-gran-programa#article\",\"isPartOf\":{\"@id\":\"https:\/\/web2025.gastronomicament.cat\/ca\/sa-pobla-prepara-la-desena-edicio-de-la-fira-de-larros-pobler-amb-un-gran-programa\"},\"author\":{\"name\":\"Redacci\u00f3\",\"@id\":\"https:\/\/web2025.gastronomicament.cat\/es\/#\/schema\/person\/a7c85c537a1ed62799a5b8e0f686a37f\"},\"headline\":\"Sa Pobla prepara la desena edici\u00f3 de la Fira de l&#8217;Arr\u00f2s Pobler amb un gran programa\",\"datePublished\":\"2025-11-25T08:50:30+00:00\",\"dateModified\":\"2026-04-16T11:52:40+00:00\",\"mainEntityOfPage\":{\"@id\":\"https:\/\/web2025.gastronomicament.cat\/ca\/sa-pobla-prepara-la-desena-edicio-de-la-fira-de-larros-pobler-amb-un-gran-programa\"},\"wordCount\":777,\"commentCount\":0,\"publisher\":{\"@id\":\"https:\/\/web2025.gastronomicament.cat\/es\/#organization\"},\"image\":{\"@id\":\"https:\/\/web2025.gastronomicament.cat\/ca\/sa-pobla-prepara-la-desena-edicio-de-la-fira-de-larros-pobler-amb-un-gran-programa#primaryimage\"},\"thumbnailUrl\":\"https:\/\/web2025.gastronomicament.cat\/wp-content\/uploads\/2025\/11\/Fira-Arros-Pobler-2025.jpg\",\"articleSection\":[\"Actualitat\",\"Reportatges i novetats\"],\"inLanguage\":\"es\",\"potentialAction\":[{\"@type\":\"CommentAction\",\"name\":\"Comment\",\"target\":[\"https:\/\/web2025.gastronomicament.cat\/ca\/sa-pobla-prepara-la-desena-edicio-de-la-fira-de-larros-pobler-amb-un-gran-programa#respond\"]}]},{\"@type\":\"WebPage\",\"@id\":\"https:\/\/web2025.gastronomicament.cat\/ca\/sa-pobla-prepara-la-desena-edicio-de-la-fira-de-larros-pobler-amb-un-gran-programa\",\"url\":\"https:\/\/web2025.gastronomicament.cat\/ca\/sa-pobla-prepara-la-desena-edicio-de-la-fira-de-larros-pobler-amb-un-gran-programa\",\"name\":\"Sa Pobla prepara la desena edici\u00f3 de la Fira de l'Arr\u00f2s Pobler amb un gran programa - Gastron\u00f2micament\",\"isPartOf\":{\"@id\":\"https:\/\/web2025.gastronomicament.cat\/es\/#website\"},\"primaryImageOfPage\":{\"@id\":\"https:\/\/web2025.gastronomicament.cat\/ca\/sa-pobla-prepara-la-desena-edicio-de-la-fira-de-larros-pobler-amb-un-gran-programa#primaryimage\"},\"image\":{\"@id\":\"https:\/\/web2025.gastronomicament.cat\/ca\/sa-pobla-prepara-la-desena-edicio-de-la-fira-de-larros-pobler-amb-un-gran-programa#primaryimage\"},\"thumbnailUrl\":\"https:\/\/web2025.gastronomicament.cat\/wp-content\/uploads\/2025\/11\/Fira-Arros-Pobler-2025.jpg\",\"datePublished\":\"2025-11-25T08:50:30+00:00\",\"dateModified\":\"2026-04-16T11:52:40+00:00\",\"description\":\"Sa Pobla prepara la desena edici\u00f3 de la Fira de l'Arr\u00f2s Pobler amb un gran programa Actualitat, Reportatges i novetats Entre les activitats hi ha les jornades gastron\u00f2miques Menjar b\u00e9 a sa Pobla\",\"inLanguage\":\"es\",\"potentialAction\":[{\"@type\":\"ReadAction\",\"target\":[\"https:\/\/web2025.gastronomicament.cat\/ca\/sa-pobla-prepara-la-desena-edicio-de-la-fira-de-larros-pobler-amb-un-gran-programa\"]}]},{\"@type\":\"ImageObject\",\"inLanguage\":\"es\",\"@id\":\"https:\/\/web2025.gastronomicament.cat\/ca\/sa-pobla-prepara-la-desena-edicio-de-la-fira-de-larros-pobler-amb-un-gran-programa#primaryimage\",\"url\":\"https:\/\/web2025.gastronomicament.cat\/wp-content\/uploads\/2025\/11\/Fira-Arros-Pobler-2025.jpg\",\"contentUrl\":\"https:\/\/web2025.gastronomicament.cat\/wp-content\/uploads\/2025\/11\/Fira-Arros-Pobler-2025.jpg\",\"width\":2038,\"height\":1153},{\"@type\":\"WebSite\",\"@id\":\"https:\/\/web2025.gastronomicament.cat\/es\/#website\",\"url\":\"https:\/\/web2025.gastronomicament.cat\/es\/\",\"name\":\"Gastron\u00f2micament\",\"description\":\"Portal de restaurants, receptes i actualitat gastron\u00f2mica\",\"publisher\":{\"@id\":\"https:\/\/web2025.gastronomicament.cat\/es\/#organization\"},\"potentialAction\":[{\"@type\":\"SearchAction\",\"target\":{\"@type\":\"EntryPoint\",\"urlTemplate\":\"https:\/\/web2025.gastronomicament.cat\/es\/?s={search_term_string}\"},\"query-input\":{\"@type\":\"PropertyValueSpecification\",\"valueRequired\":true,\"valueName\":\"search_term_string\"}}],\"inLanguage\":\"es\"},{\"@type\":\"Organization\",\"@id\":\"https:\/\/web2025.gastronomicament.cat\/es\/#organization\",\"name\":\"Gastron\u00f2micament\",\"url\":\"https:\/\/web2025.gastronomicament.cat\/es\/\",\"logo\":{\"@type\":\"ImageObject\",\"inLanguage\":\"es\",\"@id\":\"https:\/\/web2025.gastronomicament.cat\/es\/#\/schema\/logo\/image\/\",\"url\":\"https:\/\/web2025.gastronomicament.cat\/wp-content\/uploads\/2016\/09\/header-logo.jpg\",\"contentUrl\":\"https:\/\/web2025.gastronomicament.cat\/wp-content\/uploads\/2016\/09\/header-logo.jpg\",\"width\":277,\"height\":39,\"caption\":\"Gastron\u00f2micament\"},\"image\":{\"@id\":\"https:\/\/web2025.gastronomicament.cat\/es\/#\/schema\/logo\/image\/\"},\"sameAs\":[\"https:\/\/x.com\/gastronomicamen\"]},{\"@type\":\"Person\",\"@id\":\"https:\/\/web2025.gastronomicament.cat\/es\/#\/schema\/person\/a7c85c537a1ed62799a5b8e0f686a37f\",\"name\":\"Redacci\u00f3\",\"image\":{\"@type\":\"ImageObject\",\"inLanguage\":\"es\",\"@id\":\"https:\/\/secure.gravatar.com\/avatar\/9489a485c464fd611d33825daae651d13db70c4e74c65c94937a15a9d4c3ee14?s=96&d=mm&r=g69fea3cce3645dfa2166e7293e22955e\",\"url\":\"https:\/\/secure.gravatar.com\/avatar\/9489a485c464fd611d33825daae651d13db70c4e74c65c94937a15a9d4c3ee14?s=96&d=mm&r=g\",\"contentUrl\":\"https:\/\/secure.gravatar.com\/avatar\/9489a485c464fd611d33825daae651d13db70c4e74c65c94937a15a9d4c3ee14?s=96&d=mm&r=g\",\"caption\":\"Redacci\u00f3\"},\"sameAs\":[\"http:\/\/gastronomicament.cat\"],\"url\":\"https:\/\/web2025.gastronomicament.cat\/es\/author\/admin\"}]}<\/script>\n<!-- \/ Yoast SEO plugin. -->","yoast_head_json":{"title":"Sa Pobla prepara la desena edici\u00f3 de la Fira de l'Arr\u00f2s Pobler amb un gran programa - Gastron\u00f2micament","description":"Sa Pobla prepara la desena edici\u00f3 de la Fira de l'Arr\u00f2s Pobler amb un gran programa Actualitat, Reportatges i novetats Entre les activitats hi ha les jornades gastron\u00f2miques Menjar b\u00e9 a sa Pobla","robots":{"index":"index","follow":"follow","max-snippet":"max-snippet:-1","max-image-preview":"max-image-preview:large","max-video-preview":"max-video-preview:-1"},"canonical":"https:\/\/web2025.gastronomicament.cat\/ca\/sa-pobla-prepara-la-desena-edicio-de-la-fira-de-larros-pobler-amb-un-gran-programa","og_locale":"es_ES","og_type":"article","og_title":"Sa Pobla prepara la desena edici\u00f3 de la Fira de l'Arr\u00f2s Pobler amb un gran programa - Gastron\u00f2micament","og_description":"Sa Pobla prepara la desena edici\u00f3 de la Fira de l'Arr\u00f2s Pobler amb un gran programa Actualitat, Reportatges i novetats Entre les activitats hi ha les jornades gastron\u00f2miques Menjar b\u00e9 a sa Pobla","og_url":"https:\/\/web2025.gastronomicament.cat\/ca\/sa-pobla-prepara-la-desena-edicio-de-la-fira-de-larros-pobler-amb-un-gran-programa","og_site_name":"Gastron\u00f2micament","article_published_time":"2025-11-25T08:50:30+00:00","article_modified_time":"2026-04-16T11:52:40+00:00","og_image":[{"width":2038,"height":1153,"url":"https:\/\/web2025.gastronomicament.cat\/wp-content\/uploads\/2025\/11\/Fira-Arros-Pobler-2025.jpg","type":"image\/jpeg"}],"author":"Redacci\u00f3","twitter_card":"summary_large_image","twitter_creator":"@gastronomicamen","twitter_site":"@gastronomicamen","twitter_misc":{"Escrito por":"Redacci\u00f3","Tiempo de lectura":"5 minutos","Written by":"Redacci\u00f3"},"schema":{"@context":"https:\/\/schema.org","@graph":[{"@type":"Article","@id":"https:\/\/web2025.gastronomicament.cat\/ca\/sa-pobla-prepara-la-desena-edicio-de-la-fira-de-larros-pobler-amb-un-gran-programa#article","isPartOf":{"@id":"https:\/\/web2025.gastronomicament.cat\/ca\/sa-pobla-prepara-la-desena-edicio-de-la-fira-de-larros-pobler-amb-un-gran-programa"},"author":{"name":"Redacci\u00f3","@id":"https:\/\/web2025.gastronomicament.cat\/es\/#\/schema\/person\/a7c85c537a1ed62799a5b8e0f686a37f"},"headline":"Sa Pobla prepara la desena edici\u00f3 de la Fira de l&#8217;Arr\u00f2s Pobler amb un gran programa","datePublished":"2025-11-25T08:50:30+00:00","dateModified":"2026-04-16T11:52:40+00:00","mainEntityOfPage":{"@id":"https:\/\/web2025.gastronomicament.cat\/ca\/sa-pobla-prepara-la-desena-edicio-de-la-fira-de-larros-pobler-amb-un-gran-programa"},"wordCount":777,"commentCount":0,"publisher":{"@id":"https:\/\/web2025.gastronomicament.cat\/es\/#organization"},"image":{"@id":"https:\/\/web2025.gastronomicament.cat\/ca\/sa-pobla-prepara-la-desena-edicio-de-la-fira-de-larros-pobler-amb-un-gran-programa#primaryimage"},"thumbnailUrl":"https:\/\/web2025.gastronomicament.cat\/wp-content\/uploads\/2025\/11\/Fira-Arros-Pobler-2025.jpg","articleSection":["Actualitat","Reportatges i novetats"],"inLanguage":"es","potentialAction":[{"@type":"CommentAction","name":"Comment","target":["https:\/\/web2025.gastronomicament.cat\/ca\/sa-pobla-prepara-la-desena-edicio-de-la-fira-de-larros-pobler-amb-un-gran-programa#respond"]}]},{"@type":"WebPage","@id":"https:\/\/web2025.gastronomicament.cat\/ca\/sa-pobla-prepara-la-desena-edicio-de-la-fira-de-larros-pobler-amb-un-gran-programa","url":"https:\/\/web2025.gastronomicament.cat\/ca\/sa-pobla-prepara-la-desena-edicio-de-la-fira-de-larros-pobler-amb-un-gran-programa","name":"Sa Pobla prepara la desena edici\u00f3 de la Fira de l'Arr\u00f2s Pobler amb un gran programa - Gastron\u00f2micament","isPartOf":{"@id":"https:\/\/web2025.gastronomicament.cat\/es\/#website"},"primaryImageOfPage":{"@id":"https:\/\/web2025.gastronomicament.cat\/ca\/sa-pobla-prepara-la-desena-edicio-de-la-fira-de-larros-pobler-amb-un-gran-programa#primaryimage"},"image":{"@id":"https:\/\/web2025.gastronomicament.cat\/ca\/sa-pobla-prepara-la-desena-edicio-de-la-fira-de-larros-pobler-amb-un-gran-programa#primaryimage"},"thumbnailUrl":"https:\/\/web2025.gastronomicament.cat\/wp-content\/uploads\/2025\/11\/Fira-Arros-Pobler-2025.jpg","datePublished":"2025-11-25T08:50:30+00:00","dateModified":"2026-04-16T11:52:40+00:00","description":"Sa Pobla prepara la desena edici\u00f3 de la Fira de l'Arr\u00f2s Pobler amb un gran programa Actualitat, Reportatges i novetats Entre les activitats hi ha les jornades gastron\u00f2miques Menjar b\u00e9 a sa Pobla","inLanguage":"es","potentialAction":[{"@type":"ReadAction","target":["https:\/\/web2025.gastronomicament.cat\/ca\/sa-pobla-prepara-la-desena-edicio-de-la-fira-de-larros-pobler-amb-un-gran-programa"]}]},{"@type":"ImageObject","inLanguage":"es","@id":"https:\/\/web2025.gastronomicament.cat\/ca\/sa-pobla-prepara-la-desena-edicio-de-la-fira-de-larros-pobler-amb-un-gran-programa#primaryimage","url":"https:\/\/web2025.gastronomicament.cat\/wp-content\/uploads\/2025\/11\/Fira-Arros-Pobler-2025.jpg","contentUrl":"https:\/\/web2025.gastronomicament.cat\/wp-content\/uploads\/2025\/11\/Fira-Arros-Pobler-2025.jpg","width":2038,"height":1153},{"@type":"WebSite","@id":"https:\/\/web2025.gastronomicament.cat\/es\/#website","url":"https:\/\/web2025.gastronomicament.cat\/es\/","name":"Gastron\u00f2micament","description":"Portal de restaurants, receptes i actualitat gastron\u00f2mica","publisher":{"@id":"https:\/\/web2025.gastronomicament.cat\/es\/#organization"},"potentialAction":[{"@type":"SearchAction","target":{"@type":"EntryPoint","urlTemplate":"https:\/\/web2025.gastronomicament.cat\/es\/?s={search_term_string}"},"query-input":{"@type":"PropertyValueSpecification","valueRequired":true,"valueName":"search_term_string"}}],"inLanguage":"es"},{"@type":"Organization","@id":"https:\/\/web2025.gastronomicament.cat\/es\/#organization","name":"Gastron\u00f2micament","url":"https:\/\/web2025.gastronomicament.cat\/es\/","logo":{"@type":"ImageObject","inLanguage":"es","@id":"https:\/\/web2025.gastronomicament.cat\/es\/#\/schema\/logo\/image\/","url":"https:\/\/web2025.gastronomicament.cat\/wp-content\/uploads\/2016\/09\/header-logo.jpg","contentUrl":"https:\/\/web2025.gastronomicament.cat\/wp-content\/uploads\/2016\/09\/header-logo.jpg","width":277,"height":39,"caption":"Gastron\u00f2micament"},"image":{"@id":"https:\/\/web2025.gastronomicament.cat\/es\/#\/schema\/logo\/image\/"},"sameAs":["https:\/\/x.com\/gastronomicamen"]},{"@type":"Person","@id":"https:\/\/web2025.gastronomicament.cat\/es\/#\/schema\/person\/a7c85c537a1ed62799a5b8e0f686a37f","name":"Redacci\u00f3","image":{"@type":"ImageObject","inLanguage":"es","@id":"https:\/\/secure.gravatar.com\/avatar\/9489a485c464fd611d33825daae651d13db70c4e74c65c94937a15a9d4c3ee14?s=96&d=mm&r=g69fea3cce3645dfa2166e7293e22955e","url":"https:\/\/secure.gravatar.com\/avatar\/9489a485c464fd611d33825daae651d13db70c4e74c65c94937a15a9d4c3ee14?s=96&d=mm&r=g","contentUrl":"https:\/\/secure.gravatar.com\/avatar\/9489a485c464fd611d33825daae651d13db70c4e74c65c94937a15a9d4c3ee14?s=96&d=mm&r=g","caption":"Redacci\u00f3"},"sameAs":["http:\/\/gastronomicament.cat"],"url":"https:\/\/web2025.gastronomicament.cat\/es\/author\/admin"}]}},"_links":{"self":[{"href":"https:\/\/web2025.gastronomicament.cat\/es\/wp-json\/wp\/v2\/posts\/103170","targetHints":{"allow":["GET"]}}],"collection":[{"href":"https:\/\/web2025.gastronomicament.cat\/es\/wp-json\/wp\/v2\/posts"}],"about":[{"href":"https:\/\/web2025.gastronomicament.cat\/es\/wp-json\/wp\/v2\/types\/post"}],"author":[{"embeddable":true,"href":"https:\/\/web2025.gastronomicament.cat\/es\/wp-json\/wp\/v2\/users\/1"}],"replies":[{"embeddable":true,"href":"https:\/\/web2025.gastronomicament.cat\/es\/wp-json\/wp\/v2\/comments?post=103170"}],"version-history":[{"count":0,"href":"https:\/\/web2025.gastronomicament.cat\/es\/wp-json\/wp\/v2\/posts\/103170\/revisions"}],"acf:attachment":[{"embeddable":true,"href":"https:\/\/web2025.gastronomicament.cat\/es\/wp-json\/wp\/v2\/media\/103171"},{"embeddable":true,"href":"https:\/\/web2025.gastronomicament.cat\/es\/wp-json\/wp\/v2\/media\/103176"}],"wp:featuredmedia":[{"embeddable":true,"href":"https:\/\/web2025.gastronomicament.cat\/es\/wp-json\/wp\/v2\/media\/103171"}],"wp:attachment":[{"href":"https:\/\/web2025.gastronomicament.cat\/es\/wp-json\/wp\/v2\/media?parent=103170"}],"wp:term":[{"taxonomy":"category","embeddable":true,"href":"https:\/\/web2025.gastronomicament.cat\/es\/wp-json\/wp\/v2\/categories?post=103170"},{"taxonomy":"post_tag","embeddable":true,"href":"https:\/\/web2025.gastronomicament.cat\/es\/wp-json\/wp\/v2\/tags?post=103170"},{"taxonomy":"author","embeddable":true,"href":"https:\/\/web2025.gastronomicament.cat\/es\/wp-json\/wp\/v2\/coauthors?post=103170"}],"curies":[{"name":"wp","href":"https:\/\/api.w.org\/{rel}","templated":true}]}}