{"id":101219,"date":"2025-05-05T08:51:55","date_gmt":"2025-05-05T06:51:55","guid":{"rendered":"https:\/\/web2025.gastronomicament.cat\/es-llombards-viu-amb-molta-danimacio-la-festa-des-tondre"},"modified":"2026-04-16T18:16:23","modified_gmt":"2026-04-16T16:16:23","slug":"es-llombards-viu-amb-molta-danimacio-la-festa-des-tondre","status":"publish","type":"post","link":"https:\/\/web2025.gastronomicament.cat\/es\/es-llombards-viu-amb-molta-danimacio-la-festa-des-tondre","title":{"rendered":"Es Llombards viu amb molta d&#8217;animaci\u00f3 la Festa des Tondre"},"content":{"rendered":"\n<p>El diumenge 4 de maig,&nbsp;<strong>es Llombards&nbsp;<\/strong>va tornar a viure una de les seves tradicions m\u00e9s arrelades amb la celebraci\u00f3 de la&nbsp;<strong>Festa des Tondre<\/strong>. El camp de futbol de Ca\u2019n Martina va ser l&#8217;escenari principal d&#8217;una jornada plena d&#8217;activitats relacionades amb l&#8217;ofici ancestral de la tosa d&#8217;ovelles i la cultura popular.<\/p>\n\n\n\n<p>La festa va comen\u00e7ar a les 9.00 h amb l\u2019arribada dels xeremiers i una cercavila pel poble per animar l&#8217;inici de la jornada. A partir de les 10.00 h es va donar el sus a l&#8217;activitat principal: la&nbsp;<strong>tosa de les ovelles amb tisores, a l&#8217;antiga,<\/strong>&nbsp;una mostra de com era aquest treball artesanal abans de la mecanitzaci\u00f3.<\/p>\n\n\n\n<p>El programa va continuar amb un espectacle eq\u00fcestre a c\u00e0rrec dels Amics del Cavall de Santany\u00ed, que va aportar un toc de destresa i tradici\u00f3 al mat\u00ed. Un dels moments m\u00e9s destacats va arribar devers les 13.00 h amb el&nbsp;<strong>combat de picat<\/strong>, una mostra de gloses improvisades en qu\u00e8 participaren M. Magdalena Amengual, Mateu Matas&nbsp;<em>Xur\u00ed<\/em>, Margalida Adrover i Miquel Servera.<\/p>\n\n\n\n<p>Un dels moments esperats fou el tradicional&nbsp;<strong>dinar de germanor<\/strong>, que va continuar amb m\u00fasica i ambient festiu gr\u00e0cies a la m\u00fasica de DJ Joan Rigo, que animar l&#8217;horabaixa.<\/p>\n\n\n\n<p>Aquesta jornada, organitzada per l\u2019<strong>Ajuntament de Santany\u00ed<\/strong>&nbsp;amb el<strong>&nbsp;suport de ve\u00efnats i ve\u00efnades, i patrocinadors locals<\/strong>, t\u00e9 com a objectiu mantenir viva una tradici\u00f3 fonamental de la cultura pagesa mallorquina, alhora que ofereix un espai de trobada i diversi\u00f3 per a totes les edats.<\/p>\n\n\n\n<p>La celebraci\u00f3 de la Festa des Tondre s\u2019emmarca dins un cap de setmana ple d\u2019activitats a Es Llombards, ja que el dissabte 3 de maig es va dur a terme<strong>&nbsp;Es LlombART!, la Nit de l\u2019Art<\/strong>, amb una mostra de pintura, m\u00fasica, cer\u00e0mica, fotografia, escultura, art urb\u00e0 i artesania als espais de Son Amer. De 19.00 a 23.00 h del dissabte 3 de maig es&nbsp;va poder gaudir de pintura, m\u00fasica, cer\u00e0mica, fotografia, escultura, art urb\u00e0 i artesania al Claustre de Son Amer i carrers dels voltants.<\/p>\n","protected":false},"excerpt":{"rendered":"<p>La jornada va ser un \u00e8xit en aquest encantador poble de Santany\u00ed<\/p>\n","protected":false},"author":1,"featured_media":101115,"comment_status":"open","ping_status":"open","sticky":false,"template":"","format":"gallery","meta":{"_acf_changed":false,"_swt_meta_header_display":false,"_swt_meta_footer_display":false,"_swt_meta_site_title_display":false,"_swt_meta_sticky_header":false,"_swt_meta_transparent_header":false,"footnotes":""},"categories":[692,955],"tags":[],"coauthors":[2053],"class_list":["post-101219","post","type-post","status-publish","format-gallery","has-post-thumbnail","hentry","category-actualitat","category-reportatges-i-novetats","post_format-post-format-gallery"],"acf":{"gallery":[101213,101207,101203,101193,101139,101135,101153,101186,101180,101177,101175,101169,101161,101115,101144,101127,101123],"home_date":{"home_begin_date":null,"home_end_date":null}},"yoast_head":"<!-- This site is optimized with the Yoast SEO plugin v27.2 - https:\/\/yoast.com\/product\/yoast-seo-wordpress\/ -->\n<title>Es Llombards viu amb molta d&#039;animaci\u00f3 la Festa des Tondre - Gastron\u00f2micament<\/title>\n<meta name=\"description\" content=\"Es Llombards viu amb molta d&#039;animaci\u00f3 la Festa des Tondre Actualitat, Reportatges i novetats La jornada va ser un \u00e8xit en aquest encantador poble de Santany\u00ed\" \/>\n<meta name=\"robots\" content=\"index, follow, max-snippet:-1, max-image-preview:large, max-video-preview:-1\" \/>\n<link rel=\"canonical\" href=\"https:\/\/web2025.gastronomicament.cat\/ca\/es-llombards-viu-amb-molta-danimacio-la-festa-des-tondre\" \/>\n<meta property=\"og:locale\" content=\"es_ES\" \/>\n<meta property=\"og:type\" content=\"article\" \/>\n<meta property=\"og:title\" content=\"Es Llombards viu amb molta d&#039;animaci\u00f3 la Festa des Tondre - Gastron\u00f2micament\" \/>\n<meta property=\"og:description\" content=\"Es Llombards viu amb molta d&#039;animaci\u00f3 la Festa des Tondre Actualitat, Reportatges i novetats La jornada va ser un \u00e8xit en aquest encantador poble de Santany\u00ed\" \/>\n<meta property=\"og:url\" content=\"https:\/\/web2025.gastronomicament.cat\/ca\/es-llombards-viu-amb-molta-danimacio-la-festa-des-tondre\" \/>\n<meta property=\"og:site_name\" content=\"Gastron\u00f2micament\" \/>\n<meta property=\"article:published_time\" content=\"2025-05-05T06:51:55+00:00\" \/>\n<meta property=\"article:modified_time\" content=\"2026-04-16T16:16:23+00:00\" \/>\n<meta property=\"og:image\" content=\"https:\/\/web2025.gastronomicament.cat\/wp-content\/uploads\/2025\/05\/Festa-des-Tondre-es-Llombats-Santanyi-2025-4.jpg\" \/>\n\t<meta property=\"og:image:width\" content=\"1600\" \/>\n\t<meta property=\"og:image:height\" content=\"1066\" \/>\n\t<meta property=\"og:image:type\" content=\"image\/jpeg\" \/>\n<meta name=\"author\" content=\"Redacci\u00f3\" \/>\n<meta name=\"twitter:card\" content=\"summary_large_image\" \/>\n<meta name=\"twitter:creator\" content=\"@gastronomicamen\" \/>\n<meta name=\"twitter:site\" content=\"@gastronomicamen\" \/>\n<meta name=\"twitter:label1\" content=\"Escrito por\" \/>\n\t<meta name=\"twitter:data1\" content=\"Redacci\u00f3\" \/>\n\t<meta name=\"twitter:label2\" content=\"Tiempo de lectura\" \/>\n\t<meta name=\"twitter:data2\" content=\"3 minutos\" \/>\n\t<meta name=\"twitter:label3\" content=\"Written by\" \/>\n\t<meta name=\"twitter:data3\" content=\"Redacci\u00f3\" \/>\n<script type=\"application\/ld+json\" class=\"yoast-schema-graph\">{\"@context\":\"https:\/\/schema.org\",\"@graph\":[{\"@type\":\"Article\",\"@id\":\"https:\/\/web2025.gastronomicament.cat\/ca\/es-llombards-viu-amb-molta-danimacio-la-festa-des-tondre#article\",\"isPartOf\":{\"@id\":\"https:\/\/web2025.gastronomicament.cat\/ca\/es-llombards-viu-amb-molta-danimacio-la-festa-des-tondre\"},\"author\":{\"name\":\"Redacci\u00f3\",\"@id\":\"https:\/\/web2025.gastronomicament.cat\/es\/#\/schema\/person\/a7c85c537a1ed62799a5b8e0f686a37f\"},\"headline\":\"Es Llombards viu amb molta d&#8217;animaci\u00f3 la Festa des Tondre\",\"datePublished\":\"2025-05-05T06:51:55+00:00\",\"dateModified\":\"2026-04-16T16:16:23+00:00\",\"mainEntityOfPage\":{\"@id\":\"https:\/\/web2025.gastronomicament.cat\/ca\/es-llombards-viu-amb-molta-danimacio-la-festa-des-tondre\"},\"wordCount\":368,\"commentCount\":0,\"publisher\":{\"@id\":\"https:\/\/web2025.gastronomicament.cat\/es\/#organization\"},\"image\":{\"@id\":\"https:\/\/web2025.gastronomicament.cat\/ca\/es-llombards-viu-amb-molta-danimacio-la-festa-des-tondre#primaryimage\"},\"thumbnailUrl\":\"https:\/\/web2025.gastronomicament.cat\/wp-content\/uploads\/2025\/05\/Festa-des-Tondre-es-Llombats-Santanyi-2025-4.jpg\",\"articleSection\":[\"Actualitat\",\"Reportatges i novetats\"],\"inLanguage\":\"es\",\"potentialAction\":[{\"@type\":\"CommentAction\",\"name\":\"Comment\",\"target\":[\"https:\/\/web2025.gastronomicament.cat\/ca\/es-llombards-viu-amb-molta-danimacio-la-festa-des-tondre#respond\"]}]},{\"@type\":\"WebPage\",\"@id\":\"https:\/\/web2025.gastronomicament.cat\/ca\/es-llombards-viu-amb-molta-danimacio-la-festa-des-tondre\",\"url\":\"https:\/\/web2025.gastronomicament.cat\/ca\/es-llombards-viu-amb-molta-danimacio-la-festa-des-tondre\",\"name\":\"Es Llombards viu amb molta d'animaci\u00f3 la Festa des Tondre - Gastron\u00f2micament\",\"isPartOf\":{\"@id\":\"https:\/\/web2025.gastronomicament.cat\/es\/#website\"},\"primaryImageOfPage\":{\"@id\":\"https:\/\/web2025.gastronomicament.cat\/ca\/es-llombards-viu-amb-molta-danimacio-la-festa-des-tondre#primaryimage\"},\"image\":{\"@id\":\"https:\/\/web2025.gastronomicament.cat\/ca\/es-llombards-viu-amb-molta-danimacio-la-festa-des-tondre#primaryimage\"},\"thumbnailUrl\":\"https:\/\/web2025.gastronomicament.cat\/wp-content\/uploads\/2025\/05\/Festa-des-Tondre-es-Llombats-Santanyi-2025-4.jpg\",\"datePublished\":\"2025-05-05T06:51:55+00:00\",\"dateModified\":\"2026-04-16T16:16:23+00:00\",\"description\":\"Es Llombards viu amb molta d'animaci\u00f3 la Festa des Tondre Actualitat, Reportatges i novetats La jornada va ser un \u00e8xit en aquest encantador poble de Santany\u00ed\",\"inLanguage\":\"es\",\"potentialAction\":[{\"@type\":\"ReadAction\",\"target\":[\"https:\/\/web2025.gastronomicament.cat\/ca\/es-llombards-viu-amb-molta-danimacio-la-festa-des-tondre\"]}]},{\"@type\":\"ImageObject\",\"inLanguage\":\"es\",\"@id\":\"https:\/\/web2025.gastronomicament.cat\/ca\/es-llombards-viu-amb-molta-danimacio-la-festa-des-tondre#primaryimage\",\"url\":\"https:\/\/web2025.gastronomicament.cat\/wp-content\/uploads\/2025\/05\/Festa-des-Tondre-es-Llombats-Santanyi-2025-4.jpg\",\"contentUrl\":\"https:\/\/web2025.gastronomicament.cat\/wp-content\/uploads\/2025\/05\/Festa-des-Tondre-es-Llombats-Santanyi-2025-4.jpg\",\"width\":1600,\"height\":1066},{\"@type\":\"WebSite\",\"@id\":\"https:\/\/web2025.gastronomicament.cat\/es\/#website\",\"url\":\"https:\/\/web2025.gastronomicament.cat\/es\/\",\"name\":\"Gastron\u00f2micament\",\"description\":\"Portal de restaurants, receptes i actualitat gastron\u00f2mica\",\"publisher\":{\"@id\":\"https:\/\/web2025.gastronomicament.cat\/es\/#organization\"},\"potentialAction\":[{\"@type\":\"SearchAction\",\"target\":{\"@type\":\"EntryPoint\",\"urlTemplate\":\"https:\/\/web2025.gastronomicament.cat\/es\/?s={search_term_string}\"},\"query-input\":{\"@type\":\"PropertyValueSpecification\",\"valueRequired\":true,\"valueName\":\"search_term_string\"}}],\"inLanguage\":\"es\"},{\"@type\":\"Organization\",\"@id\":\"https:\/\/web2025.gastronomicament.cat\/es\/#organization\",\"name\":\"Gastron\u00f2micament\",\"url\":\"https:\/\/web2025.gastronomicament.cat\/es\/\",\"logo\":{\"@type\":\"ImageObject\",\"inLanguage\":\"es\",\"@id\":\"https:\/\/web2025.gastronomicament.cat\/es\/#\/schema\/logo\/image\/\",\"url\":\"https:\/\/web2025.gastronomicament.cat\/wp-content\/uploads\/2016\/09\/header-logo.jpg\",\"contentUrl\":\"https:\/\/web2025.gastronomicament.cat\/wp-content\/uploads\/2016\/09\/header-logo.jpg\",\"width\":277,\"height\":39,\"caption\":\"Gastron\u00f2micament\"},\"image\":{\"@id\":\"https:\/\/web2025.gastronomicament.cat\/es\/#\/schema\/logo\/image\/\"},\"sameAs\":[\"https:\/\/x.com\/gastronomicamen\"]},{\"@type\":\"Person\",\"@id\":\"https:\/\/web2025.gastronomicament.cat\/es\/#\/schema\/person\/a7c85c537a1ed62799a5b8e0f686a37f\",\"name\":\"Redacci\u00f3\",\"image\":{\"@type\":\"ImageObject\",\"inLanguage\":\"es\",\"@id\":\"https:\/\/secure.gravatar.com\/avatar\/9489a485c464fd611d33825daae651d13db70c4e74c65c94937a15a9d4c3ee14?s=96&d=mm&r=g69fea3cce3645dfa2166e7293e22955e\",\"url\":\"https:\/\/secure.gravatar.com\/avatar\/9489a485c464fd611d33825daae651d13db70c4e74c65c94937a15a9d4c3ee14?s=96&d=mm&r=g\",\"contentUrl\":\"https:\/\/secure.gravatar.com\/avatar\/9489a485c464fd611d33825daae651d13db70c4e74c65c94937a15a9d4c3ee14?s=96&d=mm&r=g\",\"caption\":\"Redacci\u00f3\"},\"sameAs\":[\"http:\/\/gastronomicament.cat\"],\"url\":\"https:\/\/web2025.gastronomicament.cat\/es\/author\/admin\"}]}<\/script>\n<!-- \/ Yoast SEO plugin. -->","yoast_head_json":{"title":"Es Llombards viu amb molta d'animaci\u00f3 la Festa des Tondre - Gastron\u00f2micament","description":"Es Llombards viu amb molta d'animaci\u00f3 la Festa des Tondre Actualitat, Reportatges i novetats La jornada va ser un \u00e8xit en aquest encantador poble de Santany\u00ed","robots":{"index":"index","follow":"follow","max-snippet":"max-snippet:-1","max-image-preview":"max-image-preview:large","max-video-preview":"max-video-preview:-1"},"canonical":"https:\/\/web2025.gastronomicament.cat\/ca\/es-llombards-viu-amb-molta-danimacio-la-festa-des-tondre","og_locale":"es_ES","og_type":"article","og_title":"Es Llombards viu amb molta d'animaci\u00f3 la Festa des Tondre - Gastron\u00f2micament","og_description":"Es Llombards viu amb molta d'animaci\u00f3 la Festa des Tondre Actualitat, Reportatges i novetats La jornada va ser un \u00e8xit en aquest encantador poble de Santany\u00ed","og_url":"https:\/\/web2025.gastronomicament.cat\/ca\/es-llombards-viu-amb-molta-danimacio-la-festa-des-tondre","og_site_name":"Gastron\u00f2micament","article_published_time":"2025-05-05T06:51:55+00:00","article_modified_time":"2026-04-16T16:16:23+00:00","og_image":[{"width":1600,"height":1066,"url":"https:\/\/web2025.gastronomicament.cat\/wp-content\/uploads\/2025\/05\/Festa-des-Tondre-es-Llombats-Santanyi-2025-4.jpg","type":"image\/jpeg"}],"author":"Redacci\u00f3","twitter_card":"summary_large_image","twitter_creator":"@gastronomicamen","twitter_site":"@gastronomicamen","twitter_misc":{"Escrito por":"Redacci\u00f3","Tiempo de lectura":"3 minutos","Written by":"Redacci\u00f3"},"schema":{"@context":"https:\/\/schema.org","@graph":[{"@type":"Article","@id":"https:\/\/web2025.gastronomicament.cat\/ca\/es-llombards-viu-amb-molta-danimacio-la-festa-des-tondre#article","isPartOf":{"@id":"https:\/\/web2025.gastronomicament.cat\/ca\/es-llombards-viu-amb-molta-danimacio-la-festa-des-tondre"},"author":{"name":"Redacci\u00f3","@id":"https:\/\/web2025.gastronomicament.cat\/es\/#\/schema\/person\/a7c85c537a1ed62799a5b8e0f686a37f"},"headline":"Es Llombards viu amb molta d&#8217;animaci\u00f3 la Festa des Tondre","datePublished":"2025-05-05T06:51:55+00:00","dateModified":"2026-04-16T16:16:23+00:00","mainEntityOfPage":{"@id":"https:\/\/web2025.gastronomicament.cat\/ca\/es-llombards-viu-amb-molta-danimacio-la-festa-des-tondre"},"wordCount":368,"commentCount":0,"publisher":{"@id":"https:\/\/web2025.gastronomicament.cat\/es\/#organization"},"image":{"@id":"https:\/\/web2025.gastronomicament.cat\/ca\/es-llombards-viu-amb-molta-danimacio-la-festa-des-tondre#primaryimage"},"thumbnailUrl":"https:\/\/web2025.gastronomicament.cat\/wp-content\/uploads\/2025\/05\/Festa-des-Tondre-es-Llombats-Santanyi-2025-4.jpg","articleSection":["Actualitat","Reportatges i novetats"],"inLanguage":"es","potentialAction":[{"@type":"CommentAction","name":"Comment","target":["https:\/\/web2025.gastronomicament.cat\/ca\/es-llombards-viu-amb-molta-danimacio-la-festa-des-tondre#respond"]}]},{"@type":"WebPage","@id":"https:\/\/web2025.gastronomicament.cat\/ca\/es-llombards-viu-amb-molta-danimacio-la-festa-des-tondre","url":"https:\/\/web2025.gastronomicament.cat\/ca\/es-llombards-viu-amb-molta-danimacio-la-festa-des-tondre","name":"Es Llombards viu amb molta d'animaci\u00f3 la Festa des Tondre - Gastron\u00f2micament","isPartOf":{"@id":"https:\/\/web2025.gastronomicament.cat\/es\/#website"},"primaryImageOfPage":{"@id":"https:\/\/web2025.gastronomicament.cat\/ca\/es-llombards-viu-amb-molta-danimacio-la-festa-des-tondre#primaryimage"},"image":{"@id":"https:\/\/web2025.gastronomicament.cat\/ca\/es-llombards-viu-amb-molta-danimacio-la-festa-des-tondre#primaryimage"},"thumbnailUrl":"https:\/\/web2025.gastronomicament.cat\/wp-content\/uploads\/2025\/05\/Festa-des-Tondre-es-Llombats-Santanyi-2025-4.jpg","datePublished":"2025-05-05T06:51:55+00:00","dateModified":"2026-04-16T16:16:23+00:00","description":"Es Llombards viu amb molta d'animaci\u00f3 la Festa des Tondre Actualitat, Reportatges i novetats La jornada va ser un \u00e8xit en aquest encantador poble de Santany\u00ed","inLanguage":"es","potentialAction":[{"@type":"ReadAction","target":["https:\/\/web2025.gastronomicament.cat\/ca\/es-llombards-viu-amb-molta-danimacio-la-festa-des-tondre"]}]},{"@type":"ImageObject","inLanguage":"es","@id":"https:\/\/web2025.gastronomicament.cat\/ca\/es-llombards-viu-amb-molta-danimacio-la-festa-des-tondre#primaryimage","url":"https:\/\/web2025.gastronomicament.cat\/wp-content\/uploads\/2025\/05\/Festa-des-Tondre-es-Llombats-Santanyi-2025-4.jpg","contentUrl":"https:\/\/web2025.gastronomicament.cat\/wp-content\/uploads\/2025\/05\/Festa-des-Tondre-es-Llombats-Santanyi-2025-4.jpg","width":1600,"height":1066},{"@type":"WebSite","@id":"https:\/\/web2025.gastronomicament.cat\/es\/#website","url":"https:\/\/web2025.gastronomicament.cat\/es\/","name":"Gastron\u00f2micament","description":"Portal de restaurants, receptes i actualitat gastron\u00f2mica","publisher":{"@id":"https:\/\/web2025.gastronomicament.cat\/es\/#organization"},"potentialAction":[{"@type":"SearchAction","target":{"@type":"EntryPoint","urlTemplate":"https:\/\/web2025.gastronomicament.cat\/es\/?s={search_term_string}"},"query-input":{"@type":"PropertyValueSpecification","valueRequired":true,"valueName":"search_term_string"}}],"inLanguage":"es"},{"@type":"Organization","@id":"https:\/\/web2025.gastronomicament.cat\/es\/#organization","name":"Gastron\u00f2micament","url":"https:\/\/web2025.gastronomicament.cat\/es\/","logo":{"@type":"ImageObject","inLanguage":"es","@id":"https:\/\/web2025.gastronomicament.cat\/es\/#\/schema\/logo\/image\/","url":"https:\/\/web2025.gastronomicament.cat\/wp-content\/uploads\/2016\/09\/header-logo.jpg","contentUrl":"https:\/\/web2025.gastronomicament.cat\/wp-content\/uploads\/2016\/09\/header-logo.jpg","width":277,"height":39,"caption":"Gastron\u00f2micament"},"image":{"@id":"https:\/\/web2025.gastronomicament.cat\/es\/#\/schema\/logo\/image\/"},"sameAs":["https:\/\/x.com\/gastronomicamen"]},{"@type":"Person","@id":"https:\/\/web2025.gastronomicament.cat\/es\/#\/schema\/person\/a7c85c537a1ed62799a5b8e0f686a37f","name":"Redacci\u00f3","image":{"@type":"ImageObject","inLanguage":"es","@id":"https:\/\/secure.gravatar.com\/avatar\/9489a485c464fd611d33825daae651d13db70c4e74c65c94937a15a9d4c3ee14?s=96&d=mm&r=g69fea3cce3645dfa2166e7293e22955e","url":"https:\/\/secure.gravatar.com\/avatar\/9489a485c464fd611d33825daae651d13db70c4e74c65c94937a15a9d4c3ee14?s=96&d=mm&r=g","contentUrl":"https:\/\/secure.gravatar.com\/avatar\/9489a485c464fd611d33825daae651d13db70c4e74c65c94937a15a9d4c3ee14?s=96&d=mm&r=g","caption":"Redacci\u00f3"},"sameAs":["http:\/\/gastronomicament.cat"],"url":"https:\/\/web2025.gastronomicament.cat\/es\/author\/admin"}]}},"_links":{"self":[{"href":"https:\/\/web2025.gastronomicament.cat\/es\/wp-json\/wp\/v2\/posts\/101219","targetHints":{"allow":["GET"]}}],"collection":[{"href":"https:\/\/web2025.gastronomicament.cat\/es\/wp-json\/wp\/v2\/posts"}],"about":[{"href":"https:\/\/web2025.gastronomicament.cat\/es\/wp-json\/wp\/v2\/types\/post"}],"author":[{"embeddable":true,"href":"https:\/\/web2025.gastronomicament.cat\/es\/wp-json\/wp\/v2\/users\/1"}],"replies":[{"embeddable":true,"href":"https:\/\/web2025.gastronomicament.cat\/es\/wp-json\/wp\/v2\/comments?post=101219"}],"version-history":[{"count":0,"href":"https:\/\/web2025.gastronomicament.cat\/es\/wp-json\/wp\/v2\/posts\/101219\/revisions"}],"acf:attachment":[{"embeddable":true,"href":"https:\/\/web2025.gastronomicament.cat\/es\/wp-json\/wp\/v2\/media\/101123"},{"embeddable":true,"href":"https:\/\/web2025.gastronomicament.cat\/es\/wp-json\/wp\/v2\/media\/101127"},{"embeddable":true,"href":"https:\/\/web2025.gastronomicament.cat\/es\/wp-json\/wp\/v2\/media\/101144"},{"embeddable":true,"href":"https:\/\/web2025.gastronomicament.cat\/es\/wp-json\/wp\/v2\/media\/101115"},{"embeddable":true,"href":"https:\/\/web2025.gastronomicament.cat\/es\/wp-json\/wp\/v2\/media\/101161"},{"embeddable":true,"href":"https:\/\/web2025.gastronomicament.cat\/es\/wp-json\/wp\/v2\/media\/101169"},{"embeddable":true,"href":"https:\/\/web2025.gastronomicament.cat\/es\/wp-json\/wp\/v2\/media\/101175"},{"embeddable":true,"href":"https:\/\/web2025.gastronomicament.cat\/es\/wp-json\/wp\/v2\/media\/101177"},{"embeddable":true,"href":"https:\/\/web2025.gastronomicament.cat\/es\/wp-json\/wp\/v2\/media\/101180"},{"embeddable":true,"href":"https:\/\/web2025.gastronomicament.cat\/es\/wp-json\/wp\/v2\/media\/101186"},{"embeddable":true,"href":"https:\/\/web2025.gastronomicament.cat\/es\/wp-json\/wp\/v2\/media\/101153"},{"embeddable":true,"href":"https:\/\/web2025.gastronomicament.cat\/es\/wp-json\/wp\/v2\/media\/101135"},{"embeddable":true,"href":"https:\/\/web2025.gastronomicament.cat\/es\/wp-json\/wp\/v2\/media\/101139"},{"embeddable":true,"href":"https:\/\/web2025.gastronomicament.cat\/es\/wp-json\/wp\/v2\/media\/101193"},{"embeddable":true,"href":"https:\/\/web2025.gastronomicament.cat\/es\/wp-json\/wp\/v2\/media\/101203"},{"embeddable":true,"href":"https:\/\/web2025.gastronomicament.cat\/es\/wp-json\/wp\/v2\/media\/101207"},{"embeddable":true,"href":"https:\/\/web2025.gastronomicament.cat\/es\/wp-json\/wp\/v2\/media\/101213"}],"wp:featuredmedia":[{"embeddable":true,"href":"https:\/\/web2025.gastronomicament.cat\/es\/wp-json\/wp\/v2\/media\/101115"}],"wp:attachment":[{"href":"https:\/\/web2025.gastronomicament.cat\/es\/wp-json\/wp\/v2\/media?parent=101219"}],"wp:term":[{"taxonomy":"category","embeddable":true,"href":"https:\/\/web2025.gastronomicament.cat\/es\/wp-json\/wp\/v2\/categories?post=101219"},{"taxonomy":"post_tag","embeddable":true,"href":"https:\/\/web2025.gastronomicament.cat\/es\/wp-json\/wp\/v2\/tags?post=101219"},{"taxonomy":"author","embeddable":true,"href":"https:\/\/web2025.gastronomicament.cat\/es\/wp-json\/wp\/v2\/coauthors?post=101219"}],"curies":[{"name":"wp","href":"https:\/\/api.w.org\/{rel}","templated":true}]}}