{"id":60482,"date":"2020-06-04T09:58:03","date_gmt":"2020-06-04T07:58:03","guid":{"rendered":"https:\/\/gastronomicament.cat\/raixa-tendra-la-col%c2%b7leccio-mes-completa-de-varietats-locals-de-citrics"},"modified":"2020-06-04T09:58:03","modified_gmt":"2020-06-04T07:58:03","slug":"raixa-tendra-la-col%c2%b7leccio-mes-completa-de-varietats-locals-de-citrics","status":"publish","type":"post","link":"https:\/\/web2025.gastronomicament.cat\/en\/raixa-tendra-la-col%c2%b7leccio-mes-completa-de-varietats-locals-de-citrics","title":{"rendered":"Raixa tendr\u00e0 la col\u00b7lecci\u00f3 m\u00e9s completa de varietats locals de c\u00edtrics"},"content":{"rendered":"<p>L&#8217;Institut de Recerca i Formaci\u00f3 Agr\u00e0ria i Pesquera de les Illes Balears (IRFAP), est\u00e0 implantant aquests dies una col\u00b7lecci\u00f3 de varietats locals de c\u00edtrics a la finca p\u00fablica de Raixa. Aquesta col\u00b7lecci\u00f3 pret\u00e9n ser el banc de germoplasma de c\u00edtrics m\u00e9s complet de Mallorca.<\/p>\n<p>Segons explica el Govern de les Illes Balears en un comunicat, la col\u00b7lecci\u00f3 inclou 16 varietats locals, entre llimoner, taronger i mandariner, amb cinc arbres per cada varietat, que se sembren als jardins de la possessi\u00f3.<\/p>\n<p>La iniciativa \u00e9s fruit del conveni entre el Govern i el Consell de Mallorca, propietari de la finca, per a la recuperaci\u00f3 dels cultius fruct\u00edcoles i la conservaci\u00f3 de varietats locals, per a la recuperaci\u00f3 de la fisonomia agr\u00edcola d\u2019aquesta possessi\u00f3 i com a element paisatg\u00edstic dins la Serra de Tramuntana.<\/p>\n<p><strong>Bernat Canyelles<\/strong>, t\u00e8cnic de l\u2019IRFAP, coordina els emplets. La t\u00e8cnica que s&#8217;usa \u00e9s la d\u2019<strong>escutet<\/strong>, sobre els preus de volkameriana (plantats l\u2019any 2018), a partir de material vegetal de la finca de Sa Granja i d\u2019altres mudes procedents d\u2019altres indrets de Mallorca.<\/p>\n<p>Les varietats que s\u2019implanten s\u00f3n:<\/p>\n<ul>\n<li>Llimonera Santa Ll\u00facia<\/li>\n<li>Mandariner de Fulla menuda<\/li>\n<li>Taronger Calif\u00f2rnia<\/li>\n<li>Taronger Joan Poteta<\/li>\n<li>Taronger Pereta<\/li>\n<li>Taronger Verna<\/li>\n<li>Taronger Alberola<\/li>\n<li>Taronger Granet d\u2019Or<\/li>\n<li>Taronger Canoneta<\/li>\n<li>Taronger Cadena<\/li>\n<li>Taronger Primerenca<\/li>\n<li>Taronger Extraprimerenca<\/li>\n<li>Taronger Pua<\/li>\n<li>Taronger Imperial<\/li>\n<li>Taronger Fada<\/li>\n<li>Taronger Cul d\u2019ou<\/li>\n<\/ul>\n","protected":false},"excerpt":{"rendered":"<p>La col\u00b7lecci\u00f3 inclou 16 varietats locals, entre llimoner, taronger i mandariner, amb cinc arbres per cada&hellip;<\/p>\n","protected":false},"author":1,"featured_media":60483,"comment_status":"open","ping_status":"closed","sticky":false,"template":"","format":"gallery","meta":{"_acf_changed":false,"_swt_meta_header_display":false,"_swt_meta_footer_display":false,"_swt_meta_site_title_display":false,"_swt_meta_sticky_header":false,"_swt_meta_transparent_header":false,"footnotes":""},"categories":[1046,1475],"tags":[],"coauthors":[],"class_list":["post-60482","post","type-post","status-publish","format-gallery","has-post-thumbnail","hentry","category-actualitat-es-en","category-reportatges-i-novetats-en","post_format-post-format-gallery"],"acf":{"gallery":null,"home_date":{"home_begin_date":null,"home_end_date":null}},"yoast_head":"<!-- This site is optimized with the Yoast SEO plugin v27.2 - https:\/\/yoast.com\/product\/yoast-seo-wordpress\/ -->\n<title>Raixa tendr\u00e0 la col\u00b7lecci\u00f3 m\u00e9s completa de varietats locals de c\u00edtrics - Gastron\u00f2micament<\/title>\n<meta name=\"description\" content=\"Raixa tendr\u00e0 la col\u00b7lecci\u00f3 m\u00e9s completa de varietats locals de c\u00edtrics Actualitat, Reportatges i novetats La col\u00b7lecci\u00f3 inclou 16 varietats locals, entre llimoner, taronger i mandariner, amb cinc arbres per cada varietat, que se sembren als jardins de la possessi\u00f3\" \/>\n<meta name=\"robots\" content=\"index, follow, max-snippet:-1, max-image-preview:large, max-video-preview:-1\" \/>\n<link rel=\"canonical\" href=\"https:\/\/web2025.gastronomicament.cat\/en\/raixa-tendra-la-col\u00b7leccio-mes-completa-de-varietats-locals-de-citrics\" \/>\n<meta property=\"og:locale\" content=\"en_US\" \/>\n<meta property=\"og:type\" content=\"article\" \/>\n<meta property=\"og:title\" content=\"Raixa tendr\u00e0 la col\u00b7lecci\u00f3 m\u00e9s completa de varietats locals de c\u00edtrics - Gastron\u00f2micament\" \/>\n<meta property=\"og:description\" content=\"Raixa tendr\u00e0 la col\u00b7lecci\u00f3 m\u00e9s completa de varietats locals de c\u00edtrics Actualitat, Reportatges i novetats La col\u00b7lecci\u00f3 inclou 16 varietats locals, entre llimoner, taronger i mandariner, amb cinc arbres per cada varietat, que se sembren als jardins de la possessi\u00f3\" \/>\n<meta property=\"og:url\" content=\"https:\/\/web2025.gastronomicament.cat\/en\/raixa-tendra-la-col\u00b7leccio-mes-completa-de-varietats-locals-de-citrics\" \/>\n<meta property=\"og:site_name\" content=\"Gastron\u00f2micament\" \/>\n<meta property=\"article:published_time\" content=\"2020-06-04T07:58:03+00:00\" \/>\n<meta property=\"og:image\" content=\"https:\/\/web2025.gastronomicament.cat\/wp-content\/uploads\/2020\/06\/Bernat-Canyelles-citrics-autoctons-Raixa.jpg\" \/>\n\t<meta property=\"og:image:width\" content=\"1280\" \/>\n\t<meta property=\"og:image:height\" content=\"588\" \/>\n\t<meta property=\"og:image:type\" content=\"image\/jpeg\" \/>\n<meta name=\"author\" content=\"Redacci\u00f3\" \/>\n<meta name=\"twitter:card\" content=\"summary_large_image\" \/>\n<meta name=\"twitter:creator\" content=\"@gastronomicamen\" \/>\n<meta name=\"twitter:site\" content=\"@gastronomicamen\" \/>\n<meta name=\"twitter:label1\" content=\"Written by\" \/>\n\t<meta name=\"twitter:data1\" content=\"Redacci\u00f3\" \/>\n\t<meta name=\"twitter:label2\" content=\"Est. reading time\" \/>\n\t<meta name=\"twitter:data2\" content=\"1 minute\" \/>\n<script type=\"application\/ld+json\" class=\"yoast-schema-graph\">{\"@context\":\"https:\/\/schema.org\",\"@graph\":[{\"@type\":\"Article\",\"@id\":\"https:\/\/web2025.gastronomicament.cat\/en\/raixa-tendra-la-col%c2%b7leccio-mes-completa-de-varietats-locals-de-citrics#article\",\"isPartOf\":{\"@id\":\"https:\/\/web2025.gastronomicament.cat\/en\/raixa-tendra-la-col%c2%b7leccio-mes-completa-de-varietats-locals-de-citrics\"},\"author\":{\"name\":\"Redacci\u00f3\",\"@id\":\"https:\/\/web2025.gastronomicament.cat\/es\/#\/schema\/person\/a7c85c537a1ed62799a5b8e0f686a37f\"},\"headline\":\"Raixa tendr\u00e0 la col\u00b7lecci\u00f3 m\u00e9s completa de varietats locals de c\u00edtrics\",\"datePublished\":\"2020-06-04T07:58:03+00:00\",\"mainEntityOfPage\":{\"@id\":\"https:\/\/web2025.gastronomicament.cat\/en\/raixa-tendra-la-col%c2%b7leccio-mes-completa-de-varietats-locals-de-citrics\"},\"wordCount\":254,\"commentCount\":0,\"publisher\":{\"@id\":\"https:\/\/web2025.gastronomicament.cat\/es\/#organization\"},\"image\":{\"@id\":\"https:\/\/web2025.gastronomicament.cat\/en\/raixa-tendra-la-col%c2%b7leccio-mes-completa-de-varietats-locals-de-citrics#primaryimage\"},\"thumbnailUrl\":\"https:\/\/web2025.gastronomicament.cat\/wp-content\/uploads\/2020\/06\/Bernat-Canyelles-citrics-autoctons-Raixa.jpg\",\"articleSection\":[\"Actualitat\",\"Reportatges i novetats\"],\"inLanguage\":\"en-US\",\"potentialAction\":[{\"@type\":\"CommentAction\",\"name\":\"Comment\",\"target\":[\"https:\/\/web2025.gastronomicament.cat\/en\/raixa-tendra-la-col%c2%b7leccio-mes-completa-de-varietats-locals-de-citrics#respond\"]}]},{\"@type\":\"WebPage\",\"@id\":\"https:\/\/web2025.gastronomicament.cat\/en\/raixa-tendra-la-col%c2%b7leccio-mes-completa-de-varietats-locals-de-citrics\",\"url\":\"https:\/\/web2025.gastronomicament.cat\/en\/raixa-tendra-la-col%c2%b7leccio-mes-completa-de-varietats-locals-de-citrics\",\"name\":\"Raixa tendr\u00e0 la col\u00b7lecci\u00f3 m\u00e9s completa de varietats locals de c\u00edtrics - Gastron\u00f2micament\",\"isPartOf\":{\"@id\":\"https:\/\/web2025.gastronomicament.cat\/es\/#website\"},\"primaryImageOfPage\":{\"@id\":\"https:\/\/web2025.gastronomicament.cat\/en\/raixa-tendra-la-col%c2%b7leccio-mes-completa-de-varietats-locals-de-citrics#primaryimage\"},\"image\":{\"@id\":\"https:\/\/web2025.gastronomicament.cat\/en\/raixa-tendra-la-col%c2%b7leccio-mes-completa-de-varietats-locals-de-citrics#primaryimage\"},\"thumbnailUrl\":\"https:\/\/web2025.gastronomicament.cat\/wp-content\/uploads\/2020\/06\/Bernat-Canyelles-citrics-autoctons-Raixa.jpg\",\"datePublished\":\"2020-06-04T07:58:03+00:00\",\"description\":\"Raixa tendr\u00e0 la col\u00b7lecci\u00f3 m\u00e9s completa de varietats locals de c\u00edtrics Actualitat, Reportatges i novetats La col\u00b7lecci\u00f3 inclou 16 varietats locals, entre llimoner, taronger i mandariner, amb cinc arbres per cada varietat, que se sembren als jardins de la possessi\u00f3\",\"inLanguage\":\"en-US\",\"potentialAction\":[{\"@type\":\"ReadAction\",\"target\":[\"https:\/\/web2025.gastronomicament.cat\/en\/raixa-tendra-la-col%c2%b7leccio-mes-completa-de-varietats-locals-de-citrics\"]}]},{\"@type\":\"ImageObject\",\"inLanguage\":\"en-US\",\"@id\":\"https:\/\/web2025.gastronomicament.cat\/en\/raixa-tendra-la-col%c2%b7leccio-mes-completa-de-varietats-locals-de-citrics#primaryimage\",\"url\":\"https:\/\/web2025.gastronomicament.cat\/wp-content\/uploads\/2020\/06\/Bernat-Canyelles-citrics-autoctons-Raixa.jpg\",\"contentUrl\":\"https:\/\/web2025.gastronomicament.cat\/wp-content\/uploads\/2020\/06\/Bernat-Canyelles-citrics-autoctons-Raixa.jpg\",\"width\":1280,\"height\":588},{\"@type\":\"WebSite\",\"@id\":\"https:\/\/web2025.gastronomicament.cat\/es\/#website\",\"url\":\"https:\/\/web2025.gastronomicament.cat\/es\/\",\"name\":\"Gastron\u00f2micament\",\"description\":\"Portal de restaurants, receptes i actualitat gastron\u00f2mica\",\"publisher\":{\"@id\":\"https:\/\/web2025.gastronomicament.cat\/es\/#organization\"},\"potentialAction\":[{\"@type\":\"SearchAction\",\"target\":{\"@type\":\"EntryPoint\",\"urlTemplate\":\"https:\/\/web2025.gastronomicament.cat\/es\/?s={search_term_string}\"},\"query-input\":{\"@type\":\"PropertyValueSpecification\",\"valueRequired\":true,\"valueName\":\"search_term_string\"}}],\"inLanguage\":\"en-US\"},{\"@type\":\"Organization\",\"@id\":\"https:\/\/web2025.gastronomicament.cat\/es\/#organization\",\"name\":\"Gastron\u00f2micament\",\"url\":\"https:\/\/web2025.gastronomicament.cat\/es\/\",\"logo\":{\"@type\":\"ImageObject\",\"inLanguage\":\"en-US\",\"@id\":\"https:\/\/web2025.gastronomicament.cat\/es\/#\/schema\/logo\/image\/\",\"url\":\"https:\/\/web2025.gastronomicament.cat\/wp-content\/uploads\/2016\/09\/header-logo.jpg\",\"contentUrl\":\"https:\/\/web2025.gastronomicament.cat\/wp-content\/uploads\/2016\/09\/header-logo.jpg\",\"width\":277,\"height\":39,\"caption\":\"Gastron\u00f2micament\"},\"image\":{\"@id\":\"https:\/\/web2025.gastronomicament.cat\/es\/#\/schema\/logo\/image\/\"},\"sameAs\":[\"https:\/\/x.com\/gastronomicamen\"]},{\"@type\":\"Person\",\"@id\":\"https:\/\/web2025.gastronomicament.cat\/es\/#\/schema\/person\/a7c85c537a1ed62799a5b8e0f686a37f\",\"name\":\"Redacci\u00f3\",\"image\":{\"@type\":\"ImageObject\",\"inLanguage\":\"en-US\",\"@id\":\"https:\/\/secure.gravatar.com\/avatar\/9489a485c464fd611d33825daae651d13db70c4e74c65c94937a15a9d4c3ee14?s=96&d=mm&r=g69fea3cce3645dfa2166e7293e22955e\",\"url\":\"https:\/\/secure.gravatar.com\/avatar\/9489a485c464fd611d33825daae651d13db70c4e74c65c94937a15a9d4c3ee14?s=96&d=mm&r=g\",\"contentUrl\":\"https:\/\/secure.gravatar.com\/avatar\/9489a485c464fd611d33825daae651d13db70c4e74c65c94937a15a9d4c3ee14?s=96&d=mm&r=g\",\"caption\":\"Redacci\u00f3\"},\"sameAs\":[\"http:\/\/gastronomicament.cat\"],\"url\":\"https:\/\/web2025.gastronomicament.cat\/en\/author\/admin\"}]}<\/script>\n<!-- \/ Yoast SEO plugin. -->","yoast_head_json":{"title":"Raixa tendr\u00e0 la col\u00b7lecci\u00f3 m\u00e9s completa de varietats locals de c\u00edtrics - Gastron\u00f2micament","description":"Raixa tendr\u00e0 la col\u00b7lecci\u00f3 m\u00e9s completa de varietats locals de c\u00edtrics Actualitat, Reportatges i novetats La col\u00b7lecci\u00f3 inclou 16 varietats locals, entre llimoner, taronger i mandariner, amb cinc arbres per cada varietat, que se sembren als jardins de la possessi\u00f3","robots":{"index":"index","follow":"follow","max-snippet":"max-snippet:-1","max-image-preview":"max-image-preview:large","max-video-preview":"max-video-preview:-1"},"canonical":"https:\/\/web2025.gastronomicament.cat\/en\/raixa-tendra-la-col\u00b7leccio-mes-completa-de-varietats-locals-de-citrics","og_locale":"en_US","og_type":"article","og_title":"Raixa tendr\u00e0 la col\u00b7lecci\u00f3 m\u00e9s completa de varietats locals de c\u00edtrics - Gastron\u00f2micament","og_description":"Raixa tendr\u00e0 la col\u00b7lecci\u00f3 m\u00e9s completa de varietats locals de c\u00edtrics Actualitat, Reportatges i novetats La col\u00b7lecci\u00f3 inclou 16 varietats locals, entre llimoner, taronger i mandariner, amb cinc arbres per cada varietat, que se sembren als jardins de la possessi\u00f3","og_url":"https:\/\/web2025.gastronomicament.cat\/en\/raixa-tendra-la-col\u00b7leccio-mes-completa-de-varietats-locals-de-citrics","og_site_name":"Gastron\u00f2micament","article_published_time":"2020-06-04T07:58:03+00:00","og_image":[{"width":1280,"height":588,"url":"https:\/\/web2025.gastronomicament.cat\/wp-content\/uploads\/2020\/06\/Bernat-Canyelles-citrics-autoctons-Raixa.jpg","type":"image\/jpeg"}],"author":"Redacci\u00f3","twitter_card":"summary_large_image","twitter_creator":"@gastronomicamen","twitter_site":"@gastronomicamen","twitter_misc":{"Written by":"Redacci\u00f3","Est. reading time":"1 minute"},"schema":{"@context":"https:\/\/schema.org","@graph":[{"@type":"Article","@id":"https:\/\/web2025.gastronomicament.cat\/en\/raixa-tendra-la-col%c2%b7leccio-mes-completa-de-varietats-locals-de-citrics#article","isPartOf":{"@id":"https:\/\/web2025.gastronomicament.cat\/en\/raixa-tendra-la-col%c2%b7leccio-mes-completa-de-varietats-locals-de-citrics"},"author":{"name":"Redacci\u00f3","@id":"https:\/\/web2025.gastronomicament.cat\/es\/#\/schema\/person\/a7c85c537a1ed62799a5b8e0f686a37f"},"headline":"Raixa tendr\u00e0 la col\u00b7lecci\u00f3 m\u00e9s completa de varietats locals de c\u00edtrics","datePublished":"2020-06-04T07:58:03+00:00","mainEntityOfPage":{"@id":"https:\/\/web2025.gastronomicament.cat\/en\/raixa-tendra-la-col%c2%b7leccio-mes-completa-de-varietats-locals-de-citrics"},"wordCount":254,"commentCount":0,"publisher":{"@id":"https:\/\/web2025.gastronomicament.cat\/es\/#organization"},"image":{"@id":"https:\/\/web2025.gastronomicament.cat\/en\/raixa-tendra-la-col%c2%b7leccio-mes-completa-de-varietats-locals-de-citrics#primaryimage"},"thumbnailUrl":"https:\/\/web2025.gastronomicament.cat\/wp-content\/uploads\/2020\/06\/Bernat-Canyelles-citrics-autoctons-Raixa.jpg","articleSection":["Actualitat","Reportatges i novetats"],"inLanguage":"en-US","potentialAction":[{"@type":"CommentAction","name":"Comment","target":["https:\/\/web2025.gastronomicament.cat\/en\/raixa-tendra-la-col%c2%b7leccio-mes-completa-de-varietats-locals-de-citrics#respond"]}]},{"@type":"WebPage","@id":"https:\/\/web2025.gastronomicament.cat\/en\/raixa-tendra-la-col%c2%b7leccio-mes-completa-de-varietats-locals-de-citrics","url":"https:\/\/web2025.gastronomicament.cat\/en\/raixa-tendra-la-col%c2%b7leccio-mes-completa-de-varietats-locals-de-citrics","name":"Raixa tendr\u00e0 la col\u00b7lecci\u00f3 m\u00e9s completa de varietats locals de c\u00edtrics - Gastron\u00f2micament","isPartOf":{"@id":"https:\/\/web2025.gastronomicament.cat\/es\/#website"},"primaryImageOfPage":{"@id":"https:\/\/web2025.gastronomicament.cat\/en\/raixa-tendra-la-col%c2%b7leccio-mes-completa-de-varietats-locals-de-citrics#primaryimage"},"image":{"@id":"https:\/\/web2025.gastronomicament.cat\/en\/raixa-tendra-la-col%c2%b7leccio-mes-completa-de-varietats-locals-de-citrics#primaryimage"},"thumbnailUrl":"https:\/\/web2025.gastronomicament.cat\/wp-content\/uploads\/2020\/06\/Bernat-Canyelles-citrics-autoctons-Raixa.jpg","datePublished":"2020-06-04T07:58:03+00:00","description":"Raixa tendr\u00e0 la col\u00b7lecci\u00f3 m\u00e9s completa de varietats locals de c\u00edtrics Actualitat, Reportatges i novetats La col\u00b7lecci\u00f3 inclou 16 varietats locals, entre llimoner, taronger i mandariner, amb cinc arbres per cada varietat, que se sembren als jardins de la possessi\u00f3","inLanguage":"en-US","potentialAction":[{"@type":"ReadAction","target":["https:\/\/web2025.gastronomicament.cat\/en\/raixa-tendra-la-col%c2%b7leccio-mes-completa-de-varietats-locals-de-citrics"]}]},{"@type":"ImageObject","inLanguage":"en-US","@id":"https:\/\/web2025.gastronomicament.cat\/en\/raixa-tendra-la-col%c2%b7leccio-mes-completa-de-varietats-locals-de-citrics#primaryimage","url":"https:\/\/web2025.gastronomicament.cat\/wp-content\/uploads\/2020\/06\/Bernat-Canyelles-citrics-autoctons-Raixa.jpg","contentUrl":"https:\/\/web2025.gastronomicament.cat\/wp-content\/uploads\/2020\/06\/Bernat-Canyelles-citrics-autoctons-Raixa.jpg","width":1280,"height":588},{"@type":"WebSite","@id":"https:\/\/web2025.gastronomicament.cat\/es\/#website","url":"https:\/\/web2025.gastronomicament.cat\/es\/","name":"Gastron\u00f2micament","description":"Portal de restaurants, receptes i actualitat gastron\u00f2mica","publisher":{"@id":"https:\/\/web2025.gastronomicament.cat\/es\/#organization"},"potentialAction":[{"@type":"SearchAction","target":{"@type":"EntryPoint","urlTemplate":"https:\/\/web2025.gastronomicament.cat\/es\/?s={search_term_string}"},"query-input":{"@type":"PropertyValueSpecification","valueRequired":true,"valueName":"search_term_string"}}],"inLanguage":"en-US"},{"@type":"Organization","@id":"https:\/\/web2025.gastronomicament.cat\/es\/#organization","name":"Gastron\u00f2micament","url":"https:\/\/web2025.gastronomicament.cat\/es\/","logo":{"@type":"ImageObject","inLanguage":"en-US","@id":"https:\/\/web2025.gastronomicament.cat\/es\/#\/schema\/logo\/image\/","url":"https:\/\/web2025.gastronomicament.cat\/wp-content\/uploads\/2016\/09\/header-logo.jpg","contentUrl":"https:\/\/web2025.gastronomicament.cat\/wp-content\/uploads\/2016\/09\/header-logo.jpg","width":277,"height":39,"caption":"Gastron\u00f2micament"},"image":{"@id":"https:\/\/web2025.gastronomicament.cat\/es\/#\/schema\/logo\/image\/"},"sameAs":["https:\/\/x.com\/gastronomicamen"]},{"@type":"Person","@id":"https:\/\/web2025.gastronomicament.cat\/es\/#\/schema\/person\/a7c85c537a1ed62799a5b8e0f686a37f","name":"Redacci\u00f3","image":{"@type":"ImageObject","inLanguage":"en-US","@id":"https:\/\/secure.gravatar.com\/avatar\/9489a485c464fd611d33825daae651d13db70c4e74c65c94937a15a9d4c3ee14?s=96&d=mm&r=g69fea3cce3645dfa2166e7293e22955e","url":"https:\/\/secure.gravatar.com\/avatar\/9489a485c464fd611d33825daae651d13db70c4e74c65c94937a15a9d4c3ee14?s=96&d=mm&r=g","contentUrl":"https:\/\/secure.gravatar.com\/avatar\/9489a485c464fd611d33825daae651d13db70c4e74c65c94937a15a9d4c3ee14?s=96&d=mm&r=g","caption":"Redacci\u00f3"},"sameAs":["http:\/\/gastronomicament.cat"],"url":"https:\/\/web2025.gastronomicament.cat\/en\/author\/admin"}]}},"_links":{"self":[{"href":"https:\/\/web2025.gastronomicament.cat\/en\/wp-json\/wp\/v2\/posts\/60482","targetHints":{"allow":["GET"]}}],"collection":[{"href":"https:\/\/web2025.gastronomicament.cat\/en\/wp-json\/wp\/v2\/posts"}],"about":[{"href":"https:\/\/web2025.gastronomicament.cat\/en\/wp-json\/wp\/v2\/types\/post"}],"author":[{"embeddable":true,"href":"https:\/\/web2025.gastronomicament.cat\/en\/wp-json\/wp\/v2\/users\/1"}],"replies":[{"embeddable":true,"href":"https:\/\/web2025.gastronomicament.cat\/en\/wp-json\/wp\/v2\/comments?post=60482"}],"version-history":[{"count":0,"href":"https:\/\/web2025.gastronomicament.cat\/en\/wp-json\/wp\/v2\/posts\/60482\/revisions"}],"wp:featuredmedia":[{"embeddable":true,"href":"https:\/\/web2025.gastronomicament.cat\/en\/wp-json\/wp\/v2\/media\/60483"}],"wp:attachment":[{"href":"https:\/\/web2025.gastronomicament.cat\/en\/wp-json\/wp\/v2\/media?parent=60482"}],"wp:term":[{"taxonomy":"category","embeddable":true,"href":"https:\/\/web2025.gastronomicament.cat\/en\/wp-json\/wp\/v2\/categories?post=60482"},{"taxonomy":"post_tag","embeddable":true,"href":"https:\/\/web2025.gastronomicament.cat\/en\/wp-json\/wp\/v2\/tags?post=60482"},{"taxonomy":"author","embeddable":true,"href":"https:\/\/web2025.gastronomicament.cat\/en\/wp-json\/wp\/v2\/coauthors?post=60482"}],"curies":[{"name":"wp","href":"https:\/\/api.w.org\/{rel}","templated":true}]}}