{"id":103220,"date":"2025-12-04T08:53:35","date_gmt":"2025-12-04T07:53:35","guid":{"rendered":"https:\/\/web2025.gastronomicament.cat\/el-festival-gastronomic-ja-era-hora-fa-de-binissalem-la-capital-del-producte-local"},"modified":"2026-04-16T13:46:59","modified_gmt":"2026-04-16T11:46:59","slug":"el-festival-gastronomic-ja-era-hora-fa-de-binissalem-la-capital-del-producte-local","status":"publish","type":"post","link":"https:\/\/web2025.gastronomicament.cat\/en\/el-festival-gastronomic-ja-era-hora-fa-de-binissalem-la-capital-del-producte-local","title":{"rendered":"El festival gastron\u00f2mic Ja era Hora fa de Binissalem la capital del producte local"},"content":{"rendered":"\n<p>Devora l&#8217;<strong>aparcament de l&#8217;Escola Graduada de Binissalem&nbsp;<\/strong>se celebrar\u00e0 una cita que reivindica el producte local:<strong>&nbsp;Ja era Hora &#8211; Gastrofest<\/strong>. L&#8217;esdeveniment ha nascut enguany com un gran aparador de producte local, cuina sobre rodes, m\u00fasica en directe i cervesa elaborada a les illes, les quals situen el municipi al mapa de les grans cites de cuina de proximitat de l&#8217;illa.<\/p>\n\n\n\n<p>L&#8217;<strong>entrada&nbsp;<\/strong>al gastrofestival \u00e9s&nbsp;<strong>lliure<\/strong>, de les 9 hores del mat\u00ed fins a&nbsp;les dotze de la mitjanit. hores. La cervesa&nbsp;<strong>Balear 1983&nbsp;<\/strong>\u00e9s la protagonista i organitzadora d&#8217;aquesta activitat, que combinar\u00e0 propostes gastron\u00f2miques, activitats de lleure,&nbsp;m\u00fasica en directe i activitats infantils.<\/p>\n\n\n\n<p>Beewii, El N\u00f2mada, Can Company, Pum, Foc i fum, Les Coves de G\u00e8nova, Merendero Minyones o Es Born Events seran algunes de les propostes culin\u00e0ries que seran presents en aquesta primera edici\u00f3 de la fira gastro a la part forana.<\/p>\n\n\n\n<p>Al llarg del dia s&#8217;han previst activitats per a p\u00fablic familiar,&nbsp;<strong>tallers, ballada de ball de bot, sessions de DJ, xaranga i concert en directe&nbsp;<\/strong>amb l&#8217;objectiu de convertir Binissalem en un gran punt de trobada per a ve\u00efns i visitants de totes les edats. Hi participaran Los Estupendos Burru\u00f1os, Aina Losange, Antto Cabanellas i Biel Castell, Sideways, el grup de ball de bot Galivan\u00e7a, Mart C, Mama Kin i Stefano Munari, com tamb\u00e9 tallers de baldufes, pintacares seran alguns dels protagonistes de la jornada.<\/p>\n\n\n\n<p>Ja era Hora Gastrofest es va presentar dimarts. Durant l&#8217;acte,&nbsp;<strong>V\u00edctor Mart\u00ed<\/strong>, batle de Binissalem, va comentar &#8220;estam molt agra\u00efts i satisfets que Binissalem tengui una empresa com Balear 1983 que aposta per elaborar una cervesa d&#8217;alta qualitat, amb producte local i amb personal de les nostres illes&#8221;. Projectes com Balear 1983, ha afegit, &#8220;enriqueixen el municipi i l&#8217;illa sencera i des de l&#8217;Ajuntament donarem sempre el nostre suport a les empreses que volen cr\u00e9ixer, obrir-se cam\u00ed i portar el nom de Binissalem al m\u00f3n&#8221;, ha assenyalat.<\/p>\n\n\n\n<p>Els impulsors de la&nbsp;<strong>cervesa&nbsp;Balear 1983<\/strong>&nbsp;i de la fira,&nbsp;<strong>Gonzalo Merino, Beatriz Merino i Jaume Buades<\/strong>, varen destacar el sentit d&#8217;aquesta primera edici\u00f3. &#8220;Amb Ja era hora \u2013 Gastrofest hem volgut crear una festa gastron\u00f2mica que ajunti en un mateix espai productors, cuiners i p\u00fablic, i que celebri tot el que es fa b\u00e9 a les nostres illes: el producte de proximitat, la cuina de carrer i l&#8217;ambient de poble&#8221;, varen explicar.<\/p>\n\n\n\n<p>A l&#8217;acte de presentaci\u00f3 tamb\u00e9 hi va assistir la consellera de Promoci\u00f3 Econ\u00f2mica i Desenvolupament Local del Consell de Mallorca, Pilar Amate, en representaci\u00f3 de la instituci\u00f3 insular, que ha mostrat el seu suport a la fira i al teixit empresarial i agr\u00edcola del municipi.<\/p>\n","protected":false},"excerpt":{"rendered":"<p>Tendr\u00e0 lloc, del mat\u00ed al vespre, el diumenge 7 de desembre<\/p>\n","protected":false},"author":1,"featured_media":103222,"comment_status":"open","ping_status":"open","sticky":false,"template":"","format":"gallery","meta":{"_acf_changed":false,"_swt_meta_header_display":false,"_swt_meta_footer_display":false,"_swt_meta_site_title_display":false,"_swt_meta_sticky_header":false,"_swt_meta_transparent_header":false,"footnotes":""},"categories":[692,955],"tags":[],"coauthors":[2053],"class_list":["post-103220","post","type-post","status-publish","format-gallery","has-post-thumbnail","hentry","category-actualitat","category-reportatges-i-novetats","post_format-post-format-gallery"],"acf":{"gallery":[103226,103222],"home_date":{"home_begin_date":null,"home_end_date":null}},"yoast_head":"<!-- This site is optimized with the Yoast SEO plugin v27.2 - https:\/\/yoast.com\/product\/yoast-seo-wordpress\/ -->\n<title>El festival gastron\u00f2mic Ja era Hora fa de Binissalem la capital del producte local - Gastron\u00f2micament<\/title>\n<meta name=\"description\" content=\"El festival gastron\u00f2mic Ja era Hora fa de Binissalem la capital del producte local Actualitat, Reportatges i novetats Tendr\u00e0 lloc, del mat\u00ed al vespre, el diumenge 7 de desembre\" \/>\n<meta name=\"robots\" content=\"index, follow, max-snippet:-1, max-image-preview:large, max-video-preview:-1\" \/>\n<link rel=\"canonical\" href=\"https:\/\/web2025.gastronomicament.cat\/ca\/el-festival-gastronomic-ja-era-hora-fa-de-binissalem-la-capital-del-producte-local\" \/>\n<meta property=\"og:locale\" content=\"en_US\" \/>\n<meta property=\"og:type\" content=\"article\" \/>\n<meta property=\"og:title\" content=\"El festival gastron\u00f2mic Ja era Hora fa de Binissalem la capital del producte local - Gastron\u00f2micament\" \/>\n<meta property=\"og:description\" content=\"El festival gastron\u00f2mic Ja era Hora fa de Binissalem la capital del producte local Actualitat, Reportatges i novetats Tendr\u00e0 lloc, del mat\u00ed al vespre, el diumenge 7 de desembre\" \/>\n<meta property=\"og:url\" content=\"https:\/\/web2025.gastronomicament.cat\/ca\/el-festival-gastronomic-ja-era-hora-fa-de-binissalem-la-capital-del-producte-local\" \/>\n<meta property=\"og:site_name\" content=\"Gastron\u00f2micament\" \/>\n<meta property=\"article:published_time\" content=\"2025-12-04T07:53:35+00:00\" \/>\n<meta property=\"article:modified_time\" content=\"2026-04-16T11:46:59+00:00\" \/>\n<meta property=\"og:image\" content=\"https:\/\/web2025.gastronomicament.cat\/wp-content\/uploads\/2025\/12\/Cervesa-Balear-1983.jpg\" \/>\n\t<meta property=\"og:image:width\" content=\"1600\" \/>\n\t<meta property=\"og:image:height\" content=\"748\" \/>\n\t<meta property=\"og:image:type\" content=\"image\/jpeg\" \/>\n<meta name=\"author\" content=\"Redacci\u00f3\" \/>\n<meta name=\"twitter:card\" content=\"summary_large_image\" \/>\n<meta name=\"twitter:creator\" content=\"@gastronomicamen\" \/>\n<meta name=\"twitter:site\" content=\"@gastronomicamen\" \/>\n<meta name=\"twitter:label1\" content=\"Written by\" \/>\n\t<meta name=\"twitter:data1\" content=\"Redacci\u00f3\" \/>\n\t<meta name=\"twitter:label2\" content=\"Est. reading time\" \/>\n\t<meta name=\"twitter:data2\" content=\"3 minutes\" \/>\n<script type=\"application\/ld+json\" class=\"yoast-schema-graph\">{\"@context\":\"https:\/\/schema.org\",\"@graph\":[{\"@type\":\"Article\",\"@id\":\"https:\/\/web2025.gastronomicament.cat\/ca\/el-festival-gastronomic-ja-era-hora-fa-de-binissalem-la-capital-del-producte-local#article\",\"isPartOf\":{\"@id\":\"https:\/\/web2025.gastronomicament.cat\/ca\/el-festival-gastronomic-ja-era-hora-fa-de-binissalem-la-capital-del-producte-local\"},\"author\":{\"name\":\"Redacci\u00f3\",\"@id\":\"https:\/\/web2025.gastronomicament.cat\/es\/#\/schema\/person\/a7c85c537a1ed62799a5b8e0f686a37f\"},\"headline\":\"El festival gastron\u00f2mic Ja era Hora fa de Binissalem la capital del producte local\",\"datePublished\":\"2025-12-04T07:53:35+00:00\",\"dateModified\":\"2026-04-16T11:46:59+00:00\",\"mainEntityOfPage\":{\"@id\":\"https:\/\/web2025.gastronomicament.cat\/ca\/el-festival-gastronomic-ja-era-hora-fa-de-binissalem-la-capital-del-producte-local\"},\"wordCount\":477,\"commentCount\":0,\"publisher\":{\"@id\":\"https:\/\/web2025.gastronomicament.cat\/es\/#organization\"},\"image\":{\"@id\":\"https:\/\/web2025.gastronomicament.cat\/ca\/el-festival-gastronomic-ja-era-hora-fa-de-binissalem-la-capital-del-producte-local#primaryimage\"},\"thumbnailUrl\":\"https:\/\/web2025.gastronomicament.cat\/wp-content\/uploads\/2025\/12\/Cervesa-Balear-1983.jpg\",\"articleSection\":[\"Actualitat\",\"Reportatges i novetats\"],\"inLanguage\":\"en-US\",\"potentialAction\":[{\"@type\":\"CommentAction\",\"name\":\"Comment\",\"target\":[\"https:\/\/web2025.gastronomicament.cat\/ca\/el-festival-gastronomic-ja-era-hora-fa-de-binissalem-la-capital-del-producte-local#respond\"]}]},{\"@type\":\"WebPage\",\"@id\":\"https:\/\/web2025.gastronomicament.cat\/ca\/el-festival-gastronomic-ja-era-hora-fa-de-binissalem-la-capital-del-producte-local\",\"url\":\"https:\/\/web2025.gastronomicament.cat\/ca\/el-festival-gastronomic-ja-era-hora-fa-de-binissalem-la-capital-del-producte-local\",\"name\":\"El festival gastron\u00f2mic Ja era Hora fa de Binissalem la capital del producte local - Gastron\u00f2micament\",\"isPartOf\":{\"@id\":\"https:\/\/web2025.gastronomicament.cat\/es\/#website\"},\"primaryImageOfPage\":{\"@id\":\"https:\/\/web2025.gastronomicament.cat\/ca\/el-festival-gastronomic-ja-era-hora-fa-de-binissalem-la-capital-del-producte-local#primaryimage\"},\"image\":{\"@id\":\"https:\/\/web2025.gastronomicament.cat\/ca\/el-festival-gastronomic-ja-era-hora-fa-de-binissalem-la-capital-del-producte-local#primaryimage\"},\"thumbnailUrl\":\"https:\/\/web2025.gastronomicament.cat\/wp-content\/uploads\/2025\/12\/Cervesa-Balear-1983.jpg\",\"datePublished\":\"2025-12-04T07:53:35+00:00\",\"dateModified\":\"2026-04-16T11:46:59+00:00\",\"description\":\"El festival gastron\u00f2mic Ja era Hora fa de Binissalem la capital del producte local Actualitat, Reportatges i novetats Tendr\u00e0 lloc, del mat\u00ed al vespre, el diumenge 7 de desembre\",\"inLanguage\":\"en-US\",\"potentialAction\":[{\"@type\":\"ReadAction\",\"target\":[\"https:\/\/web2025.gastronomicament.cat\/ca\/el-festival-gastronomic-ja-era-hora-fa-de-binissalem-la-capital-del-producte-local\"]}]},{\"@type\":\"ImageObject\",\"inLanguage\":\"en-US\",\"@id\":\"https:\/\/web2025.gastronomicament.cat\/ca\/el-festival-gastronomic-ja-era-hora-fa-de-binissalem-la-capital-del-producte-local#primaryimage\",\"url\":\"https:\/\/web2025.gastronomicament.cat\/wp-content\/uploads\/2025\/12\/Cervesa-Balear-1983.jpg\",\"contentUrl\":\"https:\/\/web2025.gastronomicament.cat\/wp-content\/uploads\/2025\/12\/Cervesa-Balear-1983.jpg\",\"width\":1600,\"height\":748},{\"@type\":\"WebSite\",\"@id\":\"https:\/\/web2025.gastronomicament.cat\/es\/#website\",\"url\":\"https:\/\/web2025.gastronomicament.cat\/es\/\",\"name\":\"Gastron\u00f2micament\",\"description\":\"Portal de restaurants, receptes i actualitat gastron\u00f2mica\",\"publisher\":{\"@id\":\"https:\/\/web2025.gastronomicament.cat\/es\/#organization\"},\"potentialAction\":[{\"@type\":\"SearchAction\",\"target\":{\"@type\":\"EntryPoint\",\"urlTemplate\":\"https:\/\/web2025.gastronomicament.cat\/es\/?s={search_term_string}\"},\"query-input\":{\"@type\":\"PropertyValueSpecification\",\"valueRequired\":true,\"valueName\":\"search_term_string\"}}],\"inLanguage\":\"en-US\"},{\"@type\":\"Organization\",\"@id\":\"https:\/\/web2025.gastronomicament.cat\/es\/#organization\",\"name\":\"Gastron\u00f2micament\",\"url\":\"https:\/\/web2025.gastronomicament.cat\/es\/\",\"logo\":{\"@type\":\"ImageObject\",\"inLanguage\":\"en-US\",\"@id\":\"https:\/\/web2025.gastronomicament.cat\/es\/#\/schema\/logo\/image\/\",\"url\":\"https:\/\/web2025.gastronomicament.cat\/wp-content\/uploads\/2016\/09\/header-logo.jpg\",\"contentUrl\":\"https:\/\/web2025.gastronomicament.cat\/wp-content\/uploads\/2016\/09\/header-logo.jpg\",\"width\":277,\"height\":39,\"caption\":\"Gastron\u00f2micament\"},\"image\":{\"@id\":\"https:\/\/web2025.gastronomicament.cat\/es\/#\/schema\/logo\/image\/\"},\"sameAs\":[\"https:\/\/x.com\/gastronomicamen\"]},{\"@type\":\"Person\",\"@id\":\"https:\/\/web2025.gastronomicament.cat\/es\/#\/schema\/person\/a7c85c537a1ed62799a5b8e0f686a37f\",\"name\":\"Redacci\u00f3\",\"image\":{\"@type\":\"ImageObject\",\"inLanguage\":\"en-US\",\"@id\":\"https:\/\/secure.gravatar.com\/avatar\/9489a485c464fd611d33825daae651d13db70c4e74c65c94937a15a9d4c3ee14?s=96&d=mm&r=g69fea3cce3645dfa2166e7293e22955e\",\"url\":\"https:\/\/secure.gravatar.com\/avatar\/9489a485c464fd611d33825daae651d13db70c4e74c65c94937a15a9d4c3ee14?s=96&d=mm&r=g\",\"contentUrl\":\"https:\/\/secure.gravatar.com\/avatar\/9489a485c464fd611d33825daae651d13db70c4e74c65c94937a15a9d4c3ee14?s=96&d=mm&r=g\",\"caption\":\"Redacci\u00f3\"},\"sameAs\":[\"http:\/\/gastronomicament.cat\"],\"url\":\"https:\/\/web2025.gastronomicament.cat\/en\/author\/admin\"}]}<\/script>\n<!-- \/ Yoast SEO plugin. -->","yoast_head_json":{"title":"El festival gastron\u00f2mic Ja era Hora fa de Binissalem la capital del producte local - Gastron\u00f2micament","description":"El festival gastron\u00f2mic Ja era Hora fa de Binissalem la capital del producte local Actualitat, Reportatges i novetats Tendr\u00e0 lloc, del mat\u00ed al vespre, el diumenge 7 de desembre","robots":{"index":"index","follow":"follow","max-snippet":"max-snippet:-1","max-image-preview":"max-image-preview:large","max-video-preview":"max-video-preview:-1"},"canonical":"https:\/\/web2025.gastronomicament.cat\/ca\/el-festival-gastronomic-ja-era-hora-fa-de-binissalem-la-capital-del-producte-local","og_locale":"en_US","og_type":"article","og_title":"El festival gastron\u00f2mic Ja era Hora fa de Binissalem la capital del producte local - Gastron\u00f2micament","og_description":"El festival gastron\u00f2mic Ja era Hora fa de Binissalem la capital del producte local Actualitat, Reportatges i novetats Tendr\u00e0 lloc, del mat\u00ed al vespre, el diumenge 7 de desembre","og_url":"https:\/\/web2025.gastronomicament.cat\/ca\/el-festival-gastronomic-ja-era-hora-fa-de-binissalem-la-capital-del-producte-local","og_site_name":"Gastron\u00f2micament","article_published_time":"2025-12-04T07:53:35+00:00","article_modified_time":"2026-04-16T11:46:59+00:00","og_image":[{"width":1600,"height":748,"url":"https:\/\/web2025.gastronomicament.cat\/wp-content\/uploads\/2025\/12\/Cervesa-Balear-1983.jpg","type":"image\/jpeg"}],"author":"Redacci\u00f3","twitter_card":"summary_large_image","twitter_creator":"@gastronomicamen","twitter_site":"@gastronomicamen","twitter_misc":{"Written by":"Redacci\u00f3","Est. reading time":"3 minutes"},"schema":{"@context":"https:\/\/schema.org","@graph":[{"@type":"Article","@id":"https:\/\/web2025.gastronomicament.cat\/ca\/el-festival-gastronomic-ja-era-hora-fa-de-binissalem-la-capital-del-producte-local#article","isPartOf":{"@id":"https:\/\/web2025.gastronomicament.cat\/ca\/el-festival-gastronomic-ja-era-hora-fa-de-binissalem-la-capital-del-producte-local"},"author":{"name":"Redacci\u00f3","@id":"https:\/\/web2025.gastronomicament.cat\/es\/#\/schema\/person\/a7c85c537a1ed62799a5b8e0f686a37f"},"headline":"El festival gastron\u00f2mic Ja era Hora fa de Binissalem la capital del producte local","datePublished":"2025-12-04T07:53:35+00:00","dateModified":"2026-04-16T11:46:59+00:00","mainEntityOfPage":{"@id":"https:\/\/web2025.gastronomicament.cat\/ca\/el-festival-gastronomic-ja-era-hora-fa-de-binissalem-la-capital-del-producte-local"},"wordCount":477,"commentCount":0,"publisher":{"@id":"https:\/\/web2025.gastronomicament.cat\/es\/#organization"},"image":{"@id":"https:\/\/web2025.gastronomicament.cat\/ca\/el-festival-gastronomic-ja-era-hora-fa-de-binissalem-la-capital-del-producte-local#primaryimage"},"thumbnailUrl":"https:\/\/web2025.gastronomicament.cat\/wp-content\/uploads\/2025\/12\/Cervesa-Balear-1983.jpg","articleSection":["Actualitat","Reportatges i novetats"],"inLanguage":"en-US","potentialAction":[{"@type":"CommentAction","name":"Comment","target":["https:\/\/web2025.gastronomicament.cat\/ca\/el-festival-gastronomic-ja-era-hora-fa-de-binissalem-la-capital-del-producte-local#respond"]}]},{"@type":"WebPage","@id":"https:\/\/web2025.gastronomicament.cat\/ca\/el-festival-gastronomic-ja-era-hora-fa-de-binissalem-la-capital-del-producte-local","url":"https:\/\/web2025.gastronomicament.cat\/ca\/el-festival-gastronomic-ja-era-hora-fa-de-binissalem-la-capital-del-producte-local","name":"El festival gastron\u00f2mic Ja era Hora fa de Binissalem la capital del producte local - Gastron\u00f2micament","isPartOf":{"@id":"https:\/\/web2025.gastronomicament.cat\/es\/#website"},"primaryImageOfPage":{"@id":"https:\/\/web2025.gastronomicament.cat\/ca\/el-festival-gastronomic-ja-era-hora-fa-de-binissalem-la-capital-del-producte-local#primaryimage"},"image":{"@id":"https:\/\/web2025.gastronomicament.cat\/ca\/el-festival-gastronomic-ja-era-hora-fa-de-binissalem-la-capital-del-producte-local#primaryimage"},"thumbnailUrl":"https:\/\/web2025.gastronomicament.cat\/wp-content\/uploads\/2025\/12\/Cervesa-Balear-1983.jpg","datePublished":"2025-12-04T07:53:35+00:00","dateModified":"2026-04-16T11:46:59+00:00","description":"El festival gastron\u00f2mic Ja era Hora fa de Binissalem la capital del producte local Actualitat, Reportatges i novetats Tendr\u00e0 lloc, del mat\u00ed al vespre, el diumenge 7 de desembre","inLanguage":"en-US","potentialAction":[{"@type":"ReadAction","target":["https:\/\/web2025.gastronomicament.cat\/ca\/el-festival-gastronomic-ja-era-hora-fa-de-binissalem-la-capital-del-producte-local"]}]},{"@type":"ImageObject","inLanguage":"en-US","@id":"https:\/\/web2025.gastronomicament.cat\/ca\/el-festival-gastronomic-ja-era-hora-fa-de-binissalem-la-capital-del-producte-local#primaryimage","url":"https:\/\/web2025.gastronomicament.cat\/wp-content\/uploads\/2025\/12\/Cervesa-Balear-1983.jpg","contentUrl":"https:\/\/web2025.gastronomicament.cat\/wp-content\/uploads\/2025\/12\/Cervesa-Balear-1983.jpg","width":1600,"height":748},{"@type":"WebSite","@id":"https:\/\/web2025.gastronomicament.cat\/es\/#website","url":"https:\/\/web2025.gastronomicament.cat\/es\/","name":"Gastron\u00f2micament","description":"Portal de restaurants, receptes i actualitat gastron\u00f2mica","publisher":{"@id":"https:\/\/web2025.gastronomicament.cat\/es\/#organization"},"potentialAction":[{"@type":"SearchAction","target":{"@type":"EntryPoint","urlTemplate":"https:\/\/web2025.gastronomicament.cat\/es\/?s={search_term_string}"},"query-input":{"@type":"PropertyValueSpecification","valueRequired":true,"valueName":"search_term_string"}}],"inLanguage":"en-US"},{"@type":"Organization","@id":"https:\/\/web2025.gastronomicament.cat\/es\/#organization","name":"Gastron\u00f2micament","url":"https:\/\/web2025.gastronomicament.cat\/es\/","logo":{"@type":"ImageObject","inLanguage":"en-US","@id":"https:\/\/web2025.gastronomicament.cat\/es\/#\/schema\/logo\/image\/","url":"https:\/\/web2025.gastronomicament.cat\/wp-content\/uploads\/2016\/09\/header-logo.jpg","contentUrl":"https:\/\/web2025.gastronomicament.cat\/wp-content\/uploads\/2016\/09\/header-logo.jpg","width":277,"height":39,"caption":"Gastron\u00f2micament"},"image":{"@id":"https:\/\/web2025.gastronomicament.cat\/es\/#\/schema\/logo\/image\/"},"sameAs":["https:\/\/x.com\/gastronomicamen"]},{"@type":"Person","@id":"https:\/\/web2025.gastronomicament.cat\/es\/#\/schema\/person\/a7c85c537a1ed62799a5b8e0f686a37f","name":"Redacci\u00f3","image":{"@type":"ImageObject","inLanguage":"en-US","@id":"https:\/\/secure.gravatar.com\/avatar\/9489a485c464fd611d33825daae651d13db70c4e74c65c94937a15a9d4c3ee14?s=96&d=mm&r=g69fea3cce3645dfa2166e7293e22955e","url":"https:\/\/secure.gravatar.com\/avatar\/9489a485c464fd611d33825daae651d13db70c4e74c65c94937a15a9d4c3ee14?s=96&d=mm&r=g","contentUrl":"https:\/\/secure.gravatar.com\/avatar\/9489a485c464fd611d33825daae651d13db70c4e74c65c94937a15a9d4c3ee14?s=96&d=mm&r=g","caption":"Redacci\u00f3"},"sameAs":["http:\/\/gastronomicament.cat"],"url":"https:\/\/web2025.gastronomicament.cat\/en\/author\/admin"}]}},"_links":{"self":[{"href":"https:\/\/web2025.gastronomicament.cat\/en\/wp-json\/wp\/v2\/posts\/103220","targetHints":{"allow":["GET"]}}],"collection":[{"href":"https:\/\/web2025.gastronomicament.cat\/en\/wp-json\/wp\/v2\/posts"}],"about":[{"href":"https:\/\/web2025.gastronomicament.cat\/en\/wp-json\/wp\/v2\/types\/post"}],"author":[{"embeddable":true,"href":"https:\/\/web2025.gastronomicament.cat\/en\/wp-json\/wp\/v2\/users\/1"}],"replies":[{"embeddable":true,"href":"https:\/\/web2025.gastronomicament.cat\/en\/wp-json\/wp\/v2\/comments?post=103220"}],"version-history":[{"count":0,"href":"https:\/\/web2025.gastronomicament.cat\/en\/wp-json\/wp\/v2\/posts\/103220\/revisions"}],"acf:attachment":[{"embeddable":true,"href":"https:\/\/web2025.gastronomicament.cat\/en\/wp-json\/wp\/v2\/media\/103222"},{"embeddable":true,"href":"https:\/\/web2025.gastronomicament.cat\/en\/wp-json\/wp\/v2\/media\/103226"}],"wp:featuredmedia":[{"embeddable":true,"href":"https:\/\/web2025.gastronomicament.cat\/en\/wp-json\/wp\/v2\/media\/103222"}],"wp:attachment":[{"href":"https:\/\/web2025.gastronomicament.cat\/en\/wp-json\/wp\/v2\/media?parent=103220"}],"wp:term":[{"taxonomy":"category","embeddable":true,"href":"https:\/\/web2025.gastronomicament.cat\/en\/wp-json\/wp\/v2\/categories?post=103220"},{"taxonomy":"post_tag","embeddable":true,"href":"https:\/\/web2025.gastronomicament.cat\/en\/wp-json\/wp\/v2\/tags?post=103220"},{"taxonomy":"author","embeddable":true,"href":"https:\/\/web2025.gastronomicament.cat\/en\/wp-json\/wp\/v2\/coauthors?post=103220"}],"curies":[{"name":"wp","href":"https:\/\/api.w.org\/{rel}","templated":true}]}}