{"id":102451,"date":"2025-08-26T07:49:42","date_gmt":"2025-08-26T05:49:42","guid":{"rendered":"https:\/\/web2025.gastronomicament.cat\/vintae-compra-a-diageo-la-seva-participacio-a-el-vermut-el-bandarra"},"modified":"2026-04-12T19:56:02","modified_gmt":"2026-04-12T17:56:02","slug":"vintae-compra-a-diageo-la-seva-participacio-a-el-vermut-el-bandarra-2","status":"publish","type":"post","link":"https:\/\/web2025.gastronomicament.cat\/en\/vintae-compra-a-diageo-la-seva-participacio-a-el-vermut-el-bandarra-2","title":{"rendered":"Vintae compra a Diageo la seva participaci\u00f3 a el vermut El Bandarra"},"content":{"rendered":"<p>La companyia de vins Vintae ha comunicat que ha adquirit el 100% del\u00a0<strong>vermut El Bandarra<\/strong>, despr\u00e9s de tancar la compra de la participaci\u00f3 que fins ara mantenia Diageo a la marca.<\/p>\n<p>Amb aquesta operaci\u00f3, Vintae explica que consolida la seva aposta per productes de qualitat m\u00e9s enll\u00e0 del vi i que refor\u00e7a la seva pres\u00e8ncia al segment de l&#8217;aperitiu amb un dels vermuts m\u00e9s destacats del mercat.<\/p>\n<p>Un dels pilars fonamentals d&#8217;aquesta nova etapa \u00e9s la continu\u00eftat de l&#8217;elaboraci\u00f3. Per aix\u00f2, el vermut<strong>\u00a0El Bandarra es continuar\u00e0 produint a Catalunya per Casa Berger<\/strong>, l&#8217;hist\u00f2ric celler del Pened\u00e8s on s&#8217;ha elaborat des del seu naixement, amb qui Vintae mant\u00e9 un acord estable que garanteix l&#8217;autenticitat del producte i el car\u00e0cter original.<\/p>\n<p>&#8220;Aquesta operaci\u00f3 refor\u00e7a el nostre comprom\u00eds amb els productes amb \u00e0nima, ben fets i amb una hist\u00f2ria aut\u00e8ntica al darrere. El Bandarra \u00e9s un vermut que connecta amb la gent pel seu sabor, la seva imatge i la seva actitud desenfadada, i seguirem apostant per ell sense alterar-ne l&#8217;ess\u00e8ncia&#8221;, expliquen des de Vintae.<\/p>\n<p><strong>Un vermut amb personalitat\u00a0<\/strong><\/p>\n<p>El vermut El Bandarra recupera la tradici\u00f3 vermutera del Pened\u00e8s amb una recepta a base de les varietats de ra\u00efm macabeu i xarel\u00b7lo, macerades amb m\u00e9s de 50 bot\u00e0nics. La seva gamma inclou el vermut Vermell, Blanc i Ros\u00e9, amb un perfil equilibrat, fresc i f\u00e0cil de gaudir.<\/p>\n<p>M\u00e9s enll\u00e0 del seu sabor, El Bandarra ha conquerit el p\u00fablic per la seva\u00a0<strong>identitat acolorida, propera i festiva<\/strong>, amb una imatge que homenatja la cultura de les tapes i l&#8217;hora del vermut. Les\u00a0<strong>ampolles serigrafiades amb noms de tapes, el tap i el to gamberro<\/strong>\u00a0han convertit la marca en una icona del nou vermut de l&#8217;Estat espanyol.<\/p>\n<p><strong>Qu\u00e8 \u00e9s Vintae?\u00a0<\/strong><\/p>\n<p>Vintae \u00e9s una companyia de vins que va n\u00e9ixer el 1999 de la m\u00e0 de l&#8217;empresari de la Rioja\u00a0<strong>Jos\u00e9 Miguel Arambarri<\/strong>, enamorat del m\u00f3n del vi. Amb origen a Rioja, en els darrers quinze anys ha estat la\u00a0<strong>segona generaci\u00f3<\/strong>, representada per\u00a0<strong>Richi i Jos\u00e9 Miguel Arambarri P\u00e9rez<\/strong>, la que n&#8217;ha impulsat el creixement, ha explorat les vinyes i paisatges m\u00e9s singulars de la geografia de l&#8217;Estat espanyol.<\/p>\n<p>Vintae s&#8217;ha assentat en diferents regions amb projectes com Matsu a Toro, Bardos a Ribera del Duero, Le Naturel a Navarra o Hacienda L\u00f3pez de Haro i Vi\u00f1edos El Pacto a la seva terra natal, Rioja.<\/p>\n<p>El seu enfocament es basa en el respecte a l&#8217;origen, la innovaci\u00f3 i una mirada contempor\u00e0nia que l&#8217;han consolidada com una de les companyies m\u00e9s din\u00e0miques i inquietes del sector vitivin\u00edcola.<\/p>\n","protected":false},"excerpt":{"rendered":"<p>La marca es continuar\u00e0 elaborant a Catalunya per Casa Berger, on s&#8217;ha produ\u00eft des del seu&hellip;<\/p>\n","protected":false},"author":1,"featured_media":102453,"comment_status":"open","ping_status":"open","sticky":false,"template":"","format":"standard","meta":{"_acf_changed":false,"_swt_meta_header_display":false,"_swt_meta_footer_display":false,"_swt_meta_site_title_display":false,"_swt_meta_sticky_header":false,"_swt_meta_transparent_header":false,"footnotes":""},"categories":[692,955],"tags":[],"coauthors":[2053],"class_list":["post-102451","post","type-post","status-publish","format-standard","has-post-thumbnail","hentry","category-actualitat","category-reportatges-i-novetats"],"acf":{"gallery":null,"home_date":{"home_begin_date":null,"home_end_date":null}},"yoast_head":"<!-- This site is optimized with the Yoast SEO plugin v27.2 - https:\/\/yoast.com\/product\/yoast-seo-wordpress\/ -->\n<title>Vintae compra a Diageo la seva participaci\u00f3 a el vermut El Bandarra - Gastron\u00f2micament<\/title>\n<meta name=\"description\" content=\"Vintae compra a Diageo la seva participaci\u00f3 a el vermut El Bandarra Actualitat, Reportatges i novetats La marca es continuar\u00e0 elaborant a Catalunya per Casa Berger, on s&#039;ha produ\u00eft des del seu origen\" \/>\n<meta name=\"robots\" content=\"index, follow, max-snippet:-1, max-image-preview:large, max-video-preview:-1\" \/>\n<link rel=\"canonical\" href=\"https:\/\/web2025.gastronomicament.cat\/ca\/vintae-compra-a-diageo-la-seva-participacio-a-el-vermut-el-bandarra-2\" \/>\n<meta property=\"og:locale\" content=\"en_US\" \/>\n<meta property=\"og:type\" content=\"article\" \/>\n<meta property=\"og:title\" content=\"Vintae compra a Diageo la seva participaci\u00f3 a el vermut El Bandarra - Gastron\u00f2micament\" \/>\n<meta property=\"og:description\" content=\"Vintae compra a Diageo la seva participaci\u00f3 a el vermut El Bandarra Actualitat, Reportatges i novetats La marca es continuar\u00e0 elaborant a Catalunya per Casa Berger, on s&#039;ha produ\u00eft des del seu origen\" \/>\n<meta property=\"og:url\" content=\"https:\/\/web2025.gastronomicament.cat\/ca\/vintae-compra-a-diageo-la-seva-participacio-a-el-vermut-el-bandarra-2\" \/>\n<meta property=\"og:site_name\" content=\"Gastron\u00f2micament\" \/>\n<meta property=\"article:published_time\" content=\"2025-08-26T05:49:42+00:00\" \/>\n<meta property=\"article:modified_time\" content=\"2026-04-12T17:56:02+00:00\" \/>\n<meta property=\"og:image\" content=\"https:\/\/web2025.gastronomicament.cat\/wp-content\/uploads\/2025\/08\/Vermut-El-Bandarra.jpg\" \/>\n\t<meta property=\"og:image:width\" content=\"2208\" \/>\n\t<meta property=\"og:image:height\" content=\"1319\" \/>\n\t<meta property=\"og:image:type\" content=\"image\/jpeg\" \/>\n<meta name=\"author\" content=\"Redacci\u00f3\" \/>\n<meta name=\"twitter:card\" content=\"summary_large_image\" \/>\n<meta name=\"twitter:creator\" content=\"@gastronomicamen\" \/>\n<meta name=\"twitter:site\" content=\"@gastronomicamen\" \/>\n<meta name=\"twitter:label1\" content=\"Written by\" \/>\n\t<meta name=\"twitter:data1\" content=\"Redacci\u00f3\" \/>\n\t<meta name=\"twitter:label2\" content=\"Est. reading time\" \/>\n\t<meta name=\"twitter:data2\" content=\"2 minutes\" \/>\n<script type=\"application\/ld+json\" class=\"yoast-schema-graph\">{\"@context\":\"https:\/\/schema.org\",\"@graph\":[{\"@type\":\"Article\",\"@id\":\"https:\/\/web2025.gastronomicament.cat\/ca\/vintae-compra-a-diageo-la-seva-participacio-a-el-vermut-el-bandarra-2#article\",\"isPartOf\":{\"@id\":\"https:\/\/web2025.gastronomicament.cat\/ca\/vintae-compra-a-diageo-la-seva-participacio-a-el-vermut-el-bandarra-2\"},\"author\":{\"name\":\"Redacci\u00f3\",\"@id\":\"https:\/\/web2025.gastronomicament.cat\/es\/#\/schema\/person\/a7c85c537a1ed62799a5b8e0f686a37f\"},\"headline\":\"Vintae compra a Diageo la seva participaci\u00f3 a el vermut El Bandarra\",\"datePublished\":\"2025-08-26T05:49:42+00:00\",\"dateModified\":\"2026-04-12T17:56:02+00:00\",\"mainEntityOfPage\":{\"@id\":\"https:\/\/web2025.gastronomicament.cat\/ca\/vintae-compra-a-diageo-la-seva-participacio-a-el-vermut-el-bandarra-2\"},\"wordCount\":465,\"commentCount\":0,\"publisher\":{\"@id\":\"https:\/\/web2025.gastronomicament.cat\/es\/#organization\"},\"image\":{\"@id\":\"https:\/\/web2025.gastronomicament.cat\/ca\/vintae-compra-a-diageo-la-seva-participacio-a-el-vermut-el-bandarra-2#primaryimage\"},\"thumbnailUrl\":\"https:\/\/web2025.gastronomicament.cat\/wp-content\/uploads\/2025\/08\/Vermut-El-Bandarra.jpg\",\"articleSection\":[\"Actualitat\",\"Reportatges i novetats\"],\"inLanguage\":\"en-US\",\"potentialAction\":[{\"@type\":\"CommentAction\",\"name\":\"Comment\",\"target\":[\"https:\/\/web2025.gastronomicament.cat\/ca\/vintae-compra-a-diageo-la-seva-participacio-a-el-vermut-el-bandarra-2#respond\"]}]},{\"@type\":\"WebPage\",\"@id\":\"https:\/\/web2025.gastronomicament.cat\/ca\/vintae-compra-a-diageo-la-seva-participacio-a-el-vermut-el-bandarra-2\",\"url\":\"https:\/\/web2025.gastronomicament.cat\/ca\/vintae-compra-a-diageo-la-seva-participacio-a-el-vermut-el-bandarra-2\",\"name\":\"Vintae compra a Diageo la seva participaci\u00f3 a el vermut El Bandarra - Gastron\u00f2micament\",\"isPartOf\":{\"@id\":\"https:\/\/web2025.gastronomicament.cat\/es\/#website\"},\"primaryImageOfPage\":{\"@id\":\"https:\/\/web2025.gastronomicament.cat\/ca\/vintae-compra-a-diageo-la-seva-participacio-a-el-vermut-el-bandarra-2#primaryimage\"},\"image\":{\"@id\":\"https:\/\/web2025.gastronomicament.cat\/ca\/vintae-compra-a-diageo-la-seva-participacio-a-el-vermut-el-bandarra-2#primaryimage\"},\"thumbnailUrl\":\"https:\/\/web2025.gastronomicament.cat\/wp-content\/uploads\/2025\/08\/Vermut-El-Bandarra.jpg\",\"datePublished\":\"2025-08-26T05:49:42+00:00\",\"dateModified\":\"2026-04-12T17:56:02+00:00\",\"description\":\"Vintae compra a Diageo la seva participaci\u00f3 a el vermut El Bandarra Actualitat, Reportatges i novetats La marca es continuar\u00e0 elaborant a Catalunya per Casa Berger, on s'ha produ\u00eft des del seu origen\",\"inLanguage\":\"en-US\",\"potentialAction\":[{\"@type\":\"ReadAction\",\"target\":[\"https:\/\/web2025.gastronomicament.cat\/ca\/vintae-compra-a-diageo-la-seva-participacio-a-el-vermut-el-bandarra-2\"]}]},{\"@type\":\"ImageObject\",\"inLanguage\":\"en-US\",\"@id\":\"https:\/\/web2025.gastronomicament.cat\/ca\/vintae-compra-a-diageo-la-seva-participacio-a-el-vermut-el-bandarra-2#primaryimage\",\"url\":\"https:\/\/web2025.gastronomicament.cat\/wp-content\/uploads\/2025\/08\/Vermut-El-Bandarra.jpg\",\"contentUrl\":\"https:\/\/web2025.gastronomicament.cat\/wp-content\/uploads\/2025\/08\/Vermut-El-Bandarra.jpg\",\"width\":2208,\"height\":1319},{\"@type\":\"WebSite\",\"@id\":\"https:\/\/web2025.gastronomicament.cat\/es\/#website\",\"url\":\"https:\/\/web2025.gastronomicament.cat\/es\/\",\"name\":\"Gastron\u00f2micament\",\"description\":\"Portal de restaurants, receptes i actualitat gastron\u00f2mica\",\"publisher\":{\"@id\":\"https:\/\/web2025.gastronomicament.cat\/es\/#organization\"},\"potentialAction\":[{\"@type\":\"SearchAction\",\"target\":{\"@type\":\"EntryPoint\",\"urlTemplate\":\"https:\/\/web2025.gastronomicament.cat\/es\/?s={search_term_string}\"},\"query-input\":{\"@type\":\"PropertyValueSpecification\",\"valueRequired\":true,\"valueName\":\"search_term_string\"}}],\"inLanguage\":\"en-US\"},{\"@type\":\"Organization\",\"@id\":\"https:\/\/web2025.gastronomicament.cat\/es\/#organization\",\"name\":\"Gastron\u00f2micament\",\"url\":\"https:\/\/web2025.gastronomicament.cat\/es\/\",\"logo\":{\"@type\":\"ImageObject\",\"inLanguage\":\"en-US\",\"@id\":\"https:\/\/web2025.gastronomicament.cat\/es\/#\/schema\/logo\/image\/\",\"url\":\"https:\/\/web2025.gastronomicament.cat\/wp-content\/uploads\/2016\/09\/header-logo.jpg\",\"contentUrl\":\"https:\/\/web2025.gastronomicament.cat\/wp-content\/uploads\/2016\/09\/header-logo.jpg\",\"width\":277,\"height\":39,\"caption\":\"Gastron\u00f2micament\"},\"image\":{\"@id\":\"https:\/\/web2025.gastronomicament.cat\/es\/#\/schema\/logo\/image\/\"},\"sameAs\":[\"https:\/\/x.com\/gastronomicamen\"]},{\"@type\":\"Person\",\"@id\":\"https:\/\/web2025.gastronomicament.cat\/es\/#\/schema\/person\/a7c85c537a1ed62799a5b8e0f686a37f\",\"name\":\"Redacci\u00f3\",\"image\":{\"@type\":\"ImageObject\",\"inLanguage\":\"en-US\",\"@id\":\"https:\/\/secure.gravatar.com\/avatar\/9489a485c464fd611d33825daae651d13db70c4e74c65c94937a15a9d4c3ee14?s=96&d=mm&r=g69fea3cce3645dfa2166e7293e22955e\",\"url\":\"https:\/\/secure.gravatar.com\/avatar\/9489a485c464fd611d33825daae651d13db70c4e74c65c94937a15a9d4c3ee14?s=96&d=mm&r=g\",\"contentUrl\":\"https:\/\/secure.gravatar.com\/avatar\/9489a485c464fd611d33825daae651d13db70c4e74c65c94937a15a9d4c3ee14?s=96&d=mm&r=g\",\"caption\":\"Redacci\u00f3\"},\"sameAs\":[\"http:\/\/gastronomicament.cat\"],\"url\":\"https:\/\/web2025.gastronomicament.cat\/en\/author\/admin\"}]}<\/script>\n<!-- \/ Yoast SEO plugin. -->","yoast_head_json":{"title":"Vintae compra a Diageo la seva participaci\u00f3 a el vermut El Bandarra - Gastron\u00f2micament","description":"Vintae compra a Diageo la seva participaci\u00f3 a el vermut El Bandarra Actualitat, Reportatges i novetats La marca es continuar\u00e0 elaborant a Catalunya per Casa Berger, on s'ha produ\u00eft des del seu origen","robots":{"index":"index","follow":"follow","max-snippet":"max-snippet:-1","max-image-preview":"max-image-preview:large","max-video-preview":"max-video-preview:-1"},"canonical":"https:\/\/web2025.gastronomicament.cat\/ca\/vintae-compra-a-diageo-la-seva-participacio-a-el-vermut-el-bandarra-2","og_locale":"en_US","og_type":"article","og_title":"Vintae compra a Diageo la seva participaci\u00f3 a el vermut El Bandarra - Gastron\u00f2micament","og_description":"Vintae compra a Diageo la seva participaci\u00f3 a el vermut El Bandarra Actualitat, Reportatges i novetats La marca es continuar\u00e0 elaborant a Catalunya per Casa Berger, on s'ha produ\u00eft des del seu origen","og_url":"https:\/\/web2025.gastronomicament.cat\/ca\/vintae-compra-a-diageo-la-seva-participacio-a-el-vermut-el-bandarra-2","og_site_name":"Gastron\u00f2micament","article_published_time":"2025-08-26T05:49:42+00:00","article_modified_time":"2026-04-12T17:56:02+00:00","og_image":[{"width":2208,"height":1319,"url":"https:\/\/web2025.gastronomicament.cat\/wp-content\/uploads\/2025\/08\/Vermut-El-Bandarra.jpg","type":"image\/jpeg"}],"author":"Redacci\u00f3","twitter_card":"summary_large_image","twitter_creator":"@gastronomicamen","twitter_site":"@gastronomicamen","twitter_misc":{"Written by":"Redacci\u00f3","Est. reading time":"2 minutes"},"schema":{"@context":"https:\/\/schema.org","@graph":[{"@type":"Article","@id":"https:\/\/web2025.gastronomicament.cat\/ca\/vintae-compra-a-diageo-la-seva-participacio-a-el-vermut-el-bandarra-2#article","isPartOf":{"@id":"https:\/\/web2025.gastronomicament.cat\/ca\/vintae-compra-a-diageo-la-seva-participacio-a-el-vermut-el-bandarra-2"},"author":{"name":"Redacci\u00f3","@id":"https:\/\/web2025.gastronomicament.cat\/es\/#\/schema\/person\/a7c85c537a1ed62799a5b8e0f686a37f"},"headline":"Vintae compra a Diageo la seva participaci\u00f3 a el vermut El Bandarra","datePublished":"2025-08-26T05:49:42+00:00","dateModified":"2026-04-12T17:56:02+00:00","mainEntityOfPage":{"@id":"https:\/\/web2025.gastronomicament.cat\/ca\/vintae-compra-a-diageo-la-seva-participacio-a-el-vermut-el-bandarra-2"},"wordCount":465,"commentCount":0,"publisher":{"@id":"https:\/\/web2025.gastronomicament.cat\/es\/#organization"},"image":{"@id":"https:\/\/web2025.gastronomicament.cat\/ca\/vintae-compra-a-diageo-la-seva-participacio-a-el-vermut-el-bandarra-2#primaryimage"},"thumbnailUrl":"https:\/\/web2025.gastronomicament.cat\/wp-content\/uploads\/2025\/08\/Vermut-El-Bandarra.jpg","articleSection":["Actualitat","Reportatges i novetats"],"inLanguage":"en-US","potentialAction":[{"@type":"CommentAction","name":"Comment","target":["https:\/\/web2025.gastronomicament.cat\/ca\/vintae-compra-a-diageo-la-seva-participacio-a-el-vermut-el-bandarra-2#respond"]}]},{"@type":"WebPage","@id":"https:\/\/web2025.gastronomicament.cat\/ca\/vintae-compra-a-diageo-la-seva-participacio-a-el-vermut-el-bandarra-2","url":"https:\/\/web2025.gastronomicament.cat\/ca\/vintae-compra-a-diageo-la-seva-participacio-a-el-vermut-el-bandarra-2","name":"Vintae compra a Diageo la seva participaci\u00f3 a el vermut El Bandarra - Gastron\u00f2micament","isPartOf":{"@id":"https:\/\/web2025.gastronomicament.cat\/es\/#website"},"primaryImageOfPage":{"@id":"https:\/\/web2025.gastronomicament.cat\/ca\/vintae-compra-a-diageo-la-seva-participacio-a-el-vermut-el-bandarra-2#primaryimage"},"image":{"@id":"https:\/\/web2025.gastronomicament.cat\/ca\/vintae-compra-a-diageo-la-seva-participacio-a-el-vermut-el-bandarra-2#primaryimage"},"thumbnailUrl":"https:\/\/web2025.gastronomicament.cat\/wp-content\/uploads\/2025\/08\/Vermut-El-Bandarra.jpg","datePublished":"2025-08-26T05:49:42+00:00","dateModified":"2026-04-12T17:56:02+00:00","description":"Vintae compra a Diageo la seva participaci\u00f3 a el vermut El Bandarra Actualitat, Reportatges i novetats La marca es continuar\u00e0 elaborant a Catalunya per Casa Berger, on s'ha produ\u00eft des del seu origen","inLanguage":"en-US","potentialAction":[{"@type":"ReadAction","target":["https:\/\/web2025.gastronomicament.cat\/ca\/vintae-compra-a-diageo-la-seva-participacio-a-el-vermut-el-bandarra-2"]}]},{"@type":"ImageObject","inLanguage":"en-US","@id":"https:\/\/web2025.gastronomicament.cat\/ca\/vintae-compra-a-diageo-la-seva-participacio-a-el-vermut-el-bandarra-2#primaryimage","url":"https:\/\/web2025.gastronomicament.cat\/wp-content\/uploads\/2025\/08\/Vermut-El-Bandarra.jpg","contentUrl":"https:\/\/web2025.gastronomicament.cat\/wp-content\/uploads\/2025\/08\/Vermut-El-Bandarra.jpg","width":2208,"height":1319},{"@type":"WebSite","@id":"https:\/\/web2025.gastronomicament.cat\/es\/#website","url":"https:\/\/web2025.gastronomicament.cat\/es\/","name":"Gastron\u00f2micament","description":"Portal de restaurants, receptes i actualitat gastron\u00f2mica","publisher":{"@id":"https:\/\/web2025.gastronomicament.cat\/es\/#organization"},"potentialAction":[{"@type":"SearchAction","target":{"@type":"EntryPoint","urlTemplate":"https:\/\/web2025.gastronomicament.cat\/es\/?s={search_term_string}"},"query-input":{"@type":"PropertyValueSpecification","valueRequired":true,"valueName":"search_term_string"}}],"inLanguage":"en-US"},{"@type":"Organization","@id":"https:\/\/web2025.gastronomicament.cat\/es\/#organization","name":"Gastron\u00f2micament","url":"https:\/\/web2025.gastronomicament.cat\/es\/","logo":{"@type":"ImageObject","inLanguage":"en-US","@id":"https:\/\/web2025.gastronomicament.cat\/es\/#\/schema\/logo\/image\/","url":"https:\/\/web2025.gastronomicament.cat\/wp-content\/uploads\/2016\/09\/header-logo.jpg","contentUrl":"https:\/\/web2025.gastronomicament.cat\/wp-content\/uploads\/2016\/09\/header-logo.jpg","width":277,"height":39,"caption":"Gastron\u00f2micament"},"image":{"@id":"https:\/\/web2025.gastronomicament.cat\/es\/#\/schema\/logo\/image\/"},"sameAs":["https:\/\/x.com\/gastronomicamen"]},{"@type":"Person","@id":"https:\/\/web2025.gastronomicament.cat\/es\/#\/schema\/person\/a7c85c537a1ed62799a5b8e0f686a37f","name":"Redacci\u00f3","image":{"@type":"ImageObject","inLanguage":"en-US","@id":"https:\/\/secure.gravatar.com\/avatar\/9489a485c464fd611d33825daae651d13db70c4e74c65c94937a15a9d4c3ee14?s=96&d=mm&r=g69fea3cce3645dfa2166e7293e22955e","url":"https:\/\/secure.gravatar.com\/avatar\/9489a485c464fd611d33825daae651d13db70c4e74c65c94937a15a9d4c3ee14?s=96&d=mm&r=g","contentUrl":"https:\/\/secure.gravatar.com\/avatar\/9489a485c464fd611d33825daae651d13db70c4e74c65c94937a15a9d4c3ee14?s=96&d=mm&r=g","caption":"Redacci\u00f3"},"sameAs":["http:\/\/gastronomicament.cat"],"url":"https:\/\/web2025.gastronomicament.cat\/en\/author\/admin"}]}},"_links":{"self":[{"href":"https:\/\/web2025.gastronomicament.cat\/en\/wp-json\/wp\/v2\/posts\/102451","targetHints":{"allow":["GET"]}}],"collection":[{"href":"https:\/\/web2025.gastronomicament.cat\/en\/wp-json\/wp\/v2\/posts"}],"about":[{"href":"https:\/\/web2025.gastronomicament.cat\/en\/wp-json\/wp\/v2\/types\/post"}],"author":[{"embeddable":true,"href":"https:\/\/web2025.gastronomicament.cat\/en\/wp-json\/wp\/v2\/users\/1"}],"replies":[{"embeddable":true,"href":"https:\/\/web2025.gastronomicament.cat\/en\/wp-json\/wp\/v2\/comments?post=102451"}],"version-history":[{"count":0,"href":"https:\/\/web2025.gastronomicament.cat\/en\/wp-json\/wp\/v2\/posts\/102451\/revisions"}],"wp:featuredmedia":[{"embeddable":true,"href":"https:\/\/web2025.gastronomicament.cat\/en\/wp-json\/wp\/v2\/media\/102453"}],"wp:attachment":[{"href":"https:\/\/web2025.gastronomicament.cat\/en\/wp-json\/wp\/v2\/media?parent=102451"}],"wp:term":[{"taxonomy":"category","embeddable":true,"href":"https:\/\/web2025.gastronomicament.cat\/en\/wp-json\/wp\/v2\/categories?post=102451"},{"taxonomy":"post_tag","embeddable":true,"href":"https:\/\/web2025.gastronomicament.cat\/en\/wp-json\/wp\/v2\/tags?post=102451"},{"taxonomy":"author","embeddable":true,"href":"https:\/\/web2025.gastronomicament.cat\/en\/wp-json\/wp\/v2\/coauthors?post=102451"}],"curies":[{"name":"wp","href":"https:\/\/api.w.org\/{rel}","templated":true}]}}