{"id":102045,"date":"2025-07-08T10:03:24","date_gmt":"2025-07-08T08:03:24","guid":{"rendered":"https:\/\/web2025.gastronomicament.cat\/inscripcions-obertes-per-al-primer-congres-internacional-de-ramaderia-regenerativa"},"modified":"2026-04-12T19:45:53","modified_gmt":"2026-04-12T17:45:53","slug":"inscripcions-obertes-per-al-primer-congres-internacional-de-ramaderia-regenerativa","status":"publish","type":"post","link":"https:\/\/web2025.gastronomicament.cat\/en\/inscripcions-obertes-per-al-primer-congres-internacional-de-ramaderia-regenerativa","title":{"rendered":"Inscripcions obertes per al primer Congr\u00e9s Internacional de Ramaderia Regenerativa"},"content":{"rendered":"<p>Associaci\u00f3 de Producci\u00f3 Agr\u00e0ria Ecol\u00f2gica de Mallorca (APAEMA) organitza el<strong>\u00a0I Congr\u00e9s Internacional de Ramaderia Regenerativa<\/strong>.<\/p>\n<p>L&#8217;encontre se celebrar\u00e0 els<strong>\u00a0dies 20 i 21 de novembre a l&#8217;edifici Gaspar Melchor de Jovellanos de la Universitat de les Illes Balears<\/strong>\u00a0i es planteja com la cloenda del projecte PASTURE+ que APAEMA ha desenvolupat durant tres anys i mig.<\/p>\n<p><strong>Una cita oberta a tothom<br \/>\n<\/strong>Es tracta d\u2019una cita oberta per a tots aquells agents que aposten per la ramaderia ecol\u00f2gica i regenerativa des de l&#8217;\u00e0mbit privat, p\u00fablic i acad\u00e8mic. L&#8217;objectiu \u00e9s donar a con\u00e8ixer i fer valdre diferents activitats productives enfocades en la millora de la sostenibilitat econ\u00f2mica, social i ambiental; la transformaci\u00f3 de recursos de tipus biol\u00f2gic i el foment d&#8217;activitats tradicionals en el marc de l&#8217;agricultura i la ramaderia ecol\u00f2giques.<\/p>\n<p>Sota la m\u00e0xima de rendibilitat, societat i serveis ambientals, el Congr\u00e9s analitzar\u00e0 aquelles pr\u00e0ctiques ramaderes que facilitin la mitigaci\u00f3 o adaptaci\u00f3 al canvi clim\u00e0tic i la comercialitzaci\u00f3 d&#8217;aquests productes, sense perdre de vista els reptes que enfronta el sector.<\/p>\n<p><strong>PASTURE+<br \/>\n<\/strong>El Congr\u00e9s s&#8217;emmarca dins del projecte PASTURE+: productes ramaders que restauren el capital natural, mitiguen el canvi clim\u00e0tic i promouen el desenvolupament rural.<\/p>\n<p>El concepte\u00a0<strong>maneig hol\u00edstic<\/strong>\u00a0\u00e9s clau en el marc d&#8217;aquesta iniciativa, en la qual participen finques ecol\u00f2giques d\u2019Extremadura, Almeria, Pa\u00eds Basc i Mallorca, i que t\u00e9 el suport cient\u00edfic de diferents universitats i centres de recerca. Durant aquests anys hem estat recollint dades a trav\u00e9s d&#8217;un intens treball de camp i posterior an\u00e0lisi que permeten arribar a conclusions que s&#8217;exposaren en el Congr\u00e9s.\u00a0<a href=\"https:\/\/apaema.net\/projecte\/pasture\/\" target=\"_blank\" rel=\"noopener nofollow\">Aqu\u00ed es pot consultar m\u00e9s informaci\u00f3 sobre PASTURE+<\/a>.<\/p>\n<p>Aix\u00ed mateix, l\u2019encontre t\u00e9 el suport de la Fundaci\u00f3 Biodiversitat del Ministeri per a la Transici\u00f3 Ecol\u00f2gica i el Repte Demogr\u00e0fic (MITECO) en el marc del Pla de Recuperaci\u00f3, Transformaci\u00f3 i Resili\u00e8ncia (PRTR), finan\u00e7at per la Uni\u00f3 Europea &#8211; NextGenerationEU.<\/p>\n<p>La inscripci\u00f3 \u00e9s oberta i gratu\u00efta. Per apuntar-vos-hi, tenir m\u00e9s informaci\u00f3 i fer-ne seguiment,\u00a0<a href=\"https:\/\/congresoganaderiaregenerativa.com\/133216\/detail\/i-congres-internacional-de-ramaderia-regenerativa.html\" target=\"_blank\" rel=\"noopener nofollow\">accediu a aquest enlla\u00e7<\/a>.<\/p>\n","protected":false},"excerpt":{"rendered":"<p>Se celebrar\u00e0 a la Universitat de les Illes Balears els dies 20 i 21 de novembre<\/p>\n","protected":false},"author":1,"featured_media":102047,"comment_status":"open","ping_status":"open","sticky":false,"template":"","format":"standard","meta":{"_acf_changed":false,"_swt_meta_header_display":false,"_swt_meta_footer_display":false,"_swt_meta_site_title_display":false,"_swt_meta_sticky_header":false,"_swt_meta_transparent_header":false,"footnotes":""},"categories":[692,955],"tags":[],"coauthors":[2053],"class_list":["post-102045","post","type-post","status-publish","format-standard","has-post-thumbnail","hentry","category-actualitat","category-reportatges-i-novetats"],"acf":{"gallery":null,"home_date":{"home_begin_date":null,"home_end_date":null}},"yoast_head":"<!-- This site is optimized with the Yoast SEO plugin v27.2 - https:\/\/yoast.com\/product\/yoast-seo-wordpress\/ -->\n<title>Inscripcions obertes per al primer Congr\u00e9s Internacional de Ramaderia Regenerativa - Gastron\u00f2micament<\/title>\n<meta name=\"description\" content=\"Inscripcions obertes per al primer Congr\u00e9s Internacional de Ramaderia Regenerativa Actualitat, Reportatges i novetats Se celebrar\u00e0 a la Universitat de les Illes Balears els dies 20 i 21 de novembre\" \/>\n<meta name=\"robots\" content=\"index, follow, max-snippet:-1, max-image-preview:large, max-video-preview:-1\" \/>\n<link rel=\"canonical\" href=\"https:\/\/web2025.gastronomicament.cat\/ca\/inscripcions-obertes-per-al-primer-congres-internacional-de-ramaderia-regenerativa\" \/>\n<meta property=\"og:locale\" content=\"en_US\" \/>\n<meta property=\"og:type\" content=\"article\" \/>\n<meta property=\"og:title\" content=\"Inscripcions obertes per al primer Congr\u00e9s Internacional de Ramaderia Regenerativa - Gastron\u00f2micament\" \/>\n<meta property=\"og:description\" content=\"Inscripcions obertes per al primer Congr\u00e9s Internacional de Ramaderia Regenerativa Actualitat, Reportatges i novetats Se celebrar\u00e0 a la Universitat de les Illes Balears els dies 20 i 21 de novembre\" \/>\n<meta property=\"og:url\" content=\"https:\/\/web2025.gastronomicament.cat\/ca\/inscripcions-obertes-per-al-primer-congres-internacional-de-ramaderia-regenerativa\" \/>\n<meta property=\"og:site_name\" content=\"Gastron\u00f2micament\" \/>\n<meta property=\"article:published_time\" content=\"2025-07-08T08:03:24+00:00\" \/>\n<meta property=\"article:modified_time\" content=\"2026-04-12T17:45:53+00:00\" \/>\n<meta property=\"og:image\" content=\"https:\/\/web2025.gastronomicament.cat\/wp-content\/uploads\/2025\/07\/primer-Congres-Internacional-de-Ramaderia-Regenerativa-APAEMA-PASTURE.jpg\" \/>\n\t<meta property=\"og:image:width\" content=\"1\" \/>\n\t<meta property=\"og:image:height\" content=\"1\" \/>\n\t<meta property=\"og:image:type\" content=\"image\/jpeg\" \/>\n<meta name=\"author\" content=\"Redacci\u00f3\" \/>\n<meta name=\"twitter:card\" content=\"summary_large_image\" \/>\n<meta name=\"twitter:creator\" content=\"@gastronomicamen\" \/>\n<meta name=\"twitter:site\" content=\"@gastronomicamen\" \/>\n<meta name=\"twitter:label1\" content=\"Written by\" \/>\n\t<meta name=\"twitter:data1\" content=\"Redacci\u00f3\" \/>\n\t<meta name=\"twitter:label2\" content=\"Est. reading time\" \/>\n\t<meta name=\"twitter:data2\" content=\"2 minutes\" \/>\n<script type=\"application\/ld+json\" class=\"yoast-schema-graph\">{\"@context\":\"https:\/\/schema.org\",\"@graph\":[{\"@type\":\"Article\",\"@id\":\"https:\/\/web2025.gastronomicament.cat\/ca\/inscripcions-obertes-per-al-primer-congres-internacional-de-ramaderia-regenerativa#article\",\"isPartOf\":{\"@id\":\"https:\/\/web2025.gastronomicament.cat\/ca\/inscripcions-obertes-per-al-primer-congres-internacional-de-ramaderia-regenerativa\"},\"author\":{\"name\":\"Redacci\u00f3\",\"@id\":\"https:\/\/web2025.gastronomicament.cat\/es\/#\/schema\/person\/a7c85c537a1ed62799a5b8e0f686a37f\"},\"headline\":\"Inscripcions obertes per al primer Congr\u00e9s Internacional de Ramaderia Regenerativa\",\"datePublished\":\"2025-07-08T08:03:24+00:00\",\"dateModified\":\"2026-04-12T17:45:53+00:00\",\"mainEntityOfPage\":{\"@id\":\"https:\/\/web2025.gastronomicament.cat\/ca\/inscripcions-obertes-per-al-primer-congres-internacional-de-ramaderia-regenerativa\"},\"wordCount\":365,\"commentCount\":0,\"publisher\":{\"@id\":\"https:\/\/web2025.gastronomicament.cat\/es\/#organization\"},\"image\":{\"@id\":\"https:\/\/web2025.gastronomicament.cat\/ca\/inscripcions-obertes-per-al-primer-congres-internacional-de-ramaderia-regenerativa#primaryimage\"},\"thumbnailUrl\":\"https:\/\/web2025.gastronomicament.cat\/wp-content\/uploads\/2025\/07\/primer-Congres-Internacional-de-Ramaderia-Regenerativa-APAEMA-PASTURE.jpg\",\"articleSection\":[\"Actualitat\",\"Reportatges i novetats\"],\"inLanguage\":\"en-US\",\"potentialAction\":[{\"@type\":\"CommentAction\",\"name\":\"Comment\",\"target\":[\"https:\/\/web2025.gastronomicament.cat\/ca\/inscripcions-obertes-per-al-primer-congres-internacional-de-ramaderia-regenerativa#respond\"]}]},{\"@type\":\"WebPage\",\"@id\":\"https:\/\/web2025.gastronomicament.cat\/ca\/inscripcions-obertes-per-al-primer-congres-internacional-de-ramaderia-regenerativa\",\"url\":\"https:\/\/web2025.gastronomicament.cat\/ca\/inscripcions-obertes-per-al-primer-congres-internacional-de-ramaderia-regenerativa\",\"name\":\"Inscripcions obertes per al primer Congr\u00e9s Internacional de Ramaderia Regenerativa - Gastron\u00f2micament\",\"isPartOf\":{\"@id\":\"https:\/\/web2025.gastronomicament.cat\/es\/#website\"},\"primaryImageOfPage\":{\"@id\":\"https:\/\/web2025.gastronomicament.cat\/ca\/inscripcions-obertes-per-al-primer-congres-internacional-de-ramaderia-regenerativa#primaryimage\"},\"image\":{\"@id\":\"https:\/\/web2025.gastronomicament.cat\/ca\/inscripcions-obertes-per-al-primer-congres-internacional-de-ramaderia-regenerativa#primaryimage\"},\"thumbnailUrl\":\"https:\/\/web2025.gastronomicament.cat\/wp-content\/uploads\/2025\/07\/primer-Congres-Internacional-de-Ramaderia-Regenerativa-APAEMA-PASTURE.jpg\",\"datePublished\":\"2025-07-08T08:03:24+00:00\",\"dateModified\":\"2026-04-12T17:45:53+00:00\",\"description\":\"Inscripcions obertes per al primer Congr\u00e9s Internacional de Ramaderia Regenerativa Actualitat, Reportatges i novetats Se celebrar\u00e0 a la Universitat de les Illes Balears els dies 20 i 21 de novembre\",\"inLanguage\":\"en-US\",\"potentialAction\":[{\"@type\":\"ReadAction\",\"target\":[\"https:\/\/web2025.gastronomicament.cat\/ca\/inscripcions-obertes-per-al-primer-congres-internacional-de-ramaderia-regenerativa\"]}]},{\"@type\":\"ImageObject\",\"inLanguage\":\"en-US\",\"@id\":\"https:\/\/web2025.gastronomicament.cat\/ca\/inscripcions-obertes-per-al-primer-congres-internacional-de-ramaderia-regenerativa#primaryimage\",\"url\":\"https:\/\/web2025.gastronomicament.cat\/wp-content\/uploads\/2025\/07\/primer-Congres-Internacional-de-Ramaderia-Regenerativa-APAEMA-PASTURE.jpg\",\"contentUrl\":\"https:\/\/web2025.gastronomicament.cat\/wp-content\/uploads\/2025\/07\/primer-Congres-Internacional-de-Ramaderia-Regenerativa-APAEMA-PASTURE.jpg\",\"width\":1600,\"height\":900},{\"@type\":\"WebSite\",\"@id\":\"https:\/\/web2025.gastronomicament.cat\/es\/#website\",\"url\":\"https:\/\/web2025.gastronomicament.cat\/es\/\",\"name\":\"Gastron\u00f2micament\",\"description\":\"Portal de restaurants, receptes i actualitat gastron\u00f2mica\",\"publisher\":{\"@id\":\"https:\/\/web2025.gastronomicament.cat\/es\/#organization\"},\"potentialAction\":[{\"@type\":\"SearchAction\",\"target\":{\"@type\":\"EntryPoint\",\"urlTemplate\":\"https:\/\/web2025.gastronomicament.cat\/es\/?s={search_term_string}\"},\"query-input\":{\"@type\":\"PropertyValueSpecification\",\"valueRequired\":true,\"valueName\":\"search_term_string\"}}],\"inLanguage\":\"en-US\"},{\"@type\":\"Organization\",\"@id\":\"https:\/\/web2025.gastronomicament.cat\/es\/#organization\",\"name\":\"Gastron\u00f2micament\",\"url\":\"https:\/\/web2025.gastronomicament.cat\/es\/\",\"logo\":{\"@type\":\"ImageObject\",\"inLanguage\":\"en-US\",\"@id\":\"https:\/\/web2025.gastronomicament.cat\/es\/#\/schema\/logo\/image\/\",\"url\":\"https:\/\/web2025.gastronomicament.cat\/wp-content\/uploads\/2016\/09\/header-logo.jpg\",\"contentUrl\":\"https:\/\/web2025.gastronomicament.cat\/wp-content\/uploads\/2016\/09\/header-logo.jpg\",\"width\":277,\"height\":39,\"caption\":\"Gastron\u00f2micament\"},\"image\":{\"@id\":\"https:\/\/web2025.gastronomicament.cat\/es\/#\/schema\/logo\/image\/\"},\"sameAs\":[\"https:\/\/x.com\/gastronomicamen\"]},{\"@type\":\"Person\",\"@id\":\"https:\/\/web2025.gastronomicament.cat\/es\/#\/schema\/person\/a7c85c537a1ed62799a5b8e0f686a37f\",\"name\":\"Redacci\u00f3\",\"image\":{\"@type\":\"ImageObject\",\"inLanguage\":\"en-US\",\"@id\":\"https:\/\/secure.gravatar.com\/avatar\/9489a485c464fd611d33825daae651d13db70c4e74c65c94937a15a9d4c3ee14?s=96&d=mm&r=g69fea3cce3645dfa2166e7293e22955e\",\"url\":\"https:\/\/secure.gravatar.com\/avatar\/9489a485c464fd611d33825daae651d13db70c4e74c65c94937a15a9d4c3ee14?s=96&d=mm&r=g\",\"contentUrl\":\"https:\/\/secure.gravatar.com\/avatar\/9489a485c464fd611d33825daae651d13db70c4e74c65c94937a15a9d4c3ee14?s=96&d=mm&r=g\",\"caption\":\"Redacci\u00f3\"},\"sameAs\":[\"http:\/\/gastronomicament.cat\"],\"url\":\"https:\/\/web2025.gastronomicament.cat\/en\/author\/admin\"}]}<\/script>\n<!-- \/ Yoast SEO plugin. -->","yoast_head_json":{"title":"Inscripcions obertes per al primer Congr\u00e9s Internacional de Ramaderia Regenerativa - Gastron\u00f2micament","description":"Inscripcions obertes per al primer Congr\u00e9s Internacional de Ramaderia Regenerativa Actualitat, Reportatges i novetats Se celebrar\u00e0 a la Universitat de les Illes Balears els dies 20 i 21 de novembre","robots":{"index":"index","follow":"follow","max-snippet":"max-snippet:-1","max-image-preview":"max-image-preview:large","max-video-preview":"max-video-preview:-1"},"canonical":"https:\/\/web2025.gastronomicament.cat\/ca\/inscripcions-obertes-per-al-primer-congres-internacional-de-ramaderia-regenerativa","og_locale":"en_US","og_type":"article","og_title":"Inscripcions obertes per al primer Congr\u00e9s Internacional de Ramaderia Regenerativa - Gastron\u00f2micament","og_description":"Inscripcions obertes per al primer Congr\u00e9s Internacional de Ramaderia Regenerativa Actualitat, Reportatges i novetats Se celebrar\u00e0 a la Universitat de les Illes Balears els dies 20 i 21 de novembre","og_url":"https:\/\/web2025.gastronomicament.cat\/ca\/inscripcions-obertes-per-al-primer-congres-internacional-de-ramaderia-regenerativa","og_site_name":"Gastron\u00f2micament","article_published_time":"2025-07-08T08:03:24+00:00","article_modified_time":"2026-04-12T17:45:53+00:00","og_image":[{"url":"https:\/\/web2025.gastronomicament.cat\/wp-content\/uploads\/2025\/07\/primer-Congres-Internacional-de-Ramaderia-Regenerativa-APAEMA-PASTURE.jpg","width":1,"height":1,"type":"image\/jpeg"}],"author":"Redacci\u00f3","twitter_card":"summary_large_image","twitter_creator":"@gastronomicamen","twitter_site":"@gastronomicamen","twitter_misc":{"Written by":"Redacci\u00f3","Est. reading time":"2 minutes"},"schema":{"@context":"https:\/\/schema.org","@graph":[{"@type":"Article","@id":"https:\/\/web2025.gastronomicament.cat\/ca\/inscripcions-obertes-per-al-primer-congres-internacional-de-ramaderia-regenerativa#article","isPartOf":{"@id":"https:\/\/web2025.gastronomicament.cat\/ca\/inscripcions-obertes-per-al-primer-congres-internacional-de-ramaderia-regenerativa"},"author":{"name":"Redacci\u00f3","@id":"https:\/\/web2025.gastronomicament.cat\/es\/#\/schema\/person\/a7c85c537a1ed62799a5b8e0f686a37f"},"headline":"Inscripcions obertes per al primer Congr\u00e9s Internacional de Ramaderia Regenerativa","datePublished":"2025-07-08T08:03:24+00:00","dateModified":"2026-04-12T17:45:53+00:00","mainEntityOfPage":{"@id":"https:\/\/web2025.gastronomicament.cat\/ca\/inscripcions-obertes-per-al-primer-congres-internacional-de-ramaderia-regenerativa"},"wordCount":365,"commentCount":0,"publisher":{"@id":"https:\/\/web2025.gastronomicament.cat\/es\/#organization"},"image":{"@id":"https:\/\/web2025.gastronomicament.cat\/ca\/inscripcions-obertes-per-al-primer-congres-internacional-de-ramaderia-regenerativa#primaryimage"},"thumbnailUrl":"https:\/\/web2025.gastronomicament.cat\/wp-content\/uploads\/2025\/07\/primer-Congres-Internacional-de-Ramaderia-Regenerativa-APAEMA-PASTURE.jpg","articleSection":["Actualitat","Reportatges i novetats"],"inLanguage":"en-US","potentialAction":[{"@type":"CommentAction","name":"Comment","target":["https:\/\/web2025.gastronomicament.cat\/ca\/inscripcions-obertes-per-al-primer-congres-internacional-de-ramaderia-regenerativa#respond"]}]},{"@type":"WebPage","@id":"https:\/\/web2025.gastronomicament.cat\/ca\/inscripcions-obertes-per-al-primer-congres-internacional-de-ramaderia-regenerativa","url":"https:\/\/web2025.gastronomicament.cat\/ca\/inscripcions-obertes-per-al-primer-congres-internacional-de-ramaderia-regenerativa","name":"Inscripcions obertes per al primer Congr\u00e9s Internacional de Ramaderia Regenerativa - Gastron\u00f2micament","isPartOf":{"@id":"https:\/\/web2025.gastronomicament.cat\/es\/#website"},"primaryImageOfPage":{"@id":"https:\/\/web2025.gastronomicament.cat\/ca\/inscripcions-obertes-per-al-primer-congres-internacional-de-ramaderia-regenerativa#primaryimage"},"image":{"@id":"https:\/\/web2025.gastronomicament.cat\/ca\/inscripcions-obertes-per-al-primer-congres-internacional-de-ramaderia-regenerativa#primaryimage"},"thumbnailUrl":"https:\/\/web2025.gastronomicament.cat\/wp-content\/uploads\/2025\/07\/primer-Congres-Internacional-de-Ramaderia-Regenerativa-APAEMA-PASTURE.jpg","datePublished":"2025-07-08T08:03:24+00:00","dateModified":"2026-04-12T17:45:53+00:00","description":"Inscripcions obertes per al primer Congr\u00e9s Internacional de Ramaderia Regenerativa Actualitat, Reportatges i novetats Se celebrar\u00e0 a la Universitat de les Illes Balears els dies 20 i 21 de novembre","inLanguage":"en-US","potentialAction":[{"@type":"ReadAction","target":["https:\/\/web2025.gastronomicament.cat\/ca\/inscripcions-obertes-per-al-primer-congres-internacional-de-ramaderia-regenerativa"]}]},{"@type":"ImageObject","inLanguage":"en-US","@id":"https:\/\/web2025.gastronomicament.cat\/ca\/inscripcions-obertes-per-al-primer-congres-internacional-de-ramaderia-regenerativa#primaryimage","url":"https:\/\/web2025.gastronomicament.cat\/wp-content\/uploads\/2025\/07\/primer-Congres-Internacional-de-Ramaderia-Regenerativa-APAEMA-PASTURE.jpg","contentUrl":"https:\/\/web2025.gastronomicament.cat\/wp-content\/uploads\/2025\/07\/primer-Congres-Internacional-de-Ramaderia-Regenerativa-APAEMA-PASTURE.jpg","width":1600,"height":900},{"@type":"WebSite","@id":"https:\/\/web2025.gastronomicament.cat\/es\/#website","url":"https:\/\/web2025.gastronomicament.cat\/es\/","name":"Gastron\u00f2micament","description":"Portal de restaurants, receptes i actualitat gastron\u00f2mica","publisher":{"@id":"https:\/\/web2025.gastronomicament.cat\/es\/#organization"},"potentialAction":[{"@type":"SearchAction","target":{"@type":"EntryPoint","urlTemplate":"https:\/\/web2025.gastronomicament.cat\/es\/?s={search_term_string}"},"query-input":{"@type":"PropertyValueSpecification","valueRequired":true,"valueName":"search_term_string"}}],"inLanguage":"en-US"},{"@type":"Organization","@id":"https:\/\/web2025.gastronomicament.cat\/es\/#organization","name":"Gastron\u00f2micament","url":"https:\/\/web2025.gastronomicament.cat\/es\/","logo":{"@type":"ImageObject","inLanguage":"en-US","@id":"https:\/\/web2025.gastronomicament.cat\/es\/#\/schema\/logo\/image\/","url":"https:\/\/web2025.gastronomicament.cat\/wp-content\/uploads\/2016\/09\/header-logo.jpg","contentUrl":"https:\/\/web2025.gastronomicament.cat\/wp-content\/uploads\/2016\/09\/header-logo.jpg","width":277,"height":39,"caption":"Gastron\u00f2micament"},"image":{"@id":"https:\/\/web2025.gastronomicament.cat\/es\/#\/schema\/logo\/image\/"},"sameAs":["https:\/\/x.com\/gastronomicamen"]},{"@type":"Person","@id":"https:\/\/web2025.gastronomicament.cat\/es\/#\/schema\/person\/a7c85c537a1ed62799a5b8e0f686a37f","name":"Redacci\u00f3","image":{"@type":"ImageObject","inLanguage":"en-US","@id":"https:\/\/secure.gravatar.com\/avatar\/9489a485c464fd611d33825daae651d13db70c4e74c65c94937a15a9d4c3ee14?s=96&d=mm&r=g69fea3cce3645dfa2166e7293e22955e","url":"https:\/\/secure.gravatar.com\/avatar\/9489a485c464fd611d33825daae651d13db70c4e74c65c94937a15a9d4c3ee14?s=96&d=mm&r=g","contentUrl":"https:\/\/secure.gravatar.com\/avatar\/9489a485c464fd611d33825daae651d13db70c4e74c65c94937a15a9d4c3ee14?s=96&d=mm&r=g","caption":"Redacci\u00f3"},"sameAs":["http:\/\/gastronomicament.cat"],"url":"https:\/\/web2025.gastronomicament.cat\/en\/author\/admin"}]}},"_links":{"self":[{"href":"https:\/\/web2025.gastronomicament.cat\/en\/wp-json\/wp\/v2\/posts\/102045","targetHints":{"allow":["GET"]}}],"collection":[{"href":"https:\/\/web2025.gastronomicament.cat\/en\/wp-json\/wp\/v2\/posts"}],"about":[{"href":"https:\/\/web2025.gastronomicament.cat\/en\/wp-json\/wp\/v2\/types\/post"}],"author":[{"embeddable":true,"href":"https:\/\/web2025.gastronomicament.cat\/en\/wp-json\/wp\/v2\/users\/1"}],"replies":[{"embeddable":true,"href":"https:\/\/web2025.gastronomicament.cat\/en\/wp-json\/wp\/v2\/comments?post=102045"}],"version-history":[{"count":0,"href":"https:\/\/web2025.gastronomicament.cat\/en\/wp-json\/wp\/v2\/posts\/102045\/revisions"}],"wp:featuredmedia":[{"embeddable":true,"href":"https:\/\/web2025.gastronomicament.cat\/en\/wp-json\/wp\/v2\/media\/102047"}],"wp:attachment":[{"href":"https:\/\/web2025.gastronomicament.cat\/en\/wp-json\/wp\/v2\/media?parent=102045"}],"wp:term":[{"taxonomy":"category","embeddable":true,"href":"https:\/\/web2025.gastronomicament.cat\/en\/wp-json\/wp\/v2\/categories?post=102045"},{"taxonomy":"post_tag","embeddable":true,"href":"https:\/\/web2025.gastronomicament.cat\/en\/wp-json\/wp\/v2\/tags?post=102045"},{"taxonomy":"author","embeddable":true,"href":"https:\/\/web2025.gastronomicament.cat\/en\/wp-json\/wp\/v2\/coauthors?post=102045"}],"curies":[{"name":"wp","href":"https:\/\/api.w.org\/{rel}","templated":true}]}}