{"id":88244,"date":"2024-04-15T09:58:27","date_gmt":"2024-04-15T07:58:27","guid":{"rendered":"https:\/\/gastronomicament.cat\/el-colorant-alimentari-es-un-aliat-o-una-amenaca-per-a-la-salut"},"modified":"2024-04-15T09:59:11","modified_gmt":"2024-04-15T07:59:11","slug":"el-colorant-alimentari-es-un-aliat-o-una-amenaca-per-a-la-salut","status":"publish","type":"post","link":"https:\/\/web2025.gastronomicament.cat\/de\/el-colorant-alimentari-es-un-aliat-o-una-amenaca-per-a-la-salut","title":{"rendered":"El colorant alimentari: \u00e9s un aliat o una amena\u00e7a per a la salut?"},"content":{"rendered":"<p><em>Redacci\u00f3 &#8211; Eva Remolina &#8211; AMIC<\/em><\/p>\n<p>Els colorants alimentaris s\u00f3n subst\u00e0ncies utilitzades per donar color als aliments i begudes, una pr\u00e0ctica que s&#8217;ha est\u00e8s \u00e0mpliament a la ind\u00fastria aliment\u00e0ria. Tanmateix, sorgeixen q\u00fcestions sobre la seva seguretat i els possibles efectes negatius que poden tenir sobre la salut.<\/p>\n<p>En primer lloc, \u00e9s important entendre que molts colorants alimentaris fets servir avui dia s\u00f3n sint\u00e8tics i poden contenir subst\u00e0ncies qu\u00edmiques que, en quantitats excessives, poden ser perjudicials per a la salut.<\/p>\n<p>De fet, s&#8217;han associat alguns colorants, com ara les tartrazines (E102) i els azoics (antraquinona i blau patent V, E130 i E131, respectivament), amb reaccions al\u00b7l\u00e8rgiques i altres problemes de salut; com tamb\u00e9 passa amb el benzoat de sodi, el benzoat de potassi, el benzoat de calci i de l\u2019\u00e0cid benzoic (E211, E210, E213 i E212). Aix\u00f2 ha suscitat preocupaci\u00f3 entre els consumidors i ha impulsat la recerca sobre alternatives m\u00e9s segures.\u00a0 En trobareu m\u00e9s informaci\u00f3 a:\u00a0<a href=\"https:\/\/etselquemenges.cat\/cancer\/colorants-i-conservants-alimentaris-perillosos\" target=\"_blank\" rel=\"noopener nofollow\">Ets el que Menges<\/a>.<\/p>\n<p><strong>Alternatives naturals<br \/>\n<\/strong>Una opci\u00f3 \u00e9s usar colorants naturals, com els que hi ha a la fruita, la verdura i altres aliments. Aquests colorants naturals ofereixen una manera saludable de donar color als aliments sense exposar-se als possibles efectes negatius dels colorants sint\u00e8tics. Per exemple, la remolatxa proporciona un color porpra intens, mentre que la c\u00farcuma o el safr\u00e0 ofereixen un ataronjat lluent.<\/p>\n<pre>Imatge: Getty Images<\/pre>\n","protected":false},"excerpt":{"rendered":"<p>Hi ha diverses alternatives naturals que es poden usar a la cuina<\/p>\n","protected":false},"author":1,"featured_media":88240,"comment_status":"open","ping_status":"closed","sticky":false,"template":"","format":"standard","meta":{"_acf_changed":false,"_swt_meta_header_display":false,"_swt_meta_footer_display":false,"_swt_meta_site_title_display":false,"_swt_meta_sticky_header":false,"_swt_meta_transparent_header":false,"footnotes":""},"categories":[1050,1481],"tags":[],"coauthors":[2053],"class_list":["post-88244","post","type-post","status-publish","format-standard","has-post-thumbnail","hentry","category-actualitat-es-de","category-alimentacio-actualitat-de"],"acf":{"gallery":null,"home_date":{"home_begin_date":null,"home_end_date":null}},"yoast_head":"<!-- This site is optimized with the Yoast SEO plugin v27.2 - https:\/\/yoast.com\/product\/yoast-seo-wordpress\/ -->\n<title>El colorant alimentari: \u00e9s un aliat o una amena\u00e7a per a la salut? - Gastron\u00f2micament<\/title>\n<meta name=\"description\" content=\"El colorant alimentari: \u00e9s un aliat o una amena\u00e7a per a la salut? Actualitat, Alimentaci\u00f3 Hi ha diverses alternatives naturals que es poden usar a la cuina\" \/>\n<meta name=\"robots\" content=\"index, follow, max-snippet:-1, max-image-preview:large, max-video-preview:-1\" \/>\n<link rel=\"canonical\" href=\"https:\/\/web2025.gastronomicament.cat\/de\/el-colorant-alimentari-es-un-aliat-o-una-amenaca-per-a-la-salut\" \/>\n<meta property=\"og:locale\" content=\"de_DE\" \/>\n<meta property=\"og:type\" content=\"article\" \/>\n<meta property=\"og:title\" content=\"El colorant alimentari: \u00e9s un aliat o una amena\u00e7a per a la salut? - Gastron\u00f2micament\" \/>\n<meta property=\"og:description\" content=\"El colorant alimentari: \u00e9s un aliat o una amena\u00e7a per a la salut? Actualitat, Alimentaci\u00f3 Hi ha diverses alternatives naturals que es poden usar a la cuina\" \/>\n<meta property=\"og:url\" content=\"https:\/\/web2025.gastronomicament.cat\/de\/el-colorant-alimentari-es-un-aliat-o-una-amenaca-per-a-la-salut\" \/>\n<meta property=\"og:site_name\" content=\"Gastron\u00f2micament\" \/>\n<meta property=\"article:published_time\" content=\"2024-04-15T07:58:27+00:00\" \/>\n<meta property=\"article:modified_time\" content=\"2024-04-15T07:59:11+00:00\" \/>\n<meta property=\"og:image\" content=\"https:\/\/web2025.gastronomicament.cat\/wp-content\/uploads\/2024\/04\/colorant-alimentari-salut.gif\" \/>\n\t<meta property=\"og:image:width\" content=\"1200\" \/>\n\t<meta property=\"og:image:height\" content=\"827\" \/>\n\t<meta property=\"og:image:type\" content=\"image\/gif\" \/>\n<meta name=\"author\" content=\"Redacci\u00f3\" \/>\n<meta name=\"twitter:card\" content=\"summary_large_image\" \/>\n<meta name=\"twitter:creator\" content=\"@gastronomicamen\" \/>\n<meta name=\"twitter:site\" content=\"@gastronomicamen\" \/>\n<meta name=\"twitter:label1\" content=\"Verfasst von\" \/>\n\t<meta name=\"twitter:data1\" content=\"Redacci\u00f3\" \/>\n\t<meta name=\"twitter:label2\" content=\"Gesch\u00e4tzte Lesezeit\" \/>\n\t<meta name=\"twitter:data2\" content=\"2\u00a0Minuten\" \/>\n\t<meta name=\"twitter:label3\" content=\"Written by\" \/>\n\t<meta name=\"twitter:data3\" content=\"Redacci\u00f3\" \/>\n<script type=\"application\/ld+json\" class=\"yoast-schema-graph\">{\"@context\":\"https:\/\/schema.org\",\"@graph\":[{\"@type\":\"Article\",\"@id\":\"https:\/\/web2025.gastronomicament.cat\/de\/el-colorant-alimentari-es-un-aliat-o-una-amenaca-per-a-la-salut#article\",\"isPartOf\":{\"@id\":\"https:\/\/web2025.gastronomicament.cat\/de\/el-colorant-alimentari-es-un-aliat-o-una-amenaca-per-a-la-salut\"},\"author\":{\"name\":\"Redacci\u00f3\",\"@id\":\"https:\/\/web2025.gastronomicament.cat\/es\/#\/schema\/person\/a7c85c537a1ed62799a5b8e0f686a37f\"},\"headline\":\"El colorant alimentari: \u00e9s un aliat o una amena\u00e7a per a la salut?\",\"datePublished\":\"2024-04-15T07:58:27+00:00\",\"dateModified\":\"2024-04-15T07:59:11+00:00\",\"mainEntityOfPage\":{\"@id\":\"https:\/\/web2025.gastronomicament.cat\/de\/el-colorant-alimentari-es-un-aliat-o-una-amenaca-per-a-la-salut\"},\"wordCount\":254,\"commentCount\":0,\"publisher\":{\"@id\":\"https:\/\/web2025.gastronomicament.cat\/es\/#organization\"},\"image\":{\"@id\":\"https:\/\/web2025.gastronomicament.cat\/de\/el-colorant-alimentari-es-un-aliat-o-una-amenaca-per-a-la-salut#primaryimage\"},\"thumbnailUrl\":\"https:\/\/web2025.gastronomicament.cat\/wp-content\/uploads\/2024\/04\/colorant-alimentari-salut.gif\",\"articleSection\":[\"Actualitat\",\"Alimentaci\u00f3\"],\"inLanguage\":\"de\",\"potentialAction\":[{\"@type\":\"CommentAction\",\"name\":\"Comment\",\"target\":[\"https:\/\/web2025.gastronomicament.cat\/de\/el-colorant-alimentari-es-un-aliat-o-una-amenaca-per-a-la-salut#respond\"]}]},{\"@type\":\"WebPage\",\"@id\":\"https:\/\/web2025.gastronomicament.cat\/de\/el-colorant-alimentari-es-un-aliat-o-una-amenaca-per-a-la-salut\",\"url\":\"https:\/\/web2025.gastronomicament.cat\/de\/el-colorant-alimentari-es-un-aliat-o-una-amenaca-per-a-la-salut\",\"name\":\"El colorant alimentari: \u00e9s un aliat o una amena\u00e7a per a la salut? - Gastron\u00f2micament\",\"isPartOf\":{\"@id\":\"https:\/\/web2025.gastronomicament.cat\/es\/#website\"},\"primaryImageOfPage\":{\"@id\":\"https:\/\/web2025.gastronomicament.cat\/de\/el-colorant-alimentari-es-un-aliat-o-una-amenaca-per-a-la-salut#primaryimage\"},\"image\":{\"@id\":\"https:\/\/web2025.gastronomicament.cat\/de\/el-colorant-alimentari-es-un-aliat-o-una-amenaca-per-a-la-salut#primaryimage\"},\"thumbnailUrl\":\"https:\/\/web2025.gastronomicament.cat\/wp-content\/uploads\/2024\/04\/colorant-alimentari-salut.gif\",\"datePublished\":\"2024-04-15T07:58:27+00:00\",\"dateModified\":\"2024-04-15T07:59:11+00:00\",\"description\":\"El colorant alimentari: \u00e9s un aliat o una amena\u00e7a per a la salut? Actualitat, Alimentaci\u00f3 Hi ha diverses alternatives naturals que es poden usar a la cuina\",\"inLanguage\":\"de\",\"potentialAction\":[{\"@type\":\"ReadAction\",\"target\":[\"https:\/\/web2025.gastronomicament.cat\/de\/el-colorant-alimentari-es-un-aliat-o-una-amenaca-per-a-la-salut\"]}]},{\"@type\":\"ImageObject\",\"inLanguage\":\"de\",\"@id\":\"https:\/\/web2025.gastronomicament.cat\/de\/el-colorant-alimentari-es-un-aliat-o-una-amenaca-per-a-la-salut#primaryimage\",\"url\":\"https:\/\/web2025.gastronomicament.cat\/wp-content\/uploads\/2024\/04\/colorant-alimentari-salut.gif\",\"contentUrl\":\"https:\/\/web2025.gastronomicament.cat\/wp-content\/uploads\/2024\/04\/colorant-alimentari-salut.gif\",\"width\":1200,\"height\":827},{\"@type\":\"WebSite\",\"@id\":\"https:\/\/web2025.gastronomicament.cat\/es\/#website\",\"url\":\"https:\/\/web2025.gastronomicament.cat\/es\/\",\"name\":\"Gastron\u00f2micament\",\"description\":\"Portal de restaurants, receptes i actualitat gastron\u00f2mica\",\"publisher\":{\"@id\":\"https:\/\/web2025.gastronomicament.cat\/es\/#organization\"},\"potentialAction\":[{\"@type\":\"SearchAction\",\"target\":{\"@type\":\"EntryPoint\",\"urlTemplate\":\"https:\/\/web2025.gastronomicament.cat\/es\/?s={search_term_string}\"},\"query-input\":{\"@type\":\"PropertyValueSpecification\",\"valueRequired\":true,\"valueName\":\"search_term_string\"}}],\"inLanguage\":\"de\"},{\"@type\":\"Organization\",\"@id\":\"https:\/\/web2025.gastronomicament.cat\/es\/#organization\",\"name\":\"Gastron\u00f2micament\",\"url\":\"https:\/\/web2025.gastronomicament.cat\/es\/\",\"logo\":{\"@type\":\"ImageObject\",\"inLanguage\":\"de\",\"@id\":\"https:\/\/web2025.gastronomicament.cat\/es\/#\/schema\/logo\/image\/\",\"url\":\"https:\/\/web2025.gastronomicament.cat\/wp-content\/uploads\/2016\/09\/header-logo.jpg\",\"contentUrl\":\"https:\/\/web2025.gastronomicament.cat\/wp-content\/uploads\/2016\/09\/header-logo.jpg\",\"width\":277,\"height\":39,\"caption\":\"Gastron\u00f2micament\"},\"image\":{\"@id\":\"https:\/\/web2025.gastronomicament.cat\/es\/#\/schema\/logo\/image\/\"},\"sameAs\":[\"https:\/\/x.com\/gastronomicamen\"]},{\"@type\":\"Person\",\"@id\":\"https:\/\/web2025.gastronomicament.cat\/es\/#\/schema\/person\/a7c85c537a1ed62799a5b8e0f686a37f\",\"name\":\"Redacci\u00f3\",\"image\":{\"@type\":\"ImageObject\",\"inLanguage\":\"de\",\"@id\":\"https:\/\/secure.gravatar.com\/avatar\/9489a485c464fd611d33825daae651d13db70c4e74c65c94937a15a9d4c3ee14?s=96&d=mm&r=g69fea3cce3645dfa2166e7293e22955e\",\"url\":\"https:\/\/secure.gravatar.com\/avatar\/9489a485c464fd611d33825daae651d13db70c4e74c65c94937a15a9d4c3ee14?s=96&d=mm&r=g\",\"contentUrl\":\"https:\/\/secure.gravatar.com\/avatar\/9489a485c464fd611d33825daae651d13db70c4e74c65c94937a15a9d4c3ee14?s=96&d=mm&r=g\",\"caption\":\"Redacci\u00f3\"},\"sameAs\":[\"http:\/\/gastronomicament.cat\"],\"url\":\"https:\/\/web2025.gastronomicament.cat\/de\/author\/admin\"}]}<\/script>\n<!-- \/ Yoast SEO plugin. -->","yoast_head_json":{"title":"El colorant alimentari: \u00e9s un aliat o una amena\u00e7a per a la salut? - Gastron\u00f2micament","description":"El colorant alimentari: \u00e9s un aliat o una amena\u00e7a per a la salut? Actualitat, Alimentaci\u00f3 Hi ha diverses alternatives naturals que es poden usar a la cuina","robots":{"index":"index","follow":"follow","max-snippet":"max-snippet:-1","max-image-preview":"max-image-preview:large","max-video-preview":"max-video-preview:-1"},"canonical":"https:\/\/web2025.gastronomicament.cat\/de\/el-colorant-alimentari-es-un-aliat-o-una-amenaca-per-a-la-salut","og_locale":"de_DE","og_type":"article","og_title":"El colorant alimentari: \u00e9s un aliat o una amena\u00e7a per a la salut? - Gastron\u00f2micament","og_description":"El colorant alimentari: \u00e9s un aliat o una amena\u00e7a per a la salut? Actualitat, Alimentaci\u00f3 Hi ha diverses alternatives naturals que es poden usar a la cuina","og_url":"https:\/\/web2025.gastronomicament.cat\/de\/el-colorant-alimentari-es-un-aliat-o-una-amenaca-per-a-la-salut","og_site_name":"Gastron\u00f2micament","article_published_time":"2024-04-15T07:58:27+00:00","article_modified_time":"2024-04-15T07:59:11+00:00","og_image":[{"width":1200,"height":827,"url":"https:\/\/web2025.gastronomicament.cat\/wp-content\/uploads\/2024\/04\/colorant-alimentari-salut.gif","type":"image\/gif"}],"author":"Redacci\u00f3","twitter_card":"summary_large_image","twitter_creator":"@gastronomicamen","twitter_site":"@gastronomicamen","twitter_misc":{"Verfasst von":"Redacci\u00f3","Gesch\u00e4tzte Lesezeit":"2\u00a0Minuten","Written by":"Redacci\u00f3"},"schema":{"@context":"https:\/\/schema.org","@graph":[{"@type":"Article","@id":"https:\/\/web2025.gastronomicament.cat\/de\/el-colorant-alimentari-es-un-aliat-o-una-amenaca-per-a-la-salut#article","isPartOf":{"@id":"https:\/\/web2025.gastronomicament.cat\/de\/el-colorant-alimentari-es-un-aliat-o-una-amenaca-per-a-la-salut"},"author":{"name":"Redacci\u00f3","@id":"https:\/\/web2025.gastronomicament.cat\/es\/#\/schema\/person\/a7c85c537a1ed62799a5b8e0f686a37f"},"headline":"El colorant alimentari: \u00e9s un aliat o una amena\u00e7a per a la salut?","datePublished":"2024-04-15T07:58:27+00:00","dateModified":"2024-04-15T07:59:11+00:00","mainEntityOfPage":{"@id":"https:\/\/web2025.gastronomicament.cat\/de\/el-colorant-alimentari-es-un-aliat-o-una-amenaca-per-a-la-salut"},"wordCount":254,"commentCount":0,"publisher":{"@id":"https:\/\/web2025.gastronomicament.cat\/es\/#organization"},"image":{"@id":"https:\/\/web2025.gastronomicament.cat\/de\/el-colorant-alimentari-es-un-aliat-o-una-amenaca-per-a-la-salut#primaryimage"},"thumbnailUrl":"https:\/\/web2025.gastronomicament.cat\/wp-content\/uploads\/2024\/04\/colorant-alimentari-salut.gif","articleSection":["Actualitat","Alimentaci\u00f3"],"inLanguage":"de","potentialAction":[{"@type":"CommentAction","name":"Comment","target":["https:\/\/web2025.gastronomicament.cat\/de\/el-colorant-alimentari-es-un-aliat-o-una-amenaca-per-a-la-salut#respond"]}]},{"@type":"WebPage","@id":"https:\/\/web2025.gastronomicament.cat\/de\/el-colorant-alimentari-es-un-aliat-o-una-amenaca-per-a-la-salut","url":"https:\/\/web2025.gastronomicament.cat\/de\/el-colorant-alimentari-es-un-aliat-o-una-amenaca-per-a-la-salut","name":"El colorant alimentari: \u00e9s un aliat o una amena\u00e7a per a la salut? - Gastron\u00f2micament","isPartOf":{"@id":"https:\/\/web2025.gastronomicament.cat\/es\/#website"},"primaryImageOfPage":{"@id":"https:\/\/web2025.gastronomicament.cat\/de\/el-colorant-alimentari-es-un-aliat-o-una-amenaca-per-a-la-salut#primaryimage"},"image":{"@id":"https:\/\/web2025.gastronomicament.cat\/de\/el-colorant-alimentari-es-un-aliat-o-una-amenaca-per-a-la-salut#primaryimage"},"thumbnailUrl":"https:\/\/web2025.gastronomicament.cat\/wp-content\/uploads\/2024\/04\/colorant-alimentari-salut.gif","datePublished":"2024-04-15T07:58:27+00:00","dateModified":"2024-04-15T07:59:11+00:00","description":"El colorant alimentari: \u00e9s un aliat o una amena\u00e7a per a la salut? Actualitat, Alimentaci\u00f3 Hi ha diverses alternatives naturals que es poden usar a la cuina","inLanguage":"de","potentialAction":[{"@type":"ReadAction","target":["https:\/\/web2025.gastronomicament.cat\/de\/el-colorant-alimentari-es-un-aliat-o-una-amenaca-per-a-la-salut"]}]},{"@type":"ImageObject","inLanguage":"de","@id":"https:\/\/web2025.gastronomicament.cat\/de\/el-colorant-alimentari-es-un-aliat-o-una-amenaca-per-a-la-salut#primaryimage","url":"https:\/\/web2025.gastronomicament.cat\/wp-content\/uploads\/2024\/04\/colorant-alimentari-salut.gif","contentUrl":"https:\/\/web2025.gastronomicament.cat\/wp-content\/uploads\/2024\/04\/colorant-alimentari-salut.gif","width":1200,"height":827},{"@type":"WebSite","@id":"https:\/\/web2025.gastronomicament.cat\/es\/#website","url":"https:\/\/web2025.gastronomicament.cat\/es\/","name":"Gastron\u00f2micament","description":"Portal de restaurants, receptes i actualitat gastron\u00f2mica","publisher":{"@id":"https:\/\/web2025.gastronomicament.cat\/es\/#organization"},"potentialAction":[{"@type":"SearchAction","target":{"@type":"EntryPoint","urlTemplate":"https:\/\/web2025.gastronomicament.cat\/es\/?s={search_term_string}"},"query-input":{"@type":"PropertyValueSpecification","valueRequired":true,"valueName":"search_term_string"}}],"inLanguage":"de"},{"@type":"Organization","@id":"https:\/\/web2025.gastronomicament.cat\/es\/#organization","name":"Gastron\u00f2micament","url":"https:\/\/web2025.gastronomicament.cat\/es\/","logo":{"@type":"ImageObject","inLanguage":"de","@id":"https:\/\/web2025.gastronomicament.cat\/es\/#\/schema\/logo\/image\/","url":"https:\/\/web2025.gastronomicament.cat\/wp-content\/uploads\/2016\/09\/header-logo.jpg","contentUrl":"https:\/\/web2025.gastronomicament.cat\/wp-content\/uploads\/2016\/09\/header-logo.jpg","width":277,"height":39,"caption":"Gastron\u00f2micament"},"image":{"@id":"https:\/\/web2025.gastronomicament.cat\/es\/#\/schema\/logo\/image\/"},"sameAs":["https:\/\/x.com\/gastronomicamen"]},{"@type":"Person","@id":"https:\/\/web2025.gastronomicament.cat\/es\/#\/schema\/person\/a7c85c537a1ed62799a5b8e0f686a37f","name":"Redacci\u00f3","image":{"@type":"ImageObject","inLanguage":"de","@id":"https:\/\/secure.gravatar.com\/avatar\/9489a485c464fd611d33825daae651d13db70c4e74c65c94937a15a9d4c3ee14?s=96&d=mm&r=g69fea3cce3645dfa2166e7293e22955e","url":"https:\/\/secure.gravatar.com\/avatar\/9489a485c464fd611d33825daae651d13db70c4e74c65c94937a15a9d4c3ee14?s=96&d=mm&r=g","contentUrl":"https:\/\/secure.gravatar.com\/avatar\/9489a485c464fd611d33825daae651d13db70c4e74c65c94937a15a9d4c3ee14?s=96&d=mm&r=g","caption":"Redacci\u00f3"},"sameAs":["http:\/\/gastronomicament.cat"],"url":"https:\/\/web2025.gastronomicament.cat\/de\/author\/admin"}]}},"_links":{"self":[{"href":"https:\/\/web2025.gastronomicament.cat\/de\/wp-json\/wp\/v2\/posts\/88244","targetHints":{"allow":["GET"]}}],"collection":[{"href":"https:\/\/web2025.gastronomicament.cat\/de\/wp-json\/wp\/v2\/posts"}],"about":[{"href":"https:\/\/web2025.gastronomicament.cat\/de\/wp-json\/wp\/v2\/types\/post"}],"author":[{"embeddable":true,"href":"https:\/\/web2025.gastronomicament.cat\/de\/wp-json\/wp\/v2\/users\/1"}],"replies":[{"embeddable":true,"href":"https:\/\/web2025.gastronomicament.cat\/de\/wp-json\/wp\/v2\/comments?post=88244"}],"version-history":[{"count":0,"href":"https:\/\/web2025.gastronomicament.cat\/de\/wp-json\/wp\/v2\/posts\/88244\/revisions"}],"wp:featuredmedia":[{"embeddable":true,"href":"https:\/\/web2025.gastronomicament.cat\/de\/wp-json\/wp\/v2\/media\/88240"}],"wp:attachment":[{"href":"https:\/\/web2025.gastronomicament.cat\/de\/wp-json\/wp\/v2\/media?parent=88244"}],"wp:term":[{"taxonomy":"category","embeddable":true,"href":"https:\/\/web2025.gastronomicament.cat\/de\/wp-json\/wp\/v2\/categories?post=88244"},{"taxonomy":"post_tag","embeddable":true,"href":"https:\/\/web2025.gastronomicament.cat\/de\/wp-json\/wp\/v2\/tags?post=88244"},{"taxonomy":"author","embeddable":true,"href":"https:\/\/web2025.gastronomicament.cat\/de\/wp-json\/wp\/v2\/coauthors?post=88244"}],"curies":[{"name":"wp","href":"https:\/\/api.w.org\/{rel}","templated":true}]}}