{"id":86765,"date":"2024-01-04T01:16:14","date_gmt":"2024-01-04T00:16:14","guid":{"rendered":"https:\/\/gastronomicament.cat\/que-es-el-natto-japones-i-per-que-tothom-en-parla-darrerament"},"modified":"2024-08-22T12:25:00","modified_gmt":"2024-08-22T10:25:00","slug":"que-es-el-natto-japones-i-per-que-tothom-en-parla-darrerament","status":"publish","type":"post","link":"https:\/\/web2025.gastronomicament.cat\/de\/que-es-el-natto-japones-i-per-que-tothom-en-parla-darrerament","title":{"rendered":"Qu\u00e8 \u00e9s el natto japon\u00e8s i per qu\u00e8 tothom en parla darrerament?"},"content":{"rendered":"<p>El natto \u00e9s un\u00a0<strong>aliment cuit al vapor i posteriorment fermentat originari del Jap\u00f3<\/strong>, concretament fet a base de soia. La fermentaci\u00f3 es produeix amb l&#8217;ajuda d&#8217;un bacteri anomenat\u00a0<em>Bacillus subtilis<\/em>, que converteix les prote\u00efnes de la soia en amino\u00e0cids i altres compostos beneficiosos durant el proc\u00e9s.<\/p>\n<p>La preparaci\u00f3 del natto \u00e9s un proc\u00e9s artesanal que implica la cocci\u00f3 de la soia i la fermentaci\u00f3 amb el bacteri esmentat. El resultat final \u00e9s un aliment amb un caracter\u00edstic gust fort i una textura viscosa. Tradicionalment, se serveix amb arr\u00f2s, sopa de miso o altres plats japonesos.<\/p>\n<p><strong>Propietats nutricionals del natto<br \/>\n<\/strong>El natto \u00e9s ric en nutrients essencials que ofereixen una s\u00e8rie de beneficis per a la salut cardiovascular. Algunes de les propietats nutricionals destacades com ara:<\/p>\n<ul>\n<li><strong>Vitamina K2<\/strong>: El natto \u00e9s una font excepcionalment bona de vitamina K2, crucial per al metabolisme del calci i que ajuda a prevenir la calcificaci\u00f3 arterial.<\/li>\n<li><strong>Fibra<\/strong>: \u00c9s una font significativa de fibra, la qual contribueix a mantenir els nivells de colesterol en sang equilibrats i millora la salut del sistema cardiovascular.<\/li>\n<li><strong>Prote\u00efnes<\/strong>: Aporta prote\u00efnes de qualitat, valuoses per al manteniment de la massa muscular i la salut general.<\/li>\n<li><strong>Enzims beneficiosos<\/strong>: La fermentaci\u00f3 del natto produeix enzims beneficiosos que milloren la digesti\u00f3 i l&#8217;absorci\u00f3 de nutrients.<\/li>\n<\/ul>\n<p><strong>Com incorporar el natto a la dieta<br \/>\n<\/strong>Aquest aliment tradicional del Jap\u00f3 s&#8217;est\u00e0 posant de moda a trav\u00e9s de les xarxes socials i suposa un repte per a molts tastar-lo per mor del seu sabor peculiar i la textura viscosa.<\/p>\n<p>El natto pot ser incorporat a la dieta de diverses maneres. Es pot menjar amb arr\u00f2s, es pot afegir a amanides o, fins i tot, utilitzar-lo com a ingredient en plats cuinats. Algunes persones s&#8217;estimen m\u00e9s barrejar-ho amb salses o condiments per millorar el seu sabor segons les seves prefer\u00e8ncies personals.<\/p>\n<p>En conclusi\u00f3, el natto \u00e9s m\u00e9s que una simple delicadesa japonesa; \u00e9s un aliment que aporta propietats nutricionals \u00faniques i beneficis demostrats, motiu pel que pot ser un producte interessant a afegir a la dieta per aquells que busquen mantenir un cor saludable de manera natural.<\/p>\n<blockquote class=\"tiktok-embed\" style=\"max-width: 605px; min-width: 325px;\" cite=\"https:\/\/www.tiktok.com\/@bayashi.tiktok\/video\/7143169255964560642\" data-video-id=\"7143169255964560642\">\n<section><a title=\"@bayashi.tiktok\" href=\"https:\/\/www.tiktok.com\/@bayashi.tiktok?refer=embed\" target=\"_blank\" rel=\"noopener\">@bayashi.tiktok<\/a> \u30ec\u30b7\u30d4:@\u307e\u308b\u307f\u30ad\u30c3\u30c1\u30f3 <a title=\"tiktokfood\" href=\"https:\/\/www.tiktok.com\/tag\/tiktokfood?refer=embed\" target=\"_blank\" rel=\"noopener\">#tiktokfood<\/a> <a title=\"natto\" href=\"https:\/\/www.tiktok.com\/tag\/natto?refer=embed\" target=\"_blank\" rel=\"noopener\">#natto<\/a> <a title=\"\u266c Bones - Imagine Dragons\" href=\"https:\/\/www.tiktok.com\/music\/Bones-7073003264559564802?refer=embed\" target=\"_blank\" rel=\"noopener\">\u266c Bones &#8211; Imagine Dragons<\/a><\/section>\n<\/blockquote>\n<p><script async src=\"https:\/\/www.tiktok.com\/embed.js\"><\/script><\/p>\n<blockquote class=\"tiktok-embed\" style=\"max-width: 605px; min-width: 325px;\" cite=\"https:\/\/www.tiktok.com\/@vindyleetiktok\/video\/7122836383990844698\" data-video-id=\"7122836383990844698\">\n<section><a title=\"@vindyleetiktok\" href=\"https:\/\/www.tiktok.com\/@vindyleetiktok?refer=embed\" target=\"_blank\" rel=\"noopener\">@vindyleetiktok<\/a> Replying to @syfiraalysaa mutar mutar Slay\ud83d\udc85\ud83c\udffb\u2728 <a title=\"natto\" href=\"https:\/\/www.tiktok.com\/tag\/natto?refer=embed\" target=\"_blank\" rel=\"noopener\">#Natto<\/a> <a title=\"slayanggunly\" href=\"https:\/\/www.tiktok.com\/tag\/slayanggunly?refer=embed\" target=\"_blank\" rel=\"noopener\">#SlayAnggunly<\/a> <a title=\"tipsdapur\" href=\"https:\/\/www.tiktok.com\/tag\/tipsdapur?refer=embed\" target=\"_blank\" rel=\"noopener\">#TipsDapur<\/a> <a title=\"\u266c Ice Cream (with Selena Gomez) - BLACKPINK &amp; Selena Gomez\" href=\"https:\/\/www.tiktok.com\/music\/Ice-Cream-with-Selena-Gomez-6935047188430981122?refer=embed\" target=\"_blank\" rel=\"noopener\">\u266c Ice Cream (with Selena Gomez) &#8211; BLACKPINK &amp; Selena Gomez<\/a><\/section>\n<\/blockquote>\n<p><script async src=\"https:\/\/www.tiktok.com\/embed.js\"><\/script><\/p>\n<pre>Imatge: Getty images<\/pre>\n","protected":false},"excerpt":{"rendered":"<p>Aquest aliment tradicional del Jap\u00f3 s&#8217;est\u00e0 posant de moda a trav\u00e9s de les xarxes socials<\/p>\n","protected":false},"author":98,"featured_media":86761,"comment_status":"open","ping_status":"closed","sticky":false,"template":"","format":"standard","meta":{"_acf_changed":false,"_swt_meta_header_display":false,"_swt_meta_footer_display":false,"_swt_meta_site_title_display":false,"_swt_meta_sticky_header":false,"_swt_meta_transparent_header":false,"footnotes":""},"categories":[1050,1481],"tags":[],"coauthors":[2152,2055,2053],"class_list":["post-86765","post","type-post","status-publish","format-standard","has-post-thumbnail","hentry","category-actualitat-es-de","category-alimentacio-actualitat-de"],"acf":{"gallery":null,"home_date":{"home_begin_date":null,"home_end_date":null}},"yoast_head":"<!-- This site is optimized with the Yoast SEO plugin v27.2 - https:\/\/yoast.com\/product\/yoast-seo-wordpress\/ -->\n<title>Qu\u00e8 \u00e9s el natto japon\u00e8s i per qu\u00e8 tothom en parla darrerament? - Gastron\u00f2micament<\/title>\n<meta name=\"description\" content=\"Qu\u00e8 \u00e9s el natto japon\u00e8s i per qu\u00e8 tothom en parla darrerament? Actualitat, Alimentaci\u00f3 Aquest aliment tradicional del Jap\u00f3 s&#039;est\u00e0 posant de moda a trav\u00e9s de les xarxes socials\" \/>\n<meta name=\"robots\" content=\"index, follow, max-snippet:-1, max-image-preview:large, max-video-preview:-1\" \/>\n<link rel=\"canonical\" href=\"https:\/\/web2025.gastronomicament.cat\/de\/que-es-el-natto-japones-i-per-que-tothom-en-parla-darrerament\" \/>\n<meta property=\"og:locale\" content=\"de_DE\" \/>\n<meta property=\"og:type\" content=\"article\" \/>\n<meta property=\"og:title\" content=\"Qu\u00e8 \u00e9s el natto japon\u00e8s i per qu\u00e8 tothom en parla darrerament? - Gastron\u00f2micament\" \/>\n<meta property=\"og:description\" content=\"Qu\u00e8 \u00e9s el natto japon\u00e8s i per qu\u00e8 tothom en parla darrerament? Actualitat, Alimentaci\u00f3 Aquest aliment tradicional del Jap\u00f3 s&#039;est\u00e0 posant de moda a trav\u00e9s de les xarxes socials\" \/>\n<meta property=\"og:url\" content=\"https:\/\/web2025.gastronomicament.cat\/de\/que-es-el-natto-japones-i-per-que-tothom-en-parla-darrerament\" \/>\n<meta property=\"og:site_name\" content=\"Gastron\u00f2micament\" \/>\n<meta property=\"article:published_time\" content=\"2024-01-04T00:16:14+00:00\" \/>\n<meta property=\"article:modified_time\" content=\"2024-08-22T10:25:00+00:00\" \/>\n<meta property=\"og:image\" content=\"https:\/\/web2025.gastronomicament.cat\/wp-content\/uploads\/2024\/01\/natto-japones.jpg\" \/>\n\t<meta property=\"og:image:width\" content=\"1200\" \/>\n\t<meta property=\"og:image:height\" content=\"859\" \/>\n\t<meta property=\"og:image:type\" content=\"image\/jpeg\" \/>\n<meta name=\"author\" content=\"Eva Remolina, AMIC, Redacci\u00f3\" \/>\n<meta name=\"twitter:card\" content=\"summary_large_image\" \/>\n<meta name=\"twitter:creator\" content=\"@gastronomicamen\" \/>\n<meta name=\"twitter:site\" content=\"@gastronomicamen\" \/>\n<meta name=\"twitter:label1\" content=\"Verfasst von\" \/>\n\t<meta name=\"twitter:data1\" content=\"Eva Remolina\" \/>\n\t<meta name=\"twitter:label2\" content=\"Gesch\u00e4tzte Lesezeit\" \/>\n\t<meta name=\"twitter:data2\" content=\"3\u00a0Minuten\" \/>\n\t<meta name=\"twitter:label3\" content=\"Written by\" \/>\n\t<meta name=\"twitter:data3\" content=\"Eva Remolina, AMIC, Redacci\u00f3\" \/>\n<script type=\"application\/ld+json\" class=\"yoast-schema-graph\">{\"@context\":\"https:\/\/schema.org\",\"@graph\":[{\"@type\":\"Article\",\"@id\":\"https:\/\/web2025.gastronomicament.cat\/de\/que-es-el-natto-japones-i-per-que-tothom-en-parla-darrerament#article\",\"isPartOf\":{\"@id\":\"https:\/\/web2025.gastronomicament.cat\/de\/que-es-el-natto-japones-i-per-que-tothom-en-parla-darrerament\"},\"author\":{\"name\":\"Eva Remolina\",\"@id\":\"https:\/\/web2025.gastronomicament.cat\/es\/#\/schema\/person\/5bffe11f72571a25f3b216a1a5d057f6\"},\"headline\":\"Qu\u00e8 \u00e9s el natto japon\u00e8s i per qu\u00e8 tothom en parla darrerament?\",\"datePublished\":\"2024-01-04T00:16:14+00:00\",\"dateModified\":\"2024-08-22T10:25:00+00:00\",\"mainEntityOfPage\":{\"@id\":\"https:\/\/web2025.gastronomicament.cat\/de\/que-es-el-natto-japones-i-per-que-tothom-en-parla-darrerament\"},\"wordCount\":404,\"commentCount\":0,\"publisher\":{\"@id\":\"https:\/\/web2025.gastronomicament.cat\/es\/#organization\"},\"image\":{\"@id\":\"https:\/\/web2025.gastronomicament.cat\/de\/que-es-el-natto-japones-i-per-que-tothom-en-parla-darrerament#primaryimage\"},\"thumbnailUrl\":\"https:\/\/web2025.gastronomicament.cat\/wp-content\/uploads\/2024\/01\/natto-japones.jpg\",\"articleSection\":[\"Actualitat\",\"Alimentaci\u00f3\"],\"inLanguage\":\"de\",\"potentialAction\":[{\"@type\":\"CommentAction\",\"name\":\"Comment\",\"target\":[\"https:\/\/web2025.gastronomicament.cat\/de\/que-es-el-natto-japones-i-per-que-tothom-en-parla-darrerament#respond\"]}]},{\"@type\":\"WebPage\",\"@id\":\"https:\/\/web2025.gastronomicament.cat\/de\/que-es-el-natto-japones-i-per-que-tothom-en-parla-darrerament\",\"url\":\"https:\/\/web2025.gastronomicament.cat\/de\/que-es-el-natto-japones-i-per-que-tothom-en-parla-darrerament\",\"name\":\"Qu\u00e8 \u00e9s el natto japon\u00e8s i per qu\u00e8 tothom en parla darrerament? - Gastron\u00f2micament\",\"isPartOf\":{\"@id\":\"https:\/\/web2025.gastronomicament.cat\/es\/#website\"},\"primaryImageOfPage\":{\"@id\":\"https:\/\/web2025.gastronomicament.cat\/de\/que-es-el-natto-japones-i-per-que-tothom-en-parla-darrerament#primaryimage\"},\"image\":{\"@id\":\"https:\/\/web2025.gastronomicament.cat\/de\/que-es-el-natto-japones-i-per-que-tothom-en-parla-darrerament#primaryimage\"},\"thumbnailUrl\":\"https:\/\/web2025.gastronomicament.cat\/wp-content\/uploads\/2024\/01\/natto-japones.jpg\",\"datePublished\":\"2024-01-04T00:16:14+00:00\",\"dateModified\":\"2024-08-22T10:25:00+00:00\",\"description\":\"Qu\u00e8 \u00e9s el natto japon\u00e8s i per qu\u00e8 tothom en parla darrerament? Actualitat, Alimentaci\u00f3 Aquest aliment tradicional del Jap\u00f3 s'est\u00e0 posant de moda a trav\u00e9s de les xarxes socials\",\"inLanguage\":\"de\",\"potentialAction\":[{\"@type\":\"ReadAction\",\"target\":[\"https:\/\/web2025.gastronomicament.cat\/de\/que-es-el-natto-japones-i-per-que-tothom-en-parla-darrerament\"]}]},{\"@type\":\"ImageObject\",\"inLanguage\":\"de\",\"@id\":\"https:\/\/web2025.gastronomicament.cat\/de\/que-es-el-natto-japones-i-per-que-tothom-en-parla-darrerament#primaryimage\",\"url\":\"https:\/\/web2025.gastronomicament.cat\/wp-content\/uploads\/2024\/01\/natto-japones.jpg\",\"contentUrl\":\"https:\/\/web2025.gastronomicament.cat\/wp-content\/uploads\/2024\/01\/natto-japones.jpg\",\"width\":1200,\"height\":859},{\"@type\":\"WebSite\",\"@id\":\"https:\/\/web2025.gastronomicament.cat\/es\/#website\",\"url\":\"https:\/\/web2025.gastronomicament.cat\/es\/\",\"name\":\"Gastron\u00f2micament\",\"description\":\"Portal de restaurants, receptes i actualitat gastron\u00f2mica\",\"publisher\":{\"@id\":\"https:\/\/web2025.gastronomicament.cat\/es\/#organization\"},\"potentialAction\":[{\"@type\":\"SearchAction\",\"target\":{\"@type\":\"EntryPoint\",\"urlTemplate\":\"https:\/\/web2025.gastronomicament.cat\/es\/?s={search_term_string}\"},\"query-input\":{\"@type\":\"PropertyValueSpecification\",\"valueRequired\":true,\"valueName\":\"search_term_string\"}}],\"inLanguage\":\"de\"},{\"@type\":\"Organization\",\"@id\":\"https:\/\/web2025.gastronomicament.cat\/es\/#organization\",\"name\":\"Gastron\u00f2micament\",\"url\":\"https:\/\/web2025.gastronomicament.cat\/es\/\",\"logo\":{\"@type\":\"ImageObject\",\"inLanguage\":\"de\",\"@id\":\"https:\/\/web2025.gastronomicament.cat\/es\/#\/schema\/logo\/image\/\",\"url\":\"https:\/\/web2025.gastronomicament.cat\/wp-content\/uploads\/2016\/09\/header-logo.jpg\",\"contentUrl\":\"https:\/\/web2025.gastronomicament.cat\/wp-content\/uploads\/2016\/09\/header-logo.jpg\",\"width\":277,\"height\":39,\"caption\":\"Gastron\u00f2micament\"},\"image\":{\"@id\":\"https:\/\/web2025.gastronomicament.cat\/es\/#\/schema\/logo\/image\/\"},\"sameAs\":[\"https:\/\/x.com\/gastronomicamen\"]},{\"@type\":\"Person\",\"@id\":\"https:\/\/web2025.gastronomicament.cat\/es\/#\/schema\/person\/5bffe11f72571a25f3b216a1a5d057f6\",\"name\":\"Eva Remolina\",\"image\":{\"@type\":\"ImageObject\",\"inLanguage\":\"de\",\"@id\":\"https:\/\/secure.gravatar.com\/avatar\/6ca6a2c7dda8545fe199b4c2cf1e4971d694a0450a833d6cb60cb3aa80354d61?s=96&d=mm&r=g514822e3edc78b127dbfd819db170c43\",\"url\":\"https:\/\/secure.gravatar.com\/avatar\/6ca6a2c7dda8545fe199b4c2cf1e4971d694a0450a833d6cb60cb3aa80354d61?s=96&d=mm&r=g\",\"contentUrl\":\"https:\/\/secure.gravatar.com\/avatar\/6ca6a2c7dda8545fe199b4c2cf1e4971d694a0450a833d6cb60cb3aa80354d61?s=96&d=mm&r=g\",\"caption\":\"Eva Remolina\"},\"url\":\"https:\/\/web2025.gastronomicament.cat\/de\/author\/eva-remolina-amic\"}]}<\/script>\n<!-- \/ Yoast SEO plugin. -->","yoast_head_json":{"title":"Qu\u00e8 \u00e9s el natto japon\u00e8s i per qu\u00e8 tothom en parla darrerament? - Gastron\u00f2micament","description":"Qu\u00e8 \u00e9s el natto japon\u00e8s i per qu\u00e8 tothom en parla darrerament? Actualitat, Alimentaci\u00f3 Aquest aliment tradicional del Jap\u00f3 s'est\u00e0 posant de moda a trav\u00e9s de les xarxes socials","robots":{"index":"index","follow":"follow","max-snippet":"max-snippet:-1","max-image-preview":"max-image-preview:large","max-video-preview":"max-video-preview:-1"},"canonical":"https:\/\/web2025.gastronomicament.cat\/de\/que-es-el-natto-japones-i-per-que-tothom-en-parla-darrerament","og_locale":"de_DE","og_type":"article","og_title":"Qu\u00e8 \u00e9s el natto japon\u00e8s i per qu\u00e8 tothom en parla darrerament? - Gastron\u00f2micament","og_description":"Qu\u00e8 \u00e9s el natto japon\u00e8s i per qu\u00e8 tothom en parla darrerament? Actualitat, Alimentaci\u00f3 Aquest aliment tradicional del Jap\u00f3 s'est\u00e0 posant de moda a trav\u00e9s de les xarxes socials","og_url":"https:\/\/web2025.gastronomicament.cat\/de\/que-es-el-natto-japones-i-per-que-tothom-en-parla-darrerament","og_site_name":"Gastron\u00f2micament","article_published_time":"2024-01-04T00:16:14+00:00","article_modified_time":"2024-08-22T10:25:00+00:00","og_image":[{"width":1200,"height":859,"url":"https:\/\/web2025.gastronomicament.cat\/wp-content\/uploads\/2024\/01\/natto-japones.jpg","type":"image\/jpeg"}],"author":"Eva Remolina, AMIC, Redacci\u00f3","twitter_card":"summary_large_image","twitter_creator":"@gastronomicamen","twitter_site":"@gastronomicamen","twitter_misc":{"Verfasst von":"Eva Remolina","Gesch\u00e4tzte Lesezeit":"3\u00a0Minuten","Written by":"Eva Remolina, AMIC, Redacci\u00f3"},"schema":{"@context":"https:\/\/schema.org","@graph":[{"@type":"Article","@id":"https:\/\/web2025.gastronomicament.cat\/de\/que-es-el-natto-japones-i-per-que-tothom-en-parla-darrerament#article","isPartOf":{"@id":"https:\/\/web2025.gastronomicament.cat\/de\/que-es-el-natto-japones-i-per-que-tothom-en-parla-darrerament"},"author":{"name":"Eva Remolina","@id":"https:\/\/web2025.gastronomicament.cat\/es\/#\/schema\/person\/5bffe11f72571a25f3b216a1a5d057f6"},"headline":"Qu\u00e8 \u00e9s el natto japon\u00e8s i per qu\u00e8 tothom en parla darrerament?","datePublished":"2024-01-04T00:16:14+00:00","dateModified":"2024-08-22T10:25:00+00:00","mainEntityOfPage":{"@id":"https:\/\/web2025.gastronomicament.cat\/de\/que-es-el-natto-japones-i-per-que-tothom-en-parla-darrerament"},"wordCount":404,"commentCount":0,"publisher":{"@id":"https:\/\/web2025.gastronomicament.cat\/es\/#organization"},"image":{"@id":"https:\/\/web2025.gastronomicament.cat\/de\/que-es-el-natto-japones-i-per-que-tothom-en-parla-darrerament#primaryimage"},"thumbnailUrl":"https:\/\/web2025.gastronomicament.cat\/wp-content\/uploads\/2024\/01\/natto-japones.jpg","articleSection":["Actualitat","Alimentaci\u00f3"],"inLanguage":"de","potentialAction":[{"@type":"CommentAction","name":"Comment","target":["https:\/\/web2025.gastronomicament.cat\/de\/que-es-el-natto-japones-i-per-que-tothom-en-parla-darrerament#respond"]}]},{"@type":"WebPage","@id":"https:\/\/web2025.gastronomicament.cat\/de\/que-es-el-natto-japones-i-per-que-tothom-en-parla-darrerament","url":"https:\/\/web2025.gastronomicament.cat\/de\/que-es-el-natto-japones-i-per-que-tothom-en-parla-darrerament","name":"Qu\u00e8 \u00e9s el natto japon\u00e8s i per qu\u00e8 tothom en parla darrerament? - Gastron\u00f2micament","isPartOf":{"@id":"https:\/\/web2025.gastronomicament.cat\/es\/#website"},"primaryImageOfPage":{"@id":"https:\/\/web2025.gastronomicament.cat\/de\/que-es-el-natto-japones-i-per-que-tothom-en-parla-darrerament#primaryimage"},"image":{"@id":"https:\/\/web2025.gastronomicament.cat\/de\/que-es-el-natto-japones-i-per-que-tothom-en-parla-darrerament#primaryimage"},"thumbnailUrl":"https:\/\/web2025.gastronomicament.cat\/wp-content\/uploads\/2024\/01\/natto-japones.jpg","datePublished":"2024-01-04T00:16:14+00:00","dateModified":"2024-08-22T10:25:00+00:00","description":"Qu\u00e8 \u00e9s el natto japon\u00e8s i per qu\u00e8 tothom en parla darrerament? Actualitat, Alimentaci\u00f3 Aquest aliment tradicional del Jap\u00f3 s'est\u00e0 posant de moda a trav\u00e9s de les xarxes socials","inLanguage":"de","potentialAction":[{"@type":"ReadAction","target":["https:\/\/web2025.gastronomicament.cat\/de\/que-es-el-natto-japones-i-per-que-tothom-en-parla-darrerament"]}]},{"@type":"ImageObject","inLanguage":"de","@id":"https:\/\/web2025.gastronomicament.cat\/de\/que-es-el-natto-japones-i-per-que-tothom-en-parla-darrerament#primaryimage","url":"https:\/\/web2025.gastronomicament.cat\/wp-content\/uploads\/2024\/01\/natto-japones.jpg","contentUrl":"https:\/\/web2025.gastronomicament.cat\/wp-content\/uploads\/2024\/01\/natto-japones.jpg","width":1200,"height":859},{"@type":"WebSite","@id":"https:\/\/web2025.gastronomicament.cat\/es\/#website","url":"https:\/\/web2025.gastronomicament.cat\/es\/","name":"Gastron\u00f2micament","description":"Portal de restaurants, receptes i actualitat gastron\u00f2mica","publisher":{"@id":"https:\/\/web2025.gastronomicament.cat\/es\/#organization"},"potentialAction":[{"@type":"SearchAction","target":{"@type":"EntryPoint","urlTemplate":"https:\/\/web2025.gastronomicament.cat\/es\/?s={search_term_string}"},"query-input":{"@type":"PropertyValueSpecification","valueRequired":true,"valueName":"search_term_string"}}],"inLanguage":"de"},{"@type":"Organization","@id":"https:\/\/web2025.gastronomicament.cat\/es\/#organization","name":"Gastron\u00f2micament","url":"https:\/\/web2025.gastronomicament.cat\/es\/","logo":{"@type":"ImageObject","inLanguage":"de","@id":"https:\/\/web2025.gastronomicament.cat\/es\/#\/schema\/logo\/image\/","url":"https:\/\/web2025.gastronomicament.cat\/wp-content\/uploads\/2016\/09\/header-logo.jpg","contentUrl":"https:\/\/web2025.gastronomicament.cat\/wp-content\/uploads\/2016\/09\/header-logo.jpg","width":277,"height":39,"caption":"Gastron\u00f2micament"},"image":{"@id":"https:\/\/web2025.gastronomicament.cat\/es\/#\/schema\/logo\/image\/"},"sameAs":["https:\/\/x.com\/gastronomicamen"]},{"@type":"Person","@id":"https:\/\/web2025.gastronomicament.cat\/es\/#\/schema\/person\/5bffe11f72571a25f3b216a1a5d057f6","name":"Eva Remolina","image":{"@type":"ImageObject","inLanguage":"de","@id":"https:\/\/secure.gravatar.com\/avatar\/6ca6a2c7dda8545fe199b4c2cf1e4971d694a0450a833d6cb60cb3aa80354d61?s=96&d=mm&r=g514822e3edc78b127dbfd819db170c43","url":"https:\/\/secure.gravatar.com\/avatar\/6ca6a2c7dda8545fe199b4c2cf1e4971d694a0450a833d6cb60cb3aa80354d61?s=96&d=mm&r=g","contentUrl":"https:\/\/secure.gravatar.com\/avatar\/6ca6a2c7dda8545fe199b4c2cf1e4971d694a0450a833d6cb60cb3aa80354d61?s=96&d=mm&r=g","caption":"Eva Remolina"},"url":"https:\/\/web2025.gastronomicament.cat\/de\/author\/eva-remolina-amic"}]}},"_links":{"self":[{"href":"https:\/\/web2025.gastronomicament.cat\/de\/wp-json\/wp\/v2\/posts\/86765","targetHints":{"allow":["GET"]}}],"collection":[{"href":"https:\/\/web2025.gastronomicament.cat\/de\/wp-json\/wp\/v2\/posts"}],"about":[{"href":"https:\/\/web2025.gastronomicament.cat\/de\/wp-json\/wp\/v2\/types\/post"}],"author":[{"embeddable":true,"href":"https:\/\/web2025.gastronomicament.cat\/de\/wp-json\/wp\/v2\/users\/98"}],"replies":[{"embeddable":true,"href":"https:\/\/web2025.gastronomicament.cat\/de\/wp-json\/wp\/v2\/comments?post=86765"}],"version-history":[{"count":0,"href":"https:\/\/web2025.gastronomicament.cat\/de\/wp-json\/wp\/v2\/posts\/86765\/revisions"}],"wp:featuredmedia":[{"embeddable":true,"href":"https:\/\/web2025.gastronomicament.cat\/de\/wp-json\/wp\/v2\/media\/86761"}],"wp:attachment":[{"href":"https:\/\/web2025.gastronomicament.cat\/de\/wp-json\/wp\/v2\/media?parent=86765"}],"wp:term":[{"taxonomy":"category","embeddable":true,"href":"https:\/\/web2025.gastronomicament.cat\/de\/wp-json\/wp\/v2\/categories?post=86765"},{"taxonomy":"post_tag","embeddable":true,"href":"https:\/\/web2025.gastronomicament.cat\/de\/wp-json\/wp\/v2\/tags?post=86765"},{"taxonomy":"author","embeddable":true,"href":"https:\/\/web2025.gastronomicament.cat\/de\/wp-json\/wp\/v2\/coauthors?post=86765"}],"curies":[{"name":"wp","href":"https:\/\/api.w.org\/{rel}","templated":true}]}}