{"id":83513,"date":"2023-08-10T09:27:33","date_gmt":"2023-08-10T07:27:33","guid":{"rendered":"https:\/\/gastronomicament.cat\/consells-per-conservar-els-aliments-en-els-desplacaments"},"modified":"2024-08-22T12:28:04","modified_gmt":"2024-08-22T10:28:04","slug":"consells-per-conservar-els-aliments-en-els-desplacaments","status":"publish","type":"post","link":"https:\/\/web2025.gastronomicament.cat\/de\/consells-per-conservar-els-aliments-en-els-desplacaments","title":{"rendered":"Consells per conservar els aliments en els despla\u00e7aments"},"content":{"rendered":"<p>Ara que som a l&#8217;estiu, \u00e9s habitual viatjar i, tamb\u00e9, despla\u00e7ar-se sovint. Alguns triaran destinacions properes i d&#8217;altres partiran a un altre estat. En les destinacions properes, com ara anar a la mar, \u00e9s habitual \u00e9s agafar menjar preparat en una carmanyola per fer una o dues mossegades durant el viatge o estalviar un dinar en un bar o restaurant.<\/p>\n<p>Especialment en aquesta \u00e9poca, \u00e9s important conservar b\u00e9 el menjar. La millor soluci\u00f3 en aquests casos \u00e9s tenir una gelera el\u00e8ctrica en el cotxe, que es connecten a l&#8217;encenedor, o agafar una nevera plena de gel, ja que ens aguantar\u00e0 el menjar dues o tres hores en perfecte estat.<\/p>\n<p>No obstant aix\u00f2, el problema es planteja quan no disposam de cap sistema de refrigeraci\u00f3. Per a saber qu\u00e8 hem de fer en aquests casos, us comentam alguns consells per allargar el bon estat dels nostres aliments durant el m\u00e9s gran temps possible:<\/p>\n<ul>\n<li>Evitau transportar congelats, com tamb\u00e9 embotits que estiguin envasats. Si no \u00e9s possible, agafau-los curats i d&#8217;una sola pe\u00e7a, com \u00e9s el cas del fuet, el xori\u00e7o o el llom. El pernil salat i la cecina, malgrat comprar-los envasats, s\u00f3n els que millor es conserven fora de la nevera.<\/li>\n<li>Una bona opci\u00f3 tamb\u00e9, tant per menjar directament com per a emplenar un entrep\u00e0 \u00e9s utilitzar les conserves enllaunades, com les sardinetes, la tonyina o el verat. Tant les llaunes com els envasos de vidre, aguanten pr\u00e0cticament qualsevol mena de temperatura.<\/li>\n<li>Quant a les begudes, les millors s\u00f3n l&#8217;aigua i els sucs envasats. Els refrescos no s&#8217;espatllen, per\u00f2 tampoc no conv\u00e9 beure&#8217;n si no s\u00f3n ben freds.<\/li>\n<li>Els lactis, com tambe menjar fet amb maionesa o ous, \u00e9s millor evitar-los si les temperatures s\u00f3n molt c\u00e0lides, encara que s\u00ed que podrien consumir-se en altres \u00e8poques de l&#8217;any.<\/li>\n<li>El menjar preparat que vagi en recipients herm\u00e8tics es conservar\u00e0 millor si va embolicat en paper de diari o paper d&#8217;alumini.<\/li>\n<li>Un altre truc molt utilitzat i que podem fer, \u00e9s posar paper de cel\u00b7lulosa a la fiambrera on poseu el menjar perqu\u00e8 aquest absorbeixi tota la humitat.<\/li>\n<li>Quant a les fruites i verdures, \u00e9s convenient no guardar-les banyades, ja que l&#8217;aigua i la calor pot podrir-les m\u00e9s r\u00e0pidament.<\/li>\n<\/ul>\n<pre>Imatge:\u00a0Getty Images<\/pre>\n","protected":false},"excerpt":{"rendered":"<p>Recomanacions per allargar el bon estat de conservaci\u00f3 del menjar durant un viatge<\/p>\n","protected":false},"author":98,"featured_media":83509,"comment_status":"open","ping_status":"closed","sticky":false,"template":"","format":"standard","meta":{"_acf_changed":false,"_swt_meta_header_display":false,"_swt_meta_footer_display":false,"_swt_meta_site_title_display":false,"_swt_meta_sticky_header":false,"_swt_meta_transparent_header":false,"footnotes":""},"categories":[1050,1481],"tags":[],"coauthors":[2152,2055,2053],"class_list":["post-83513","post","type-post","status-publish","format-standard","has-post-thumbnail","hentry","category-actualitat-es-de","category-alimentacio-actualitat-de"],"acf":{"gallery":null,"home_date":{"home_begin_date":null,"home_end_date":null}},"yoast_head":"<!-- This site is optimized with the Yoast SEO plugin v27.2 - https:\/\/yoast.com\/product\/yoast-seo-wordpress\/ -->\n<title>Consells per conservar els aliments en els despla\u00e7aments - Gastron\u00f2micament<\/title>\n<meta name=\"description\" content=\"Consells per conservar els aliments en els despla\u00e7aments Actualitat, Alimentaci\u00f3 Recomanacions per allargar el bon estat de conservaci\u00f3 del menjar durant un viatge\" \/>\n<meta name=\"robots\" content=\"index, follow, max-snippet:-1, max-image-preview:large, max-video-preview:-1\" \/>\n<link rel=\"canonical\" href=\"https:\/\/web2025.gastronomicament.cat\/de\/consells-per-conservar-els-aliments-en-els-desplacaments\" \/>\n<meta property=\"og:locale\" content=\"de_DE\" \/>\n<meta property=\"og:type\" content=\"article\" \/>\n<meta property=\"og:title\" content=\"Consells per conservar els aliments en els despla\u00e7aments - Gastron\u00f2micament\" \/>\n<meta property=\"og:description\" content=\"Consells per conservar els aliments en els despla\u00e7aments Actualitat, Alimentaci\u00f3 Recomanacions per allargar el bon estat de conservaci\u00f3 del menjar durant un viatge\" \/>\n<meta property=\"og:url\" content=\"https:\/\/web2025.gastronomicament.cat\/de\/consells-per-conservar-els-aliments-en-els-desplacaments\" \/>\n<meta property=\"og:site_name\" content=\"Gastron\u00f2micament\" \/>\n<meta property=\"article:published_time\" content=\"2023-08-10T07:27:33+00:00\" \/>\n<meta property=\"article:modified_time\" content=\"2024-08-22T10:28:04+00:00\" \/>\n<meta property=\"og:image\" content=\"https:\/\/web2025.gastronomicament.cat\/wp-content\/uploads\/2023\/08\/consells-menjar-viatge.jpg\" \/>\n\t<meta property=\"og:image:width\" content=\"1200\" \/>\n\t<meta property=\"og:image:height\" content=\"800\" \/>\n\t<meta property=\"og:image:type\" content=\"image\/jpeg\" \/>\n<meta name=\"author\" content=\"Eva Remolina, AMIC, Redacci\u00f3\" \/>\n<meta name=\"twitter:card\" content=\"summary_large_image\" \/>\n<meta name=\"twitter:creator\" content=\"@gastronomicamen\" \/>\n<meta name=\"twitter:site\" content=\"@gastronomicamen\" \/>\n<meta name=\"twitter:label1\" content=\"Verfasst von\" \/>\n\t<meta name=\"twitter:data1\" content=\"Eva Remolina\" \/>\n\t<meta name=\"twitter:label2\" content=\"Gesch\u00e4tzte Lesezeit\" \/>\n\t<meta name=\"twitter:data2\" content=\"3\u00a0Minuten\" \/>\n\t<meta name=\"twitter:label3\" content=\"Written by\" \/>\n\t<meta name=\"twitter:data3\" content=\"Eva Remolina, AMIC, Redacci\u00f3\" \/>\n<script type=\"application\/ld+json\" class=\"yoast-schema-graph\">{\"@context\":\"https:\/\/schema.org\",\"@graph\":[{\"@type\":\"Article\",\"@id\":\"https:\/\/web2025.gastronomicament.cat\/de\/consells-per-conservar-els-aliments-en-els-desplacaments#article\",\"isPartOf\":{\"@id\":\"https:\/\/web2025.gastronomicament.cat\/de\/consells-per-conservar-els-aliments-en-els-desplacaments\"},\"author\":{\"name\":\"Eva Remolina\",\"@id\":\"https:\/\/web2025.gastronomicament.cat\/es\/#\/schema\/person\/5bffe11f72571a25f3b216a1a5d057f6\"},\"headline\":\"Consells per conservar els aliments en els despla\u00e7aments\",\"datePublished\":\"2023-08-10T07:27:33+00:00\",\"dateModified\":\"2024-08-22T10:28:04+00:00\",\"mainEntityOfPage\":{\"@id\":\"https:\/\/web2025.gastronomicament.cat\/de\/consells-per-conservar-els-aliments-en-els-desplacaments\"},\"wordCount\":391,\"commentCount\":0,\"publisher\":{\"@id\":\"https:\/\/web2025.gastronomicament.cat\/es\/#organization\"},\"image\":{\"@id\":\"https:\/\/web2025.gastronomicament.cat\/de\/consells-per-conservar-els-aliments-en-els-desplacaments#primaryimage\"},\"thumbnailUrl\":\"https:\/\/web2025.gastronomicament.cat\/wp-content\/uploads\/2023\/08\/consells-menjar-viatge.jpg\",\"articleSection\":[\"Actualitat\",\"Alimentaci\u00f3\"],\"inLanguage\":\"de\",\"potentialAction\":[{\"@type\":\"CommentAction\",\"name\":\"Comment\",\"target\":[\"https:\/\/web2025.gastronomicament.cat\/de\/consells-per-conservar-els-aliments-en-els-desplacaments#respond\"]}]},{\"@type\":\"WebPage\",\"@id\":\"https:\/\/web2025.gastronomicament.cat\/de\/consells-per-conservar-els-aliments-en-els-desplacaments\",\"url\":\"https:\/\/web2025.gastronomicament.cat\/de\/consells-per-conservar-els-aliments-en-els-desplacaments\",\"name\":\"Consells per conservar els aliments en els despla\u00e7aments - Gastron\u00f2micament\",\"isPartOf\":{\"@id\":\"https:\/\/web2025.gastronomicament.cat\/es\/#website\"},\"primaryImageOfPage\":{\"@id\":\"https:\/\/web2025.gastronomicament.cat\/de\/consells-per-conservar-els-aliments-en-els-desplacaments#primaryimage\"},\"image\":{\"@id\":\"https:\/\/web2025.gastronomicament.cat\/de\/consells-per-conservar-els-aliments-en-els-desplacaments#primaryimage\"},\"thumbnailUrl\":\"https:\/\/web2025.gastronomicament.cat\/wp-content\/uploads\/2023\/08\/consells-menjar-viatge.jpg\",\"datePublished\":\"2023-08-10T07:27:33+00:00\",\"dateModified\":\"2024-08-22T10:28:04+00:00\",\"description\":\"Consells per conservar els aliments en els despla\u00e7aments Actualitat, Alimentaci\u00f3 Recomanacions per allargar el bon estat de conservaci\u00f3 del menjar durant un viatge\",\"inLanguage\":\"de\",\"potentialAction\":[{\"@type\":\"ReadAction\",\"target\":[\"https:\/\/web2025.gastronomicament.cat\/de\/consells-per-conservar-els-aliments-en-els-desplacaments\"]}]},{\"@type\":\"ImageObject\",\"inLanguage\":\"de\",\"@id\":\"https:\/\/web2025.gastronomicament.cat\/de\/consells-per-conservar-els-aliments-en-els-desplacaments#primaryimage\",\"url\":\"https:\/\/web2025.gastronomicament.cat\/wp-content\/uploads\/2023\/08\/consells-menjar-viatge.jpg\",\"contentUrl\":\"https:\/\/web2025.gastronomicament.cat\/wp-content\/uploads\/2023\/08\/consells-menjar-viatge.jpg\",\"width\":1200,\"height\":800},{\"@type\":\"WebSite\",\"@id\":\"https:\/\/web2025.gastronomicament.cat\/es\/#website\",\"url\":\"https:\/\/web2025.gastronomicament.cat\/es\/\",\"name\":\"Gastron\u00f2micament\",\"description\":\"Portal de restaurants, receptes i actualitat gastron\u00f2mica\",\"publisher\":{\"@id\":\"https:\/\/web2025.gastronomicament.cat\/es\/#organization\"},\"potentialAction\":[{\"@type\":\"SearchAction\",\"target\":{\"@type\":\"EntryPoint\",\"urlTemplate\":\"https:\/\/web2025.gastronomicament.cat\/es\/?s={search_term_string}\"},\"query-input\":{\"@type\":\"PropertyValueSpecification\",\"valueRequired\":true,\"valueName\":\"search_term_string\"}}],\"inLanguage\":\"de\"},{\"@type\":\"Organization\",\"@id\":\"https:\/\/web2025.gastronomicament.cat\/es\/#organization\",\"name\":\"Gastron\u00f2micament\",\"url\":\"https:\/\/web2025.gastronomicament.cat\/es\/\",\"logo\":{\"@type\":\"ImageObject\",\"inLanguage\":\"de\",\"@id\":\"https:\/\/web2025.gastronomicament.cat\/es\/#\/schema\/logo\/image\/\",\"url\":\"https:\/\/web2025.gastronomicament.cat\/wp-content\/uploads\/2016\/09\/header-logo.jpg\",\"contentUrl\":\"https:\/\/web2025.gastronomicament.cat\/wp-content\/uploads\/2016\/09\/header-logo.jpg\",\"width\":277,\"height\":39,\"caption\":\"Gastron\u00f2micament\"},\"image\":{\"@id\":\"https:\/\/web2025.gastronomicament.cat\/es\/#\/schema\/logo\/image\/\"},\"sameAs\":[\"https:\/\/x.com\/gastronomicamen\"]},{\"@type\":\"Person\",\"@id\":\"https:\/\/web2025.gastronomicament.cat\/es\/#\/schema\/person\/5bffe11f72571a25f3b216a1a5d057f6\",\"name\":\"Eva Remolina\",\"image\":{\"@type\":\"ImageObject\",\"inLanguage\":\"de\",\"@id\":\"https:\/\/secure.gravatar.com\/avatar\/6ca6a2c7dda8545fe199b4c2cf1e4971d694a0450a833d6cb60cb3aa80354d61?s=96&d=mm&r=g514822e3edc78b127dbfd819db170c43\",\"url\":\"https:\/\/secure.gravatar.com\/avatar\/6ca6a2c7dda8545fe199b4c2cf1e4971d694a0450a833d6cb60cb3aa80354d61?s=96&d=mm&r=g\",\"contentUrl\":\"https:\/\/secure.gravatar.com\/avatar\/6ca6a2c7dda8545fe199b4c2cf1e4971d694a0450a833d6cb60cb3aa80354d61?s=96&d=mm&r=g\",\"caption\":\"Eva Remolina\"},\"url\":\"https:\/\/web2025.gastronomicament.cat\/de\/author\/eva-remolina-amic\"}]}<\/script>\n<!-- \/ Yoast SEO plugin. -->","yoast_head_json":{"title":"Consells per conservar els aliments en els despla\u00e7aments - Gastron\u00f2micament","description":"Consells per conservar els aliments en els despla\u00e7aments Actualitat, Alimentaci\u00f3 Recomanacions per allargar el bon estat de conservaci\u00f3 del menjar durant un viatge","robots":{"index":"index","follow":"follow","max-snippet":"max-snippet:-1","max-image-preview":"max-image-preview:large","max-video-preview":"max-video-preview:-1"},"canonical":"https:\/\/web2025.gastronomicament.cat\/de\/consells-per-conservar-els-aliments-en-els-desplacaments","og_locale":"de_DE","og_type":"article","og_title":"Consells per conservar els aliments en els despla\u00e7aments - Gastron\u00f2micament","og_description":"Consells per conservar els aliments en els despla\u00e7aments Actualitat, Alimentaci\u00f3 Recomanacions per allargar el bon estat de conservaci\u00f3 del menjar durant un viatge","og_url":"https:\/\/web2025.gastronomicament.cat\/de\/consells-per-conservar-els-aliments-en-els-desplacaments","og_site_name":"Gastron\u00f2micament","article_published_time":"2023-08-10T07:27:33+00:00","article_modified_time":"2024-08-22T10:28:04+00:00","og_image":[{"width":1200,"height":800,"url":"https:\/\/web2025.gastronomicament.cat\/wp-content\/uploads\/2023\/08\/consells-menjar-viatge.jpg","type":"image\/jpeg"}],"author":"Eva Remolina, AMIC, Redacci\u00f3","twitter_card":"summary_large_image","twitter_creator":"@gastronomicamen","twitter_site":"@gastronomicamen","twitter_misc":{"Verfasst von":"Eva Remolina","Gesch\u00e4tzte Lesezeit":"3\u00a0Minuten","Written by":"Eva Remolina, AMIC, Redacci\u00f3"},"schema":{"@context":"https:\/\/schema.org","@graph":[{"@type":"Article","@id":"https:\/\/web2025.gastronomicament.cat\/de\/consells-per-conservar-els-aliments-en-els-desplacaments#article","isPartOf":{"@id":"https:\/\/web2025.gastronomicament.cat\/de\/consells-per-conservar-els-aliments-en-els-desplacaments"},"author":{"name":"Eva Remolina","@id":"https:\/\/web2025.gastronomicament.cat\/es\/#\/schema\/person\/5bffe11f72571a25f3b216a1a5d057f6"},"headline":"Consells per conservar els aliments en els despla\u00e7aments","datePublished":"2023-08-10T07:27:33+00:00","dateModified":"2024-08-22T10:28:04+00:00","mainEntityOfPage":{"@id":"https:\/\/web2025.gastronomicament.cat\/de\/consells-per-conservar-els-aliments-en-els-desplacaments"},"wordCount":391,"commentCount":0,"publisher":{"@id":"https:\/\/web2025.gastronomicament.cat\/es\/#organization"},"image":{"@id":"https:\/\/web2025.gastronomicament.cat\/de\/consells-per-conservar-els-aliments-en-els-desplacaments#primaryimage"},"thumbnailUrl":"https:\/\/web2025.gastronomicament.cat\/wp-content\/uploads\/2023\/08\/consells-menjar-viatge.jpg","articleSection":["Actualitat","Alimentaci\u00f3"],"inLanguage":"de","potentialAction":[{"@type":"CommentAction","name":"Comment","target":["https:\/\/web2025.gastronomicament.cat\/de\/consells-per-conservar-els-aliments-en-els-desplacaments#respond"]}]},{"@type":"WebPage","@id":"https:\/\/web2025.gastronomicament.cat\/de\/consells-per-conservar-els-aliments-en-els-desplacaments","url":"https:\/\/web2025.gastronomicament.cat\/de\/consells-per-conservar-els-aliments-en-els-desplacaments","name":"Consells per conservar els aliments en els despla\u00e7aments - Gastron\u00f2micament","isPartOf":{"@id":"https:\/\/web2025.gastronomicament.cat\/es\/#website"},"primaryImageOfPage":{"@id":"https:\/\/web2025.gastronomicament.cat\/de\/consells-per-conservar-els-aliments-en-els-desplacaments#primaryimage"},"image":{"@id":"https:\/\/web2025.gastronomicament.cat\/de\/consells-per-conservar-els-aliments-en-els-desplacaments#primaryimage"},"thumbnailUrl":"https:\/\/web2025.gastronomicament.cat\/wp-content\/uploads\/2023\/08\/consells-menjar-viatge.jpg","datePublished":"2023-08-10T07:27:33+00:00","dateModified":"2024-08-22T10:28:04+00:00","description":"Consells per conservar els aliments en els despla\u00e7aments Actualitat, Alimentaci\u00f3 Recomanacions per allargar el bon estat de conservaci\u00f3 del menjar durant un viatge","inLanguage":"de","potentialAction":[{"@type":"ReadAction","target":["https:\/\/web2025.gastronomicament.cat\/de\/consells-per-conservar-els-aliments-en-els-desplacaments"]}]},{"@type":"ImageObject","inLanguage":"de","@id":"https:\/\/web2025.gastronomicament.cat\/de\/consells-per-conservar-els-aliments-en-els-desplacaments#primaryimage","url":"https:\/\/web2025.gastronomicament.cat\/wp-content\/uploads\/2023\/08\/consells-menjar-viatge.jpg","contentUrl":"https:\/\/web2025.gastronomicament.cat\/wp-content\/uploads\/2023\/08\/consells-menjar-viatge.jpg","width":1200,"height":800},{"@type":"WebSite","@id":"https:\/\/web2025.gastronomicament.cat\/es\/#website","url":"https:\/\/web2025.gastronomicament.cat\/es\/","name":"Gastron\u00f2micament","description":"Portal de restaurants, receptes i actualitat gastron\u00f2mica","publisher":{"@id":"https:\/\/web2025.gastronomicament.cat\/es\/#organization"},"potentialAction":[{"@type":"SearchAction","target":{"@type":"EntryPoint","urlTemplate":"https:\/\/web2025.gastronomicament.cat\/es\/?s={search_term_string}"},"query-input":{"@type":"PropertyValueSpecification","valueRequired":true,"valueName":"search_term_string"}}],"inLanguage":"de"},{"@type":"Organization","@id":"https:\/\/web2025.gastronomicament.cat\/es\/#organization","name":"Gastron\u00f2micament","url":"https:\/\/web2025.gastronomicament.cat\/es\/","logo":{"@type":"ImageObject","inLanguage":"de","@id":"https:\/\/web2025.gastronomicament.cat\/es\/#\/schema\/logo\/image\/","url":"https:\/\/web2025.gastronomicament.cat\/wp-content\/uploads\/2016\/09\/header-logo.jpg","contentUrl":"https:\/\/web2025.gastronomicament.cat\/wp-content\/uploads\/2016\/09\/header-logo.jpg","width":277,"height":39,"caption":"Gastron\u00f2micament"},"image":{"@id":"https:\/\/web2025.gastronomicament.cat\/es\/#\/schema\/logo\/image\/"},"sameAs":["https:\/\/x.com\/gastronomicamen"]},{"@type":"Person","@id":"https:\/\/web2025.gastronomicament.cat\/es\/#\/schema\/person\/5bffe11f72571a25f3b216a1a5d057f6","name":"Eva Remolina","image":{"@type":"ImageObject","inLanguage":"de","@id":"https:\/\/secure.gravatar.com\/avatar\/6ca6a2c7dda8545fe199b4c2cf1e4971d694a0450a833d6cb60cb3aa80354d61?s=96&d=mm&r=g514822e3edc78b127dbfd819db170c43","url":"https:\/\/secure.gravatar.com\/avatar\/6ca6a2c7dda8545fe199b4c2cf1e4971d694a0450a833d6cb60cb3aa80354d61?s=96&d=mm&r=g","contentUrl":"https:\/\/secure.gravatar.com\/avatar\/6ca6a2c7dda8545fe199b4c2cf1e4971d694a0450a833d6cb60cb3aa80354d61?s=96&d=mm&r=g","caption":"Eva Remolina"},"url":"https:\/\/web2025.gastronomicament.cat\/de\/author\/eva-remolina-amic"}]}},"_links":{"self":[{"href":"https:\/\/web2025.gastronomicament.cat\/de\/wp-json\/wp\/v2\/posts\/83513","targetHints":{"allow":["GET"]}}],"collection":[{"href":"https:\/\/web2025.gastronomicament.cat\/de\/wp-json\/wp\/v2\/posts"}],"about":[{"href":"https:\/\/web2025.gastronomicament.cat\/de\/wp-json\/wp\/v2\/types\/post"}],"author":[{"embeddable":true,"href":"https:\/\/web2025.gastronomicament.cat\/de\/wp-json\/wp\/v2\/users\/98"}],"replies":[{"embeddable":true,"href":"https:\/\/web2025.gastronomicament.cat\/de\/wp-json\/wp\/v2\/comments?post=83513"}],"version-history":[{"count":0,"href":"https:\/\/web2025.gastronomicament.cat\/de\/wp-json\/wp\/v2\/posts\/83513\/revisions"}],"wp:featuredmedia":[{"embeddable":true,"href":"https:\/\/web2025.gastronomicament.cat\/de\/wp-json\/wp\/v2\/media\/83509"}],"wp:attachment":[{"href":"https:\/\/web2025.gastronomicament.cat\/de\/wp-json\/wp\/v2\/media?parent=83513"}],"wp:term":[{"taxonomy":"category","embeddable":true,"href":"https:\/\/web2025.gastronomicament.cat\/de\/wp-json\/wp\/v2\/categories?post=83513"},{"taxonomy":"post_tag","embeddable":true,"href":"https:\/\/web2025.gastronomicament.cat\/de\/wp-json\/wp\/v2\/tags?post=83513"},{"taxonomy":"author","embeddable":true,"href":"https:\/\/web2025.gastronomicament.cat\/de\/wp-json\/wp\/v2\/coauthors?post=83513"}],"curies":[{"name":"wp","href":"https:\/\/api.w.org\/{rel}","templated":true}]}}