{"id":69744,"date":"2017-01-31T17:41:47","date_gmt":"2017-01-31T16:41:47","guid":{"rendered":"https:\/\/gastronomicament.cat\/agromallorca-participa-als-tasts-gastronomics-2017"},"modified":"2022-04-09T10:42:16","modified_gmt":"2022-04-09T08:42:16","slug":"agromallorca-participa-als-tasts-gastronomics-2017","status":"publish","type":"post","link":"https:\/\/web2025.gastronomicament.cat\/de\/agromallorca-participa-als-tasts-gastronomics-2017","title":{"rendered":"Agromallorca participa als Tasts Gastron\u00f2mics 2017"},"content":{"rendered":"<p>L&#8217;edici\u00f3 2017\u00a0dels <a href=\"http:\/\/www.gastronomicament.cat\/tasts\">Tasts Gastron\u00f2mics<\/a> presenta novetats. Una de les empreses que hi participaran \u00e9s <strong>Agromallorca<\/strong>, que\u00a0t\u00e9 la tom\u00e0tiga de ramellet com un dels aliments estrella. La\u00a0presenta en diferents formats, al natural, en tom\u00e0tiga seca i\u00a0en pot de vidre, ja sigui com a preparat per fer pamboli, com a suc o com a gaspatxo.\u00a0Tamb\u00e9 presumeixen de poder oferir <strong>una l\u00ednia certificada amb el segell ecol\u00f2gic<\/strong>.<\/p>\n<p>A m\u00e9s a m\u00e9s,\u00a0cultiven tom\u00e0tigues de pera, negra, cor de bou, can\u00e0ria, i altres verdures i hortalisses a les diferents fiques que tenen a Mallorca com: carabass\u00f3 negre i blanc, carabassa, alberg\u00ednia blanca i negra, pebre ros, mongeta kora, p\u00e8sols, a m\u00e9s d&#8217;un ampli assortiment de fruites i c\u00edtrics (taronges, prunes, albercocs, melicotons, etc.).\u00a0Agromallorca va ser fundada en 1964 per Joan Vicens Tortella i ja s\u00f3n tres les generacions que hi han fet feina.<\/p>\n<p>Des de Gastron\u00f2micament, esperam que l&#8217;empresa tamb\u00e9 aposti per etiquetar en catal\u00e0, com a s\u00edmbol de diferenciaci\u00f3 \u00a0i d&#8217;identificaci\u00f3 del producte amb el lloc on es cultiva i s&#8217;elabora el producte, Mallorca.<\/p>\n<p>En podeu con\u00e8ixer m\u00e9s informaci\u00f3 a la seva web: <a href=\"http:\/\/www.agromallorca.com\">www.agromallorca.com<\/a><\/p>\n<p>Tamb\u00e9 hi participen per primera vegada productors com el celler <strong>Butxet<\/strong> (Muro), la formatgeria <strong>Formatges Serra de Llodr\u00e0<\/strong> (Son Maci\u00e0) i el celler <strong>\u00c0ngel<\/strong> (Santa Maria del Cam\u00ed).\u00a0Podeu apuntar-vos als Tasts Gastron\u00f2mics en aquesta web: <a href=\"http:\/\/www.gastronomicament.cat\/tasts\" target=\"_blank\" data-saferedirecturl=\"https:\/\/www.google.com\/url?hl=es&amp;q=http:\/\/www.gastronomicament.cat\/tasts&amp;source=gmail&amp;ust=1486019753726000&amp;usg=AFQjCNH1fKZZUe5Z5tDuD7geeJ94g2Yvqw\" rel=\"noopener\">www.gastronomicament.cat\/tasts<\/a><\/p>\n","protected":false},"excerpt":{"rendered":"<p>T\u00e9 la tom\u00e0tiga de ramellet com un dels aliments estrella.<\/p>\n","protected":false},"author":1,"featured_media":56605,"comment_status":"open","ping_status":"closed","sticky":false,"template":"","format":"standard","meta":{"_acf_changed":false,"_swt_meta_header_display":false,"_swt_meta_footer_display":false,"_swt_meta_site_title_display":false,"_swt_meta_sticky_header":false,"_swt_meta_transparent_header":false,"footnotes":""},"categories":[1050],"tags":[],"coauthors":[],"class_list":["post-69744","post","type-post","status-publish","format-standard","has-post-thumbnail","hentry","category-actualitat-es-de"],"acf":{"gallery":null,"home_date":{"home_begin_date":null,"home_end_date":null}},"yoast_head":"<!-- This site is optimized with the Yoast SEO plugin v27.2 - https:\/\/yoast.com\/product\/yoast-seo-wordpress\/ -->\n<title>Agromallorca participa als Tasts Gastron\u00f2mics 2017 - Gastron\u00f2micament<\/title>\n<meta name=\"description\" content=\"Agromallorca participa als Tasts Gastron\u00f2mics 2017 Actualitat T\u00e9 la tom\u00e0tiga de ramellet com un dels aliments estrella.\" \/>\n<meta name=\"robots\" content=\"index, follow, max-snippet:-1, max-image-preview:large, max-video-preview:-1\" \/>\n<link rel=\"canonical\" href=\"https:\/\/web2025.gastronomicament.cat\/ca\/agromallorca-participa-als-tasts-gastronomics-2017\" \/>\n<meta property=\"og:locale\" content=\"de_DE\" \/>\n<meta property=\"og:type\" content=\"article\" \/>\n<meta property=\"og:title\" content=\"Agromallorca participa als Tasts Gastron\u00f2mics 2017 - Gastron\u00f2micament\" \/>\n<meta property=\"og:description\" content=\"Agromallorca participa als Tasts Gastron\u00f2mics 2017 Actualitat T\u00e9 la tom\u00e0tiga de ramellet com un dels aliments estrella.\" \/>\n<meta property=\"og:url\" content=\"https:\/\/web2025.gastronomicament.cat\/ca\/agromallorca-participa-als-tasts-gastronomics-2017\" \/>\n<meta property=\"og:site_name\" content=\"Gastron\u00f2micament\" \/>\n<meta property=\"article:published_time\" content=\"2017-01-31T16:41:47+00:00\" \/>\n<meta property=\"article:modified_time\" content=\"2022-04-09T08:42:16+00:00\" \/>\n<meta property=\"og:image\" content=\"https:\/\/web2025.gastronomicament.cat\/wp-content\/uploads\/2017\/01\/Agromallorca-productes-tomatiga-de-ramellet.jpg\" \/>\n\t<meta property=\"og:image:width\" content=\"1415\" \/>\n\t<meta property=\"og:image:height\" content=\"924\" \/>\n\t<meta property=\"og:image:type\" content=\"image\/jpeg\" \/>\n<meta name=\"author\" content=\"Redacci\u00f3\" \/>\n<meta name=\"twitter:card\" content=\"summary_large_image\" \/>\n<meta name=\"twitter:creator\" content=\"@gastronomicamen\" \/>\n<meta name=\"twitter:site\" content=\"@gastronomicamen\" \/>\n<meta name=\"twitter:label1\" content=\"Verfasst von\" \/>\n\t<meta name=\"twitter:data1\" content=\"Redacci\u00f3\" \/>\n\t<meta name=\"twitter:label2\" content=\"Gesch\u00e4tzte Lesezeit\" \/>\n\t<meta name=\"twitter:data2\" content=\"1\u00a0Minute\" \/>\n\t<meta name=\"twitter:label3\" content=\"Written by\" \/>\n\t<meta name=\"twitter:data3\" content=\"Redacci\u00f3\" \/>\n<script type=\"application\/ld+json\" class=\"yoast-schema-graph\">{\"@context\":\"https:\/\/schema.org\",\"@graph\":[{\"@type\":\"Article\",\"@id\":\"https:\/\/web2025.gastronomicament.cat\/ca\/agromallorca-participa-als-tasts-gastronomics-2017#article\",\"isPartOf\":{\"@id\":\"https:\/\/web2025.gastronomicament.cat\/ca\/agromallorca-participa-als-tasts-gastronomics-2017\"},\"author\":{\"name\":\"Redacci\u00f3\",\"@id\":\"https:\/\/web2025.gastronomicament.cat\/es\/#\/schema\/person\/a7c85c537a1ed62799a5b8e0f686a37f\"},\"headline\":\"Agromallorca participa als Tasts Gastron\u00f2mics 2017\",\"datePublished\":\"2017-01-31T16:41:47+00:00\",\"dateModified\":\"2022-04-09T08:42:16+00:00\",\"mainEntityOfPage\":{\"@id\":\"https:\/\/web2025.gastronomicament.cat\/ca\/agromallorca-participa-als-tasts-gastronomics-2017\"},\"wordCount\":252,\"commentCount\":0,\"publisher\":{\"@id\":\"https:\/\/web2025.gastronomicament.cat\/es\/#organization\"},\"image\":{\"@id\":\"https:\/\/web2025.gastronomicament.cat\/ca\/agromallorca-participa-als-tasts-gastronomics-2017#primaryimage\"},\"thumbnailUrl\":\"https:\/\/web2025.gastronomicament.cat\/wp-content\/uploads\/2017\/01\/Agromallorca-productes-tomatiga-de-ramellet.jpg\",\"articleSection\":[\"Actualitat\"],\"inLanguage\":\"de\",\"potentialAction\":[{\"@type\":\"CommentAction\",\"name\":\"Comment\",\"target\":[\"https:\/\/web2025.gastronomicament.cat\/ca\/agromallorca-participa-als-tasts-gastronomics-2017#respond\"]}]},{\"@type\":\"WebPage\",\"@id\":\"https:\/\/web2025.gastronomicament.cat\/ca\/agromallorca-participa-als-tasts-gastronomics-2017\",\"url\":\"https:\/\/web2025.gastronomicament.cat\/ca\/agromallorca-participa-als-tasts-gastronomics-2017\",\"name\":\"Agromallorca participa als Tasts Gastron\u00f2mics 2017 - Gastron\u00f2micament\",\"isPartOf\":{\"@id\":\"https:\/\/web2025.gastronomicament.cat\/es\/#website\"},\"primaryImageOfPage\":{\"@id\":\"https:\/\/web2025.gastronomicament.cat\/ca\/agromallorca-participa-als-tasts-gastronomics-2017#primaryimage\"},\"image\":{\"@id\":\"https:\/\/web2025.gastronomicament.cat\/ca\/agromallorca-participa-als-tasts-gastronomics-2017#primaryimage\"},\"thumbnailUrl\":\"https:\/\/web2025.gastronomicament.cat\/wp-content\/uploads\/2017\/01\/Agromallorca-productes-tomatiga-de-ramellet.jpg\",\"datePublished\":\"2017-01-31T16:41:47+00:00\",\"dateModified\":\"2022-04-09T08:42:16+00:00\",\"description\":\"Agromallorca participa als Tasts Gastron\u00f2mics 2017 Actualitat T\u00e9 la tom\u00e0tiga de ramellet com un dels aliments estrella.\",\"inLanguage\":\"de\",\"potentialAction\":[{\"@type\":\"ReadAction\",\"target\":[\"https:\/\/web2025.gastronomicament.cat\/ca\/agromallorca-participa-als-tasts-gastronomics-2017\"]}]},{\"@type\":\"ImageObject\",\"inLanguage\":\"de\",\"@id\":\"https:\/\/web2025.gastronomicament.cat\/ca\/agromallorca-participa-als-tasts-gastronomics-2017#primaryimage\",\"url\":\"https:\/\/web2025.gastronomicament.cat\/wp-content\/uploads\/2017\/01\/Agromallorca-productes-tomatiga-de-ramellet.jpg\",\"contentUrl\":\"https:\/\/web2025.gastronomicament.cat\/wp-content\/uploads\/2017\/01\/Agromallorca-productes-tomatiga-de-ramellet.jpg\",\"width\":1415,\"height\":924},{\"@type\":\"WebSite\",\"@id\":\"https:\/\/web2025.gastronomicament.cat\/es\/#website\",\"url\":\"https:\/\/web2025.gastronomicament.cat\/es\/\",\"name\":\"Gastron\u00f2micament\",\"description\":\"Portal de restaurants, receptes i actualitat gastron\u00f2mica\",\"publisher\":{\"@id\":\"https:\/\/web2025.gastronomicament.cat\/es\/#organization\"},\"potentialAction\":[{\"@type\":\"SearchAction\",\"target\":{\"@type\":\"EntryPoint\",\"urlTemplate\":\"https:\/\/web2025.gastronomicament.cat\/es\/?s={search_term_string}\"},\"query-input\":{\"@type\":\"PropertyValueSpecification\",\"valueRequired\":true,\"valueName\":\"search_term_string\"}}],\"inLanguage\":\"de\"},{\"@type\":\"Organization\",\"@id\":\"https:\/\/web2025.gastronomicament.cat\/es\/#organization\",\"name\":\"Gastron\u00f2micament\",\"url\":\"https:\/\/web2025.gastronomicament.cat\/es\/\",\"logo\":{\"@type\":\"ImageObject\",\"inLanguage\":\"de\",\"@id\":\"https:\/\/web2025.gastronomicament.cat\/es\/#\/schema\/logo\/image\/\",\"url\":\"https:\/\/web2025.gastronomicament.cat\/wp-content\/uploads\/2016\/09\/header-logo.jpg\",\"contentUrl\":\"https:\/\/web2025.gastronomicament.cat\/wp-content\/uploads\/2016\/09\/header-logo.jpg\",\"width\":277,\"height\":39,\"caption\":\"Gastron\u00f2micament\"},\"image\":{\"@id\":\"https:\/\/web2025.gastronomicament.cat\/es\/#\/schema\/logo\/image\/\"},\"sameAs\":[\"https:\/\/x.com\/gastronomicamen\"]},{\"@type\":\"Person\",\"@id\":\"https:\/\/web2025.gastronomicament.cat\/es\/#\/schema\/person\/a7c85c537a1ed62799a5b8e0f686a37f\",\"name\":\"Redacci\u00f3\",\"image\":{\"@type\":\"ImageObject\",\"inLanguage\":\"de\",\"@id\":\"https:\/\/secure.gravatar.com\/avatar\/9489a485c464fd611d33825daae651d13db70c4e74c65c94937a15a9d4c3ee14?s=96&d=mm&r=g69fea3cce3645dfa2166e7293e22955e\",\"url\":\"https:\/\/secure.gravatar.com\/avatar\/9489a485c464fd611d33825daae651d13db70c4e74c65c94937a15a9d4c3ee14?s=96&d=mm&r=g\",\"contentUrl\":\"https:\/\/secure.gravatar.com\/avatar\/9489a485c464fd611d33825daae651d13db70c4e74c65c94937a15a9d4c3ee14?s=96&d=mm&r=g\",\"caption\":\"Redacci\u00f3\"},\"sameAs\":[\"http:\/\/gastronomicament.cat\"],\"url\":\"https:\/\/web2025.gastronomicament.cat\/de\/author\/admin\"}]}<\/script>\n<!-- \/ Yoast SEO plugin. -->","yoast_head_json":{"title":"Agromallorca participa als Tasts Gastron\u00f2mics 2017 - Gastron\u00f2micament","description":"Agromallorca participa als Tasts Gastron\u00f2mics 2017 Actualitat T\u00e9 la tom\u00e0tiga de ramellet com un dels aliments estrella.","robots":{"index":"index","follow":"follow","max-snippet":"max-snippet:-1","max-image-preview":"max-image-preview:large","max-video-preview":"max-video-preview:-1"},"canonical":"https:\/\/web2025.gastronomicament.cat\/ca\/agromallorca-participa-als-tasts-gastronomics-2017","og_locale":"de_DE","og_type":"article","og_title":"Agromallorca participa als Tasts Gastron\u00f2mics 2017 - Gastron\u00f2micament","og_description":"Agromallorca participa als Tasts Gastron\u00f2mics 2017 Actualitat T\u00e9 la tom\u00e0tiga de ramellet com un dels aliments estrella.","og_url":"https:\/\/web2025.gastronomicament.cat\/ca\/agromallorca-participa-als-tasts-gastronomics-2017","og_site_name":"Gastron\u00f2micament","article_published_time":"2017-01-31T16:41:47+00:00","article_modified_time":"2022-04-09T08:42:16+00:00","og_image":[{"width":1415,"height":924,"url":"https:\/\/web2025.gastronomicament.cat\/wp-content\/uploads\/2017\/01\/Agromallorca-productes-tomatiga-de-ramellet.jpg","type":"image\/jpeg"}],"author":"Redacci\u00f3","twitter_card":"summary_large_image","twitter_creator":"@gastronomicamen","twitter_site":"@gastronomicamen","twitter_misc":{"Verfasst von":"Redacci\u00f3","Gesch\u00e4tzte Lesezeit":"1\u00a0Minute","Written by":"Redacci\u00f3"},"schema":{"@context":"https:\/\/schema.org","@graph":[{"@type":"Article","@id":"https:\/\/web2025.gastronomicament.cat\/ca\/agromallorca-participa-als-tasts-gastronomics-2017#article","isPartOf":{"@id":"https:\/\/web2025.gastronomicament.cat\/ca\/agromallorca-participa-als-tasts-gastronomics-2017"},"author":{"name":"Redacci\u00f3","@id":"https:\/\/web2025.gastronomicament.cat\/es\/#\/schema\/person\/a7c85c537a1ed62799a5b8e0f686a37f"},"headline":"Agromallorca participa als Tasts Gastron\u00f2mics 2017","datePublished":"2017-01-31T16:41:47+00:00","dateModified":"2022-04-09T08:42:16+00:00","mainEntityOfPage":{"@id":"https:\/\/web2025.gastronomicament.cat\/ca\/agromallorca-participa-als-tasts-gastronomics-2017"},"wordCount":252,"commentCount":0,"publisher":{"@id":"https:\/\/web2025.gastronomicament.cat\/es\/#organization"},"image":{"@id":"https:\/\/web2025.gastronomicament.cat\/ca\/agromallorca-participa-als-tasts-gastronomics-2017#primaryimage"},"thumbnailUrl":"https:\/\/web2025.gastronomicament.cat\/wp-content\/uploads\/2017\/01\/Agromallorca-productes-tomatiga-de-ramellet.jpg","articleSection":["Actualitat"],"inLanguage":"de","potentialAction":[{"@type":"CommentAction","name":"Comment","target":["https:\/\/web2025.gastronomicament.cat\/ca\/agromallorca-participa-als-tasts-gastronomics-2017#respond"]}]},{"@type":"WebPage","@id":"https:\/\/web2025.gastronomicament.cat\/ca\/agromallorca-participa-als-tasts-gastronomics-2017","url":"https:\/\/web2025.gastronomicament.cat\/ca\/agromallorca-participa-als-tasts-gastronomics-2017","name":"Agromallorca participa als Tasts Gastron\u00f2mics 2017 - Gastron\u00f2micament","isPartOf":{"@id":"https:\/\/web2025.gastronomicament.cat\/es\/#website"},"primaryImageOfPage":{"@id":"https:\/\/web2025.gastronomicament.cat\/ca\/agromallorca-participa-als-tasts-gastronomics-2017#primaryimage"},"image":{"@id":"https:\/\/web2025.gastronomicament.cat\/ca\/agromallorca-participa-als-tasts-gastronomics-2017#primaryimage"},"thumbnailUrl":"https:\/\/web2025.gastronomicament.cat\/wp-content\/uploads\/2017\/01\/Agromallorca-productes-tomatiga-de-ramellet.jpg","datePublished":"2017-01-31T16:41:47+00:00","dateModified":"2022-04-09T08:42:16+00:00","description":"Agromallorca participa als Tasts Gastron\u00f2mics 2017 Actualitat T\u00e9 la tom\u00e0tiga de ramellet com un dels aliments estrella.","inLanguage":"de","potentialAction":[{"@type":"ReadAction","target":["https:\/\/web2025.gastronomicament.cat\/ca\/agromallorca-participa-als-tasts-gastronomics-2017"]}]},{"@type":"ImageObject","inLanguage":"de","@id":"https:\/\/web2025.gastronomicament.cat\/ca\/agromallorca-participa-als-tasts-gastronomics-2017#primaryimage","url":"https:\/\/web2025.gastronomicament.cat\/wp-content\/uploads\/2017\/01\/Agromallorca-productes-tomatiga-de-ramellet.jpg","contentUrl":"https:\/\/web2025.gastronomicament.cat\/wp-content\/uploads\/2017\/01\/Agromallorca-productes-tomatiga-de-ramellet.jpg","width":1415,"height":924},{"@type":"WebSite","@id":"https:\/\/web2025.gastronomicament.cat\/es\/#website","url":"https:\/\/web2025.gastronomicament.cat\/es\/","name":"Gastron\u00f2micament","description":"Portal de restaurants, receptes i actualitat gastron\u00f2mica","publisher":{"@id":"https:\/\/web2025.gastronomicament.cat\/es\/#organization"},"potentialAction":[{"@type":"SearchAction","target":{"@type":"EntryPoint","urlTemplate":"https:\/\/web2025.gastronomicament.cat\/es\/?s={search_term_string}"},"query-input":{"@type":"PropertyValueSpecification","valueRequired":true,"valueName":"search_term_string"}}],"inLanguage":"de"},{"@type":"Organization","@id":"https:\/\/web2025.gastronomicament.cat\/es\/#organization","name":"Gastron\u00f2micament","url":"https:\/\/web2025.gastronomicament.cat\/es\/","logo":{"@type":"ImageObject","inLanguage":"de","@id":"https:\/\/web2025.gastronomicament.cat\/es\/#\/schema\/logo\/image\/","url":"https:\/\/web2025.gastronomicament.cat\/wp-content\/uploads\/2016\/09\/header-logo.jpg","contentUrl":"https:\/\/web2025.gastronomicament.cat\/wp-content\/uploads\/2016\/09\/header-logo.jpg","width":277,"height":39,"caption":"Gastron\u00f2micament"},"image":{"@id":"https:\/\/web2025.gastronomicament.cat\/es\/#\/schema\/logo\/image\/"},"sameAs":["https:\/\/x.com\/gastronomicamen"]},{"@type":"Person","@id":"https:\/\/web2025.gastronomicament.cat\/es\/#\/schema\/person\/a7c85c537a1ed62799a5b8e0f686a37f","name":"Redacci\u00f3","image":{"@type":"ImageObject","inLanguage":"de","@id":"https:\/\/secure.gravatar.com\/avatar\/9489a485c464fd611d33825daae651d13db70c4e74c65c94937a15a9d4c3ee14?s=96&d=mm&r=g69fea3cce3645dfa2166e7293e22955e","url":"https:\/\/secure.gravatar.com\/avatar\/9489a485c464fd611d33825daae651d13db70c4e74c65c94937a15a9d4c3ee14?s=96&d=mm&r=g","contentUrl":"https:\/\/secure.gravatar.com\/avatar\/9489a485c464fd611d33825daae651d13db70c4e74c65c94937a15a9d4c3ee14?s=96&d=mm&r=g","caption":"Redacci\u00f3"},"sameAs":["http:\/\/gastronomicament.cat"],"url":"https:\/\/web2025.gastronomicament.cat\/de\/author\/admin"}]}},"_links":{"self":[{"href":"https:\/\/web2025.gastronomicament.cat\/de\/wp-json\/wp\/v2\/posts\/69744","targetHints":{"allow":["GET"]}}],"collection":[{"href":"https:\/\/web2025.gastronomicament.cat\/de\/wp-json\/wp\/v2\/posts"}],"about":[{"href":"https:\/\/web2025.gastronomicament.cat\/de\/wp-json\/wp\/v2\/types\/post"}],"author":[{"embeddable":true,"href":"https:\/\/web2025.gastronomicament.cat\/de\/wp-json\/wp\/v2\/users\/1"}],"replies":[{"embeddable":true,"href":"https:\/\/web2025.gastronomicament.cat\/de\/wp-json\/wp\/v2\/comments?post=69744"}],"version-history":[{"count":0,"href":"https:\/\/web2025.gastronomicament.cat\/de\/wp-json\/wp\/v2\/posts\/69744\/revisions"}],"wp:featuredmedia":[{"embeddable":true,"href":"https:\/\/web2025.gastronomicament.cat\/de\/wp-json\/wp\/v2\/media\/56605"}],"wp:attachment":[{"href":"https:\/\/web2025.gastronomicament.cat\/de\/wp-json\/wp\/v2\/media?parent=69744"}],"wp:term":[{"taxonomy":"category","embeddable":true,"href":"https:\/\/web2025.gastronomicament.cat\/de\/wp-json\/wp\/v2\/categories?post=69744"},{"taxonomy":"post_tag","embeddable":true,"href":"https:\/\/web2025.gastronomicament.cat\/de\/wp-json\/wp\/v2\/tags?post=69744"},{"taxonomy":"author","embeddable":true,"href":"https:\/\/web2025.gastronomicament.cat\/de\/wp-json\/wp\/v2\/coauthors?post=69744"}],"curies":[{"name":"wp","href":"https:\/\/api.w.org\/{rel}","templated":true}]}}