{"id":56909,"date":"2022-03-03T10:08:07","date_gmt":"2022-03-03T09:08:07","guid":{"rendered":"https:\/\/gastronomicament.cat\/mes-de-90-cellers-participen-a-fevi-2022"},"modified":"2022-04-09T09:17:33","modified_gmt":"2022-04-09T07:17:33","slug":"mes-de-90-cellers-participen-a-fevi-2022","status":"publish","type":"post","link":"https:\/\/web2025.gastronomicament.cat\/de\/mes-de-90-cellers-participen-a-fevi-2022","title":{"rendered":"M\u00e9s de 90 cellers participen a FEVI 2022"},"content":{"rendered":"<p>El\u00a0<strong>Festival del Vi<\/strong>\u00a0(FEVI) ja \u00e9s aqu\u00ed. Dia<strong>\u00a07 de mar\u00e7<\/strong>, el\u00a0<strong>Palau de Congressos<\/strong>\u00a0de\u00a0<strong>Palma\u00a0<\/strong>acollir\u00e0 l&#8217;acte amb m\u00e9s cellers que se celebra a Mallorca. Un total de 90 cellers participaran en aquesta cita organitzada per\u00a0<strong>Catavinos<\/strong>.<\/p>\n<p>Per assistir-hi,\u00a0<a href=\"https:\/\/islacatavinos.com\/\" target=\"_blank\" rel=\"nofollow noopener\">visitau el web de FEVI 2022 aqu<\/a>\u00ed.<\/p>\n<p>Aquest \u00e9s el\u00a0<strong>programa de FEVI 2022<\/strong>:<\/p>\n<p><strong>12:00-21:00h | Sal\u00f3 FEVI 2022<br \/>\n<\/strong>M\u00e9s de 90 estands de vins i destil\u00b7lats premium de tot el m\u00f3n.<br \/>\nEntrada nom\u00e9s amb invitaci\u00f3 personal o tiquet.<br \/>\nPlaces limitades<\/p>\n<p><strong>10.00 a 11.30 h | Tast de vins a cegues<br \/>\n<\/strong>Concurs per sommeliers i amants del vi amb un jurat d&#8217;experts i amb 3 premis per als tres finalistes:<br \/>\nPrimer classificat &#8211; Bo de 600 \u20ac per gastar a Catavinos<br \/>\nSegon classificat- Bo de 300 \u20ac<br \/>\nTercer classificat \u2013 Bo de 150 \u20ac<br \/>\nM\u00e9s informaci\u00f3 i inscripcions a\u00a0<em>daniel\u00a0<\/em>[arrova]\u00a0<em>islacatavinos\u00a0<\/em>[punt]\u00a0<em>com<\/em><\/p>\n<p><strong>12.00 a 13.30 h | Taula rodona<br \/>\nEl vi a l&#8217;actualitat: modernitat o tradici\u00f3<\/strong><br \/>\nTaula rodona entre experts i personalitats del sector en qu\u00e8 es debatran punts com ara la tradici\u00f3 o la modernitat, les noves tend\u00e8ncies de viticultura i elaboraci\u00f3, els nous estils de fer vi, la tornada als or\u00edgens o l&#8217;\u00fas de les noves tecnologies.<br \/>\nPlaces limitades fins a omplir-ne l&#8217;aforament.<\/p>\n<p><strong>16 a 16:45 h. | El Treball de recuperaci\u00f3 de les vinyes velles<br \/>\n<\/strong>La recuperaci\u00f3 de vinyes velles en tres punts diferents de la geografia de l&#8217;Estat espanyol. Dificultats i alegries que ens donen aquest llegat hist\u00f2ric que encara podem trobar al nostre pa\u00eds.<br \/>\nNom\u00e9s amb reserva pr\u00e8via a:\u00a0<em>daniel\u00a0<\/em>[arrova]\u00a0<em>islacatavinos\u00a0<\/em>[punt]\u00a0<em>com<\/em><br \/>\nPlaces limitades<\/p>\n<p><strong>17.30 a 18.15 h. | M\u00e0rqueting i xarxes socials actualment del m\u00f3n del vi<br \/>\n<\/strong>La import\u00e0ncia del m\u00e0rqueting i de les xarxes socials al m\u00f3n del vi avui dia. Negocis de mercat a trav\u00e9s de la marca.<br \/>\nNom\u00e9s amb reserva pr\u00e8via a:\u00a0<em>daniel\u00a0<\/em>[arrova]\u00a0<em>islacatavinos\u00a0<\/em>[punt]\u00a0<em>com<\/em><br \/>\nPlaces limitades<\/p>\n<pre>Fotografia:\u00a0<a href=\"https:\/\/unsplash.com\/@kelsoknight\" target=\"_blank\" rel=\"nofollow noopener\">Kelsey Knight - Unsplash<\/a><\/pre>\n","protected":false},"excerpt":{"rendered":"<p>El\u00a0Festival del Vi\u00a0(FEVI) ja \u00e9s aqu\u00ed. Dia\u00a07 de mar\u00e7, el\u00a0Palau de Congressos\u00a0de\u00a0Palma\u00a0acollir\u00e0 l&#8217;acte amb m\u00e9s cellers&hellip;<\/p>\n","protected":false},"author":1,"featured_media":56910,"comment_status":"open","ping_status":"closed","sticky":false,"template":"","format":"standard","meta":{"_acf_changed":false,"_swt_meta_header_display":false,"_swt_meta_footer_display":false,"_swt_meta_site_title_display":false,"_swt_meta_sticky_header":false,"_swt_meta_transparent_header":false,"footnotes":""},"categories":[1050,1473],"tags":[],"coauthors":[],"class_list":["post-56909","post","type-post","status-publish","format-standard","has-post-thumbnail","hentry","category-actualitat-es-de","category-fires-i-rutes-de"],"acf":{"gallery":null,"home_date":{"home_begin_date":null,"home_end_date":null}},"yoast_head":"<!-- This site is optimized with the Yoast SEO plugin v27.2 - https:\/\/yoast.com\/product\/yoast-seo-wordpress\/ -->\n<title>M\u00e9s de 90 cellers participen a FEVI 2022 - Gastron\u00f2micament<\/title>\n<meta name=\"description\" content=\"M\u00e9s de 90 cellers participen a FEVI 2022 Actualitat, Fires i rutes El\u00a0Festival del Vi\u00a0(FEVI) ja \u00e9s aqu\u00ed. Dia\u00a07 de mar\u00e7, el\u00a0Palau de Congressos\u00a0de\u00a0Palma\u00a0acollir\u00e0 l&#039;acte amb m\u00e9s cellers que se celebra a Mallorca. Un total de 90 cellers participaran en aquesta cita organitzada per\u00a0Catavinos\" \/>\n<meta name=\"robots\" content=\"index, follow, max-snippet:-1, max-image-preview:large, max-video-preview:-1\" \/>\n<link rel=\"canonical\" href=\"https:\/\/web2025.gastronomicament.cat\/de\/mes-de-90-cellers-participen-a-fevi-2022\" \/>\n<meta property=\"og:locale\" content=\"de_DE\" \/>\n<meta property=\"og:type\" content=\"article\" \/>\n<meta property=\"og:title\" content=\"M\u00e9s de 90 cellers participen a FEVI 2022 - Gastron\u00f2micament\" \/>\n<meta property=\"og:description\" content=\"M\u00e9s de 90 cellers participen a FEVI 2022 Actualitat, Fires i rutes El\u00a0Festival del Vi\u00a0(FEVI) ja \u00e9s aqu\u00ed. Dia\u00a07 de mar\u00e7, el\u00a0Palau de Congressos\u00a0de\u00a0Palma\u00a0acollir\u00e0 l&#039;acte amb m\u00e9s cellers que se celebra a Mallorca. Un total de 90 cellers participaran en aquesta cita organitzada per\u00a0Catavinos\" \/>\n<meta property=\"og:url\" content=\"https:\/\/web2025.gastronomicament.cat\/de\/mes-de-90-cellers-participen-a-fevi-2022\" \/>\n<meta property=\"og:site_name\" content=\"Gastron\u00f2micament\" \/>\n<meta property=\"article:published_time\" content=\"2022-03-03T09:08:07+00:00\" \/>\n<meta property=\"article:modified_time\" content=\"2022-04-09T07:17:33+00:00\" \/>\n<meta property=\"og:image\" content=\"https:\/\/web2025.gastronomicament.cat\/wp-content\/uploads\/2022\/03\/FEVI-2022.jpg\" \/>\n\t<meta property=\"og:image:width\" content=\"1200\" \/>\n\t<meta property=\"og:image:height\" content=\"800\" \/>\n\t<meta property=\"og:image:type\" content=\"image\/jpeg\" \/>\n<meta name=\"author\" content=\"Redacci\u00f3\" \/>\n<meta name=\"twitter:card\" content=\"summary_large_image\" \/>\n<meta name=\"twitter:creator\" content=\"@gastronomicamen\" \/>\n<meta name=\"twitter:site\" content=\"@gastronomicamen\" \/>\n<meta name=\"twitter:label1\" content=\"Verfasst von\" \/>\n\t<meta name=\"twitter:data1\" content=\"Redacci\u00f3\" \/>\n\t<meta name=\"twitter:label2\" content=\"Gesch\u00e4tzte Lesezeit\" \/>\n\t<meta name=\"twitter:data2\" content=\"2\u00a0Minuten\" \/>\n\t<meta name=\"twitter:label3\" content=\"Written by\" \/>\n\t<meta name=\"twitter:data3\" content=\"Redacci\u00f3\" \/>\n<script type=\"application\/ld+json\" class=\"yoast-schema-graph\">{\"@context\":\"https:\/\/schema.org\",\"@graph\":[{\"@type\":\"Article\",\"@id\":\"https:\/\/web2025.gastronomicament.cat\/de\/mes-de-90-cellers-participen-a-fevi-2022#article\",\"isPartOf\":{\"@id\":\"https:\/\/web2025.gastronomicament.cat\/de\/mes-de-90-cellers-participen-a-fevi-2022\"},\"author\":{\"name\":\"Redacci\u00f3\",\"@id\":\"https:\/\/web2025.gastronomicament.cat\/es\/#\/schema\/person\/a7c85c537a1ed62799a5b8e0f686a37f\"},\"headline\":\"M\u00e9s de 90 cellers participen a FEVI 2022\",\"datePublished\":\"2022-03-03T09:08:07+00:00\",\"dateModified\":\"2022-04-09T07:17:33+00:00\",\"mainEntityOfPage\":{\"@id\":\"https:\/\/web2025.gastronomicament.cat\/de\/mes-de-90-cellers-participen-a-fevi-2022\"},\"wordCount\":316,\"commentCount\":0,\"publisher\":{\"@id\":\"https:\/\/web2025.gastronomicament.cat\/es\/#organization\"},\"image\":{\"@id\":\"https:\/\/web2025.gastronomicament.cat\/de\/mes-de-90-cellers-participen-a-fevi-2022#primaryimage\"},\"thumbnailUrl\":\"https:\/\/web2025.gastronomicament.cat\/wp-content\/uploads\/2022\/03\/FEVI-2022.jpg\",\"articleSection\":[\"Actualitat\",\"Fires i rutes\"],\"inLanguage\":\"de\",\"potentialAction\":[{\"@type\":\"CommentAction\",\"name\":\"Comment\",\"target\":[\"https:\/\/web2025.gastronomicament.cat\/de\/mes-de-90-cellers-participen-a-fevi-2022#respond\"]}]},{\"@type\":\"WebPage\",\"@id\":\"https:\/\/web2025.gastronomicament.cat\/de\/mes-de-90-cellers-participen-a-fevi-2022\",\"url\":\"https:\/\/web2025.gastronomicament.cat\/de\/mes-de-90-cellers-participen-a-fevi-2022\",\"name\":\"M\u00e9s de 90 cellers participen a FEVI 2022 - Gastron\u00f2micament\",\"isPartOf\":{\"@id\":\"https:\/\/web2025.gastronomicament.cat\/es\/#website\"},\"primaryImageOfPage\":{\"@id\":\"https:\/\/web2025.gastronomicament.cat\/de\/mes-de-90-cellers-participen-a-fevi-2022#primaryimage\"},\"image\":{\"@id\":\"https:\/\/web2025.gastronomicament.cat\/de\/mes-de-90-cellers-participen-a-fevi-2022#primaryimage\"},\"thumbnailUrl\":\"https:\/\/web2025.gastronomicament.cat\/wp-content\/uploads\/2022\/03\/FEVI-2022.jpg\",\"datePublished\":\"2022-03-03T09:08:07+00:00\",\"dateModified\":\"2022-04-09T07:17:33+00:00\",\"description\":\"M\u00e9s de 90 cellers participen a FEVI 2022 Actualitat, Fires i rutes El\u00a0Festival del Vi\u00a0(FEVI) ja \u00e9s aqu\u00ed. Dia\u00a07 de mar\u00e7, el\u00a0Palau de Congressos\u00a0de\u00a0Palma\u00a0acollir\u00e0 l'acte amb m\u00e9s cellers que se celebra a Mallorca. Un total de 90 cellers participaran en aquesta cita organitzada per\u00a0Catavinos\",\"inLanguage\":\"de\",\"potentialAction\":[{\"@type\":\"ReadAction\",\"target\":[\"https:\/\/web2025.gastronomicament.cat\/de\/mes-de-90-cellers-participen-a-fevi-2022\"]}]},{\"@type\":\"ImageObject\",\"inLanguage\":\"de\",\"@id\":\"https:\/\/web2025.gastronomicament.cat\/de\/mes-de-90-cellers-participen-a-fevi-2022#primaryimage\",\"url\":\"https:\/\/web2025.gastronomicament.cat\/wp-content\/uploads\/2022\/03\/FEVI-2022.jpg\",\"contentUrl\":\"https:\/\/web2025.gastronomicament.cat\/wp-content\/uploads\/2022\/03\/FEVI-2022.jpg\",\"width\":1200,\"height\":800},{\"@type\":\"WebSite\",\"@id\":\"https:\/\/web2025.gastronomicament.cat\/es\/#website\",\"url\":\"https:\/\/web2025.gastronomicament.cat\/es\/\",\"name\":\"Gastron\u00f2micament\",\"description\":\"Portal de restaurants, receptes i actualitat gastron\u00f2mica\",\"publisher\":{\"@id\":\"https:\/\/web2025.gastronomicament.cat\/es\/#organization\"},\"potentialAction\":[{\"@type\":\"SearchAction\",\"target\":{\"@type\":\"EntryPoint\",\"urlTemplate\":\"https:\/\/web2025.gastronomicament.cat\/es\/?s={search_term_string}\"},\"query-input\":{\"@type\":\"PropertyValueSpecification\",\"valueRequired\":true,\"valueName\":\"search_term_string\"}}],\"inLanguage\":\"de\"},{\"@type\":\"Organization\",\"@id\":\"https:\/\/web2025.gastronomicament.cat\/es\/#organization\",\"name\":\"Gastron\u00f2micament\",\"url\":\"https:\/\/web2025.gastronomicament.cat\/es\/\",\"logo\":{\"@type\":\"ImageObject\",\"inLanguage\":\"de\",\"@id\":\"https:\/\/web2025.gastronomicament.cat\/es\/#\/schema\/logo\/image\/\",\"url\":\"https:\/\/web2025.gastronomicament.cat\/wp-content\/uploads\/2016\/09\/header-logo.jpg\",\"contentUrl\":\"https:\/\/web2025.gastronomicament.cat\/wp-content\/uploads\/2016\/09\/header-logo.jpg\",\"width\":277,\"height\":39,\"caption\":\"Gastron\u00f2micament\"},\"image\":{\"@id\":\"https:\/\/web2025.gastronomicament.cat\/es\/#\/schema\/logo\/image\/\"},\"sameAs\":[\"https:\/\/x.com\/gastronomicamen\"]},{\"@type\":\"Person\",\"@id\":\"https:\/\/web2025.gastronomicament.cat\/es\/#\/schema\/person\/a7c85c537a1ed62799a5b8e0f686a37f\",\"name\":\"Redacci\u00f3\",\"image\":{\"@type\":\"ImageObject\",\"inLanguage\":\"de\",\"@id\":\"https:\/\/secure.gravatar.com\/avatar\/9489a485c464fd611d33825daae651d13db70c4e74c65c94937a15a9d4c3ee14?s=96&d=mm&r=g69fea3cce3645dfa2166e7293e22955e\",\"url\":\"https:\/\/secure.gravatar.com\/avatar\/9489a485c464fd611d33825daae651d13db70c4e74c65c94937a15a9d4c3ee14?s=96&d=mm&r=g\",\"contentUrl\":\"https:\/\/secure.gravatar.com\/avatar\/9489a485c464fd611d33825daae651d13db70c4e74c65c94937a15a9d4c3ee14?s=96&d=mm&r=g\",\"caption\":\"Redacci\u00f3\"},\"sameAs\":[\"http:\/\/gastronomicament.cat\"],\"url\":\"https:\/\/web2025.gastronomicament.cat\/de\/author\/admin\"}]}<\/script>\n<!-- \/ Yoast SEO plugin. -->","yoast_head_json":{"title":"M\u00e9s de 90 cellers participen a FEVI 2022 - Gastron\u00f2micament","description":"M\u00e9s de 90 cellers participen a FEVI 2022 Actualitat, Fires i rutes El\u00a0Festival del Vi\u00a0(FEVI) ja \u00e9s aqu\u00ed. Dia\u00a07 de mar\u00e7, el\u00a0Palau de Congressos\u00a0de\u00a0Palma\u00a0acollir\u00e0 l'acte amb m\u00e9s cellers que se celebra a Mallorca. Un total de 90 cellers participaran en aquesta cita organitzada per\u00a0Catavinos","robots":{"index":"index","follow":"follow","max-snippet":"max-snippet:-1","max-image-preview":"max-image-preview:large","max-video-preview":"max-video-preview:-1"},"canonical":"https:\/\/web2025.gastronomicament.cat\/de\/mes-de-90-cellers-participen-a-fevi-2022","og_locale":"de_DE","og_type":"article","og_title":"M\u00e9s de 90 cellers participen a FEVI 2022 - Gastron\u00f2micament","og_description":"M\u00e9s de 90 cellers participen a FEVI 2022 Actualitat, Fires i rutes El\u00a0Festival del Vi\u00a0(FEVI) ja \u00e9s aqu\u00ed. Dia\u00a07 de mar\u00e7, el\u00a0Palau de Congressos\u00a0de\u00a0Palma\u00a0acollir\u00e0 l'acte amb m\u00e9s cellers que se celebra a Mallorca. Un total de 90 cellers participaran en aquesta cita organitzada per\u00a0Catavinos","og_url":"https:\/\/web2025.gastronomicament.cat\/de\/mes-de-90-cellers-participen-a-fevi-2022","og_site_name":"Gastron\u00f2micament","article_published_time":"2022-03-03T09:08:07+00:00","article_modified_time":"2022-04-09T07:17:33+00:00","og_image":[{"width":1200,"height":800,"url":"https:\/\/web2025.gastronomicament.cat\/wp-content\/uploads\/2022\/03\/FEVI-2022.jpg","type":"image\/jpeg"}],"author":"Redacci\u00f3","twitter_card":"summary_large_image","twitter_creator":"@gastronomicamen","twitter_site":"@gastronomicamen","twitter_misc":{"Verfasst von":"Redacci\u00f3","Gesch\u00e4tzte Lesezeit":"2\u00a0Minuten","Written by":"Redacci\u00f3"},"schema":{"@context":"https:\/\/schema.org","@graph":[{"@type":"Article","@id":"https:\/\/web2025.gastronomicament.cat\/de\/mes-de-90-cellers-participen-a-fevi-2022#article","isPartOf":{"@id":"https:\/\/web2025.gastronomicament.cat\/de\/mes-de-90-cellers-participen-a-fevi-2022"},"author":{"name":"Redacci\u00f3","@id":"https:\/\/web2025.gastronomicament.cat\/es\/#\/schema\/person\/a7c85c537a1ed62799a5b8e0f686a37f"},"headline":"M\u00e9s de 90 cellers participen a FEVI 2022","datePublished":"2022-03-03T09:08:07+00:00","dateModified":"2022-04-09T07:17:33+00:00","mainEntityOfPage":{"@id":"https:\/\/web2025.gastronomicament.cat\/de\/mes-de-90-cellers-participen-a-fevi-2022"},"wordCount":316,"commentCount":0,"publisher":{"@id":"https:\/\/web2025.gastronomicament.cat\/es\/#organization"},"image":{"@id":"https:\/\/web2025.gastronomicament.cat\/de\/mes-de-90-cellers-participen-a-fevi-2022#primaryimage"},"thumbnailUrl":"https:\/\/web2025.gastronomicament.cat\/wp-content\/uploads\/2022\/03\/FEVI-2022.jpg","articleSection":["Actualitat","Fires i rutes"],"inLanguage":"de","potentialAction":[{"@type":"CommentAction","name":"Comment","target":["https:\/\/web2025.gastronomicament.cat\/de\/mes-de-90-cellers-participen-a-fevi-2022#respond"]}]},{"@type":"WebPage","@id":"https:\/\/web2025.gastronomicament.cat\/de\/mes-de-90-cellers-participen-a-fevi-2022","url":"https:\/\/web2025.gastronomicament.cat\/de\/mes-de-90-cellers-participen-a-fevi-2022","name":"M\u00e9s de 90 cellers participen a FEVI 2022 - Gastron\u00f2micament","isPartOf":{"@id":"https:\/\/web2025.gastronomicament.cat\/es\/#website"},"primaryImageOfPage":{"@id":"https:\/\/web2025.gastronomicament.cat\/de\/mes-de-90-cellers-participen-a-fevi-2022#primaryimage"},"image":{"@id":"https:\/\/web2025.gastronomicament.cat\/de\/mes-de-90-cellers-participen-a-fevi-2022#primaryimage"},"thumbnailUrl":"https:\/\/web2025.gastronomicament.cat\/wp-content\/uploads\/2022\/03\/FEVI-2022.jpg","datePublished":"2022-03-03T09:08:07+00:00","dateModified":"2022-04-09T07:17:33+00:00","description":"M\u00e9s de 90 cellers participen a FEVI 2022 Actualitat, Fires i rutes El\u00a0Festival del Vi\u00a0(FEVI) ja \u00e9s aqu\u00ed. Dia\u00a07 de mar\u00e7, el\u00a0Palau de Congressos\u00a0de\u00a0Palma\u00a0acollir\u00e0 l'acte amb m\u00e9s cellers que se celebra a Mallorca. Un total de 90 cellers participaran en aquesta cita organitzada per\u00a0Catavinos","inLanguage":"de","potentialAction":[{"@type":"ReadAction","target":["https:\/\/web2025.gastronomicament.cat\/de\/mes-de-90-cellers-participen-a-fevi-2022"]}]},{"@type":"ImageObject","inLanguage":"de","@id":"https:\/\/web2025.gastronomicament.cat\/de\/mes-de-90-cellers-participen-a-fevi-2022#primaryimage","url":"https:\/\/web2025.gastronomicament.cat\/wp-content\/uploads\/2022\/03\/FEVI-2022.jpg","contentUrl":"https:\/\/web2025.gastronomicament.cat\/wp-content\/uploads\/2022\/03\/FEVI-2022.jpg","width":1200,"height":800},{"@type":"WebSite","@id":"https:\/\/web2025.gastronomicament.cat\/es\/#website","url":"https:\/\/web2025.gastronomicament.cat\/es\/","name":"Gastron\u00f2micament","description":"Portal de restaurants, receptes i actualitat gastron\u00f2mica","publisher":{"@id":"https:\/\/web2025.gastronomicament.cat\/es\/#organization"},"potentialAction":[{"@type":"SearchAction","target":{"@type":"EntryPoint","urlTemplate":"https:\/\/web2025.gastronomicament.cat\/es\/?s={search_term_string}"},"query-input":{"@type":"PropertyValueSpecification","valueRequired":true,"valueName":"search_term_string"}}],"inLanguage":"de"},{"@type":"Organization","@id":"https:\/\/web2025.gastronomicament.cat\/es\/#organization","name":"Gastron\u00f2micament","url":"https:\/\/web2025.gastronomicament.cat\/es\/","logo":{"@type":"ImageObject","inLanguage":"de","@id":"https:\/\/web2025.gastronomicament.cat\/es\/#\/schema\/logo\/image\/","url":"https:\/\/web2025.gastronomicament.cat\/wp-content\/uploads\/2016\/09\/header-logo.jpg","contentUrl":"https:\/\/web2025.gastronomicament.cat\/wp-content\/uploads\/2016\/09\/header-logo.jpg","width":277,"height":39,"caption":"Gastron\u00f2micament"},"image":{"@id":"https:\/\/web2025.gastronomicament.cat\/es\/#\/schema\/logo\/image\/"},"sameAs":["https:\/\/x.com\/gastronomicamen"]},{"@type":"Person","@id":"https:\/\/web2025.gastronomicament.cat\/es\/#\/schema\/person\/a7c85c537a1ed62799a5b8e0f686a37f","name":"Redacci\u00f3","image":{"@type":"ImageObject","inLanguage":"de","@id":"https:\/\/secure.gravatar.com\/avatar\/9489a485c464fd611d33825daae651d13db70c4e74c65c94937a15a9d4c3ee14?s=96&d=mm&r=g69fea3cce3645dfa2166e7293e22955e","url":"https:\/\/secure.gravatar.com\/avatar\/9489a485c464fd611d33825daae651d13db70c4e74c65c94937a15a9d4c3ee14?s=96&d=mm&r=g","contentUrl":"https:\/\/secure.gravatar.com\/avatar\/9489a485c464fd611d33825daae651d13db70c4e74c65c94937a15a9d4c3ee14?s=96&d=mm&r=g","caption":"Redacci\u00f3"},"sameAs":["http:\/\/gastronomicament.cat"],"url":"https:\/\/web2025.gastronomicament.cat\/de\/author\/admin"}]}},"_links":{"self":[{"href":"https:\/\/web2025.gastronomicament.cat\/de\/wp-json\/wp\/v2\/posts\/56909","targetHints":{"allow":["GET"]}}],"collection":[{"href":"https:\/\/web2025.gastronomicament.cat\/de\/wp-json\/wp\/v2\/posts"}],"about":[{"href":"https:\/\/web2025.gastronomicament.cat\/de\/wp-json\/wp\/v2\/types\/post"}],"author":[{"embeddable":true,"href":"https:\/\/web2025.gastronomicament.cat\/de\/wp-json\/wp\/v2\/users\/1"}],"replies":[{"embeddable":true,"href":"https:\/\/web2025.gastronomicament.cat\/de\/wp-json\/wp\/v2\/comments?post=56909"}],"version-history":[{"count":0,"href":"https:\/\/web2025.gastronomicament.cat\/de\/wp-json\/wp\/v2\/posts\/56909\/revisions"}],"wp:featuredmedia":[{"embeddable":true,"href":"https:\/\/web2025.gastronomicament.cat\/de\/wp-json\/wp\/v2\/media\/56910"}],"wp:attachment":[{"href":"https:\/\/web2025.gastronomicament.cat\/de\/wp-json\/wp\/v2\/media?parent=56909"}],"wp:term":[{"taxonomy":"category","embeddable":true,"href":"https:\/\/web2025.gastronomicament.cat\/de\/wp-json\/wp\/v2\/categories?post=56909"},{"taxonomy":"post_tag","embeddable":true,"href":"https:\/\/web2025.gastronomicament.cat\/de\/wp-json\/wp\/v2\/tags?post=56909"},{"taxonomy":"author","embeddable":true,"href":"https:\/\/web2025.gastronomicament.cat\/de\/wp-json\/wp\/v2\/coauthors?post=56909"}],"curies":[{"name":"wp","href":"https:\/\/api.w.org\/{rel}","templated":true}]}}