{"id":102501,"date":"2025-09-04T08:08:39","date_gmt":"2025-09-04T06:08:39","guid":{"rendered":"https:\/\/web2025.gastronomicament.cat\/vi-de-la-terra-mallorca-convida-a-jugar-amb-les-varietats-locals-de-raim"},"modified":"2026-04-16T15:43:53","modified_gmt":"2026-04-16T13:43:53","slug":"vi-de-la-terra-mallorca-convida-a-jugar-amb-les-varietats-locals-de-raim","status":"publish","type":"post","link":"https:\/\/web2025.gastronomicament.cat\/de\/vi-de-la-terra-mallorca-convida-a-jugar-amb-les-varietats-locals-de-raim","title":{"rendered":"Vi de la Terra Mallorca convida a jugar amb les varietats locals de ra\u00efm"},"content":{"rendered":"\n<p>Vi de la Terra Mallorca ha creat un joc de cartes, El Joc de les Varietats, a partir de sis varietats locals de ra\u00efm m\u00e9s representatives de l\u2019illa: quatre varietats de ra\u00efm negre (callet, fogoneu, mantonegro i gorgollassa) i dues de ra\u00efm blanc (gir\u00f3 ros i premsal blanc). L&#8217;objectiu del joc \u00e9s&nbsp;<strong>aprendre jugant<\/strong>, d\u2019una manera amena i participativa, per saber qu\u00e8 bevem quan estam davant un vi elaborat amb varietats locals.<\/p>\n\n\n\n<p>La campanya inclou un v\u00eddeo promocional, com tamb\u00e9 material divulgatiu a diferents mitjans i xarxes socials per descobrir, jugar i compartir el valor del territori. Amb un to fresc i proper, el projecte refor\u00e7a l\u2019esfor\u00e7 dels darrers anys de Vi de la Terra Mallorca per apropar-se al p\u00fablic jove \u2014sense renunciar al rigor\u2014 i continuar difonent entre la poblaci\u00f3 el producte de qualitat que tenim i el respecte cap a l\u2019entorn que el fa possible.&nbsp;La campanya s&#8217;ha posat en marxa dia 3 de setembre a trav\u00e9s de l&#8217;associaci\u00f3 Mallorca Rural, amb el finan\u00e7ament de fons europeus LEADER.<\/p>\n\n\n\n<p>\u201cPer estimar els nostres vins i les varietats locals de ra\u00efm que tenim, el primer que hem de fer \u00e9s con\u00e8ixer-les\u201d, afirma&nbsp;<strong>Magdalena Mesquida<\/strong>, presidenta de Vi de la Terra Mallorca. \u201cDurant temps varen ser les grans oblidades per\u00f2, gr\u00e0cies a la feina de recuperaci\u00f3 que han fet els investigadors i els viticultors i cellers, ara es tornen a sembrar i cada vegada s\u00f3n m\u00e9s reconegudes per tot el que aporten als nostres vins. De fet, \u00e9s el que<strong>&nbsp;ens fa \u00fanics i ens permet presentar-nos amb un producte diferenciat davant el m\u00f3n<\/strong>\u201d.<\/p>\n\n\n\n<p>Des dels inicis, el Consell Regulador de la IGP Vi de la Terra Mallorca ha orientat part de la seva promoci\u00f3 a donar a con\u00e8ixer les varietats locals de vinya pr\u00f2pies i \u00faniques de Mallorca, les quals aporten diferenciaci\u00f3 de producte i autenticitat. Actualment Vi de la Terra Mallorca protegeix 5 varietats de ra\u00efm locals: premsal blanc, gir\u00f3 ros, mantonegro, callet i gorgollassa; i els darrers mesos s\u2019ha aprovat la realitzaci\u00f3 dels estudis justificatius pertinents per incloure com a varietats locals protegides que s&#8217;han recuperat: callet negrella, escursac, esper\u00f3 de gall, gir\u00f3 negre i manc\u00e8s de tib\u00fas.<\/p>\n\n\n\n<p>Vi de la Terra Mallorca representa el 70% del sector del vi a Mallorca, agrupant 84 cellers inscrits i 330 viticultors, amb m\u00e9s de 1900 hect\u00e0rees de vinya inscrites i en producci\u00f3 arreu de l\u2019illa.<\/p>\n","protected":false},"excerpt":{"rendered":"<p>\u00c9s una campanya promocional per acostar l&#8217;aliment aut\u00f2cton al p\u00fablic jove<\/p>\n","protected":false},"author":1,"featured_media":102503,"comment_status":"open","ping_status":"open","sticky":false,"template":"","format":"gallery","meta":{"_acf_changed":false,"_swt_meta_header_display":false,"_swt_meta_footer_display":false,"_swt_meta_site_title_display":false,"_swt_meta_sticky_header":false,"_swt_meta_transparent_header":false,"footnotes":""},"categories":[692,955],"tags":[],"coauthors":[2053],"class_list":["post-102501","post","type-post","status-publish","format-gallery","has-post-thumbnail","hentry","category-actualitat","category-reportatges-i-novetats","post_format-post-format-gallery"],"acf":{"gallery":[102503,102515,102519],"home_date":{"home_begin_date":null,"home_end_date":null}},"yoast_head":"<!-- This site is optimized with the Yoast SEO plugin v27.2 - https:\/\/yoast.com\/product\/yoast-seo-wordpress\/ -->\n<title>Vi de la Terra Mallorca convida a jugar amb les varietats locals de ra\u00efm - Gastron\u00f2micament<\/title>\n<meta name=\"description\" content=\"Vi de la Terra Mallorca convida a jugar amb les varietats locals de ra\u00efm Actualitat, Reportatges i novetats \u00c9s una campanya promocional per acostar l&#039;aliment aut\u00f2cton al p\u00fablic jove\" \/>\n<meta name=\"robots\" content=\"index, follow, max-snippet:-1, max-image-preview:large, max-video-preview:-1\" \/>\n<link rel=\"canonical\" href=\"https:\/\/web2025.gastronomicament.cat\/ca\/vi-de-la-terra-mallorca-convida-a-jugar-amb-les-varietats-locals-de-raim\" \/>\n<meta property=\"og:locale\" content=\"de_DE\" \/>\n<meta property=\"og:type\" content=\"article\" \/>\n<meta property=\"og:title\" content=\"Vi de la Terra Mallorca convida a jugar amb les varietats locals de ra\u00efm - Gastron\u00f2micament\" \/>\n<meta property=\"og:description\" content=\"Vi de la Terra Mallorca convida a jugar amb les varietats locals de ra\u00efm Actualitat, Reportatges i novetats \u00c9s una campanya promocional per acostar l&#039;aliment aut\u00f2cton al p\u00fablic jove\" \/>\n<meta property=\"og:url\" content=\"https:\/\/web2025.gastronomicament.cat\/ca\/vi-de-la-terra-mallorca-convida-a-jugar-amb-les-varietats-locals-de-raim\" \/>\n<meta property=\"og:site_name\" content=\"Gastron\u00f2micament\" \/>\n<meta property=\"article:published_time\" content=\"2025-09-04T06:08:39+00:00\" \/>\n<meta property=\"article:modified_time\" content=\"2026-04-16T13:43:53+00:00\" \/>\n<meta property=\"og:image\" content=\"https:\/\/web2025.gastronomicament.cat\/wp-content\/uploads\/2025\/09\/El-joc-de-les-varietats-cartes-VT-Mallorca.jpg\" \/>\n\t<meta property=\"og:image:width\" content=\"1170\" \/>\n\t<meta property=\"og:image:height\" content=\"675\" \/>\n\t<meta property=\"og:image:type\" content=\"image\/jpeg\" \/>\n<meta name=\"author\" content=\"Redacci\u00f3\" \/>\n<meta name=\"twitter:card\" content=\"summary_large_image\" \/>\n<meta name=\"twitter:creator\" content=\"@gastronomicamen\" \/>\n<meta name=\"twitter:site\" content=\"@gastronomicamen\" \/>\n<meta name=\"twitter:label1\" content=\"Verfasst von\" \/>\n\t<meta name=\"twitter:data1\" content=\"Redacci\u00f3\" \/>\n\t<meta name=\"twitter:label2\" content=\"Gesch\u00e4tzte Lesezeit\" \/>\n\t<meta name=\"twitter:data2\" content=\"3\u00a0Minuten\" \/>\n\t<meta name=\"twitter:label3\" content=\"Written by\" \/>\n\t<meta name=\"twitter:data3\" content=\"Redacci\u00f3\" \/>\n<script type=\"application\/ld+json\" class=\"yoast-schema-graph\">{\"@context\":\"https:\/\/schema.org\",\"@graph\":[{\"@type\":\"Article\",\"@id\":\"https:\/\/web2025.gastronomicament.cat\/ca\/vi-de-la-terra-mallorca-convida-a-jugar-amb-les-varietats-locals-de-raim#article\",\"isPartOf\":{\"@id\":\"https:\/\/web2025.gastronomicament.cat\/ca\/vi-de-la-terra-mallorca-convida-a-jugar-amb-les-varietats-locals-de-raim\"},\"author\":{\"name\":\"Redacci\u00f3\",\"@id\":\"https:\/\/web2025.gastronomicament.cat\/es\/#\/schema\/person\/a7c85c537a1ed62799a5b8e0f686a37f\"},\"headline\":\"Vi de la Terra Mallorca convida a jugar amb les varietats locals de ra\u00efm\",\"datePublished\":\"2025-09-04T06:08:39+00:00\",\"dateModified\":\"2026-04-16T13:43:53+00:00\",\"mainEntityOfPage\":{\"@id\":\"https:\/\/web2025.gastronomicament.cat\/ca\/vi-de-la-terra-mallorca-convida-a-jugar-amb-les-varietats-locals-de-raim\"},\"wordCount\":436,\"commentCount\":0,\"publisher\":{\"@id\":\"https:\/\/web2025.gastronomicament.cat\/es\/#organization\"},\"image\":{\"@id\":\"https:\/\/web2025.gastronomicament.cat\/ca\/vi-de-la-terra-mallorca-convida-a-jugar-amb-les-varietats-locals-de-raim#primaryimage\"},\"thumbnailUrl\":\"https:\/\/web2025.gastronomicament.cat\/wp-content\/uploads\/2025\/09\/El-joc-de-les-varietats-cartes-VT-Mallorca.jpg\",\"articleSection\":[\"Actualitat\",\"Reportatges i novetats\"],\"inLanguage\":\"de\",\"potentialAction\":[{\"@type\":\"CommentAction\",\"name\":\"Comment\",\"target\":[\"https:\/\/web2025.gastronomicament.cat\/ca\/vi-de-la-terra-mallorca-convida-a-jugar-amb-les-varietats-locals-de-raim#respond\"]}]},{\"@type\":\"WebPage\",\"@id\":\"https:\/\/web2025.gastronomicament.cat\/ca\/vi-de-la-terra-mallorca-convida-a-jugar-amb-les-varietats-locals-de-raim\",\"url\":\"https:\/\/web2025.gastronomicament.cat\/ca\/vi-de-la-terra-mallorca-convida-a-jugar-amb-les-varietats-locals-de-raim\",\"name\":\"Vi de la Terra Mallorca convida a jugar amb les varietats locals de ra\u00efm - Gastron\u00f2micament\",\"isPartOf\":{\"@id\":\"https:\/\/web2025.gastronomicament.cat\/es\/#website\"},\"primaryImageOfPage\":{\"@id\":\"https:\/\/web2025.gastronomicament.cat\/ca\/vi-de-la-terra-mallorca-convida-a-jugar-amb-les-varietats-locals-de-raim#primaryimage\"},\"image\":{\"@id\":\"https:\/\/web2025.gastronomicament.cat\/ca\/vi-de-la-terra-mallorca-convida-a-jugar-amb-les-varietats-locals-de-raim#primaryimage\"},\"thumbnailUrl\":\"https:\/\/web2025.gastronomicament.cat\/wp-content\/uploads\/2025\/09\/El-joc-de-les-varietats-cartes-VT-Mallorca.jpg\",\"datePublished\":\"2025-09-04T06:08:39+00:00\",\"dateModified\":\"2026-04-16T13:43:53+00:00\",\"description\":\"Vi de la Terra Mallorca convida a jugar amb les varietats locals de ra\u00efm Actualitat, Reportatges i novetats \u00c9s una campanya promocional per acostar l'aliment aut\u00f2cton al p\u00fablic jove\",\"inLanguage\":\"de\",\"potentialAction\":[{\"@type\":\"ReadAction\",\"target\":[\"https:\/\/web2025.gastronomicament.cat\/ca\/vi-de-la-terra-mallorca-convida-a-jugar-amb-les-varietats-locals-de-raim\"]}]},{\"@type\":\"ImageObject\",\"inLanguage\":\"de\",\"@id\":\"https:\/\/web2025.gastronomicament.cat\/ca\/vi-de-la-terra-mallorca-convida-a-jugar-amb-les-varietats-locals-de-raim#primaryimage\",\"url\":\"https:\/\/web2025.gastronomicament.cat\/wp-content\/uploads\/2025\/09\/El-joc-de-les-varietats-cartes-VT-Mallorca.jpg\",\"contentUrl\":\"https:\/\/web2025.gastronomicament.cat\/wp-content\/uploads\/2025\/09\/El-joc-de-les-varietats-cartes-VT-Mallorca.jpg\",\"width\":1170,\"height\":675},{\"@type\":\"WebSite\",\"@id\":\"https:\/\/web2025.gastronomicament.cat\/es\/#website\",\"url\":\"https:\/\/web2025.gastronomicament.cat\/es\/\",\"name\":\"Gastron\u00f2micament\",\"description\":\"Portal de restaurants, receptes i actualitat gastron\u00f2mica\",\"publisher\":{\"@id\":\"https:\/\/web2025.gastronomicament.cat\/es\/#organization\"},\"potentialAction\":[{\"@type\":\"SearchAction\",\"target\":{\"@type\":\"EntryPoint\",\"urlTemplate\":\"https:\/\/web2025.gastronomicament.cat\/es\/?s={search_term_string}\"},\"query-input\":{\"@type\":\"PropertyValueSpecification\",\"valueRequired\":true,\"valueName\":\"search_term_string\"}}],\"inLanguage\":\"de\"},{\"@type\":\"Organization\",\"@id\":\"https:\/\/web2025.gastronomicament.cat\/es\/#organization\",\"name\":\"Gastron\u00f2micament\",\"url\":\"https:\/\/web2025.gastronomicament.cat\/es\/\",\"logo\":{\"@type\":\"ImageObject\",\"inLanguage\":\"de\",\"@id\":\"https:\/\/web2025.gastronomicament.cat\/es\/#\/schema\/logo\/image\/\",\"url\":\"https:\/\/web2025.gastronomicament.cat\/wp-content\/uploads\/2016\/09\/header-logo.jpg\",\"contentUrl\":\"https:\/\/web2025.gastronomicament.cat\/wp-content\/uploads\/2016\/09\/header-logo.jpg\",\"width\":277,\"height\":39,\"caption\":\"Gastron\u00f2micament\"},\"image\":{\"@id\":\"https:\/\/web2025.gastronomicament.cat\/es\/#\/schema\/logo\/image\/\"},\"sameAs\":[\"https:\/\/x.com\/gastronomicamen\"]},{\"@type\":\"Person\",\"@id\":\"https:\/\/web2025.gastronomicament.cat\/es\/#\/schema\/person\/a7c85c537a1ed62799a5b8e0f686a37f\",\"name\":\"Redacci\u00f3\",\"image\":{\"@type\":\"ImageObject\",\"inLanguage\":\"de\",\"@id\":\"https:\/\/secure.gravatar.com\/avatar\/9489a485c464fd611d33825daae651d13db70c4e74c65c94937a15a9d4c3ee14?s=96&d=mm&r=g69fea3cce3645dfa2166e7293e22955e\",\"url\":\"https:\/\/secure.gravatar.com\/avatar\/9489a485c464fd611d33825daae651d13db70c4e74c65c94937a15a9d4c3ee14?s=96&d=mm&r=g\",\"contentUrl\":\"https:\/\/secure.gravatar.com\/avatar\/9489a485c464fd611d33825daae651d13db70c4e74c65c94937a15a9d4c3ee14?s=96&d=mm&r=g\",\"caption\":\"Redacci\u00f3\"},\"sameAs\":[\"http:\/\/gastronomicament.cat\"],\"url\":\"https:\/\/web2025.gastronomicament.cat\/de\/author\/admin\"}]}<\/script>\n<!-- \/ Yoast SEO plugin. -->","yoast_head_json":{"title":"Vi de la Terra Mallorca convida a jugar amb les varietats locals de ra\u00efm - Gastron\u00f2micament","description":"Vi de la Terra Mallorca convida a jugar amb les varietats locals de ra\u00efm Actualitat, Reportatges i novetats \u00c9s una campanya promocional per acostar l'aliment aut\u00f2cton al p\u00fablic jove","robots":{"index":"index","follow":"follow","max-snippet":"max-snippet:-1","max-image-preview":"max-image-preview:large","max-video-preview":"max-video-preview:-1"},"canonical":"https:\/\/web2025.gastronomicament.cat\/ca\/vi-de-la-terra-mallorca-convida-a-jugar-amb-les-varietats-locals-de-raim","og_locale":"de_DE","og_type":"article","og_title":"Vi de la Terra Mallorca convida a jugar amb les varietats locals de ra\u00efm - Gastron\u00f2micament","og_description":"Vi de la Terra Mallorca convida a jugar amb les varietats locals de ra\u00efm Actualitat, Reportatges i novetats \u00c9s una campanya promocional per acostar l'aliment aut\u00f2cton al p\u00fablic jove","og_url":"https:\/\/web2025.gastronomicament.cat\/ca\/vi-de-la-terra-mallorca-convida-a-jugar-amb-les-varietats-locals-de-raim","og_site_name":"Gastron\u00f2micament","article_published_time":"2025-09-04T06:08:39+00:00","article_modified_time":"2026-04-16T13:43:53+00:00","og_image":[{"width":1170,"height":675,"url":"https:\/\/web2025.gastronomicament.cat\/wp-content\/uploads\/2025\/09\/El-joc-de-les-varietats-cartes-VT-Mallorca.jpg","type":"image\/jpeg"}],"author":"Redacci\u00f3","twitter_card":"summary_large_image","twitter_creator":"@gastronomicamen","twitter_site":"@gastronomicamen","twitter_misc":{"Verfasst von":"Redacci\u00f3","Gesch\u00e4tzte Lesezeit":"3\u00a0Minuten","Written by":"Redacci\u00f3"},"schema":{"@context":"https:\/\/schema.org","@graph":[{"@type":"Article","@id":"https:\/\/web2025.gastronomicament.cat\/ca\/vi-de-la-terra-mallorca-convida-a-jugar-amb-les-varietats-locals-de-raim#article","isPartOf":{"@id":"https:\/\/web2025.gastronomicament.cat\/ca\/vi-de-la-terra-mallorca-convida-a-jugar-amb-les-varietats-locals-de-raim"},"author":{"name":"Redacci\u00f3","@id":"https:\/\/web2025.gastronomicament.cat\/es\/#\/schema\/person\/a7c85c537a1ed62799a5b8e0f686a37f"},"headline":"Vi de la Terra Mallorca convida a jugar amb les varietats locals de ra\u00efm","datePublished":"2025-09-04T06:08:39+00:00","dateModified":"2026-04-16T13:43:53+00:00","mainEntityOfPage":{"@id":"https:\/\/web2025.gastronomicament.cat\/ca\/vi-de-la-terra-mallorca-convida-a-jugar-amb-les-varietats-locals-de-raim"},"wordCount":436,"commentCount":0,"publisher":{"@id":"https:\/\/web2025.gastronomicament.cat\/es\/#organization"},"image":{"@id":"https:\/\/web2025.gastronomicament.cat\/ca\/vi-de-la-terra-mallorca-convida-a-jugar-amb-les-varietats-locals-de-raim#primaryimage"},"thumbnailUrl":"https:\/\/web2025.gastronomicament.cat\/wp-content\/uploads\/2025\/09\/El-joc-de-les-varietats-cartes-VT-Mallorca.jpg","articleSection":["Actualitat","Reportatges i novetats"],"inLanguage":"de","potentialAction":[{"@type":"CommentAction","name":"Comment","target":["https:\/\/web2025.gastronomicament.cat\/ca\/vi-de-la-terra-mallorca-convida-a-jugar-amb-les-varietats-locals-de-raim#respond"]}]},{"@type":"WebPage","@id":"https:\/\/web2025.gastronomicament.cat\/ca\/vi-de-la-terra-mallorca-convida-a-jugar-amb-les-varietats-locals-de-raim","url":"https:\/\/web2025.gastronomicament.cat\/ca\/vi-de-la-terra-mallorca-convida-a-jugar-amb-les-varietats-locals-de-raim","name":"Vi de la Terra Mallorca convida a jugar amb les varietats locals de ra\u00efm - Gastron\u00f2micament","isPartOf":{"@id":"https:\/\/web2025.gastronomicament.cat\/es\/#website"},"primaryImageOfPage":{"@id":"https:\/\/web2025.gastronomicament.cat\/ca\/vi-de-la-terra-mallorca-convida-a-jugar-amb-les-varietats-locals-de-raim#primaryimage"},"image":{"@id":"https:\/\/web2025.gastronomicament.cat\/ca\/vi-de-la-terra-mallorca-convida-a-jugar-amb-les-varietats-locals-de-raim#primaryimage"},"thumbnailUrl":"https:\/\/web2025.gastronomicament.cat\/wp-content\/uploads\/2025\/09\/El-joc-de-les-varietats-cartes-VT-Mallorca.jpg","datePublished":"2025-09-04T06:08:39+00:00","dateModified":"2026-04-16T13:43:53+00:00","description":"Vi de la Terra Mallorca convida a jugar amb les varietats locals de ra\u00efm Actualitat, Reportatges i novetats \u00c9s una campanya promocional per acostar l'aliment aut\u00f2cton al p\u00fablic jove","inLanguage":"de","potentialAction":[{"@type":"ReadAction","target":["https:\/\/web2025.gastronomicament.cat\/ca\/vi-de-la-terra-mallorca-convida-a-jugar-amb-les-varietats-locals-de-raim"]}]},{"@type":"ImageObject","inLanguage":"de","@id":"https:\/\/web2025.gastronomicament.cat\/ca\/vi-de-la-terra-mallorca-convida-a-jugar-amb-les-varietats-locals-de-raim#primaryimage","url":"https:\/\/web2025.gastronomicament.cat\/wp-content\/uploads\/2025\/09\/El-joc-de-les-varietats-cartes-VT-Mallorca.jpg","contentUrl":"https:\/\/web2025.gastronomicament.cat\/wp-content\/uploads\/2025\/09\/El-joc-de-les-varietats-cartes-VT-Mallorca.jpg","width":1170,"height":675},{"@type":"WebSite","@id":"https:\/\/web2025.gastronomicament.cat\/es\/#website","url":"https:\/\/web2025.gastronomicament.cat\/es\/","name":"Gastron\u00f2micament","description":"Portal de restaurants, receptes i actualitat gastron\u00f2mica","publisher":{"@id":"https:\/\/web2025.gastronomicament.cat\/es\/#organization"},"potentialAction":[{"@type":"SearchAction","target":{"@type":"EntryPoint","urlTemplate":"https:\/\/web2025.gastronomicament.cat\/es\/?s={search_term_string}"},"query-input":{"@type":"PropertyValueSpecification","valueRequired":true,"valueName":"search_term_string"}}],"inLanguage":"de"},{"@type":"Organization","@id":"https:\/\/web2025.gastronomicament.cat\/es\/#organization","name":"Gastron\u00f2micament","url":"https:\/\/web2025.gastronomicament.cat\/es\/","logo":{"@type":"ImageObject","inLanguage":"de","@id":"https:\/\/web2025.gastronomicament.cat\/es\/#\/schema\/logo\/image\/","url":"https:\/\/web2025.gastronomicament.cat\/wp-content\/uploads\/2016\/09\/header-logo.jpg","contentUrl":"https:\/\/web2025.gastronomicament.cat\/wp-content\/uploads\/2016\/09\/header-logo.jpg","width":277,"height":39,"caption":"Gastron\u00f2micament"},"image":{"@id":"https:\/\/web2025.gastronomicament.cat\/es\/#\/schema\/logo\/image\/"},"sameAs":["https:\/\/x.com\/gastronomicamen"]},{"@type":"Person","@id":"https:\/\/web2025.gastronomicament.cat\/es\/#\/schema\/person\/a7c85c537a1ed62799a5b8e0f686a37f","name":"Redacci\u00f3","image":{"@type":"ImageObject","inLanguage":"de","@id":"https:\/\/secure.gravatar.com\/avatar\/9489a485c464fd611d33825daae651d13db70c4e74c65c94937a15a9d4c3ee14?s=96&d=mm&r=g69fea3cce3645dfa2166e7293e22955e","url":"https:\/\/secure.gravatar.com\/avatar\/9489a485c464fd611d33825daae651d13db70c4e74c65c94937a15a9d4c3ee14?s=96&d=mm&r=g","contentUrl":"https:\/\/secure.gravatar.com\/avatar\/9489a485c464fd611d33825daae651d13db70c4e74c65c94937a15a9d4c3ee14?s=96&d=mm&r=g","caption":"Redacci\u00f3"},"sameAs":["http:\/\/gastronomicament.cat"],"url":"https:\/\/web2025.gastronomicament.cat\/de\/author\/admin"}]}},"_links":{"self":[{"href":"https:\/\/web2025.gastronomicament.cat\/de\/wp-json\/wp\/v2\/posts\/102501","targetHints":{"allow":["GET"]}}],"collection":[{"href":"https:\/\/web2025.gastronomicament.cat\/de\/wp-json\/wp\/v2\/posts"}],"about":[{"href":"https:\/\/web2025.gastronomicament.cat\/de\/wp-json\/wp\/v2\/types\/post"}],"author":[{"embeddable":true,"href":"https:\/\/web2025.gastronomicament.cat\/de\/wp-json\/wp\/v2\/users\/1"}],"replies":[{"embeddable":true,"href":"https:\/\/web2025.gastronomicament.cat\/de\/wp-json\/wp\/v2\/comments?post=102501"}],"version-history":[{"count":0,"href":"https:\/\/web2025.gastronomicament.cat\/de\/wp-json\/wp\/v2\/posts\/102501\/revisions"}],"acf:attachment":[{"embeddable":true,"href":"https:\/\/web2025.gastronomicament.cat\/de\/wp-json\/wp\/v2\/media\/102519"},{"embeddable":true,"href":"https:\/\/web2025.gastronomicament.cat\/de\/wp-json\/wp\/v2\/media\/102515"},{"embeddable":true,"href":"https:\/\/web2025.gastronomicament.cat\/de\/wp-json\/wp\/v2\/media\/102503"}],"wp:featuredmedia":[{"embeddable":true,"href":"https:\/\/web2025.gastronomicament.cat\/de\/wp-json\/wp\/v2\/media\/102503"}],"wp:attachment":[{"href":"https:\/\/web2025.gastronomicament.cat\/de\/wp-json\/wp\/v2\/media?parent=102501"}],"wp:term":[{"taxonomy":"category","embeddable":true,"href":"https:\/\/web2025.gastronomicament.cat\/de\/wp-json\/wp\/v2\/categories?post=102501"},{"taxonomy":"post_tag","embeddable":true,"href":"https:\/\/web2025.gastronomicament.cat\/de\/wp-json\/wp\/v2\/tags?post=102501"},{"taxonomy":"author","embeddable":true,"href":"https:\/\/web2025.gastronomicament.cat\/de\/wp-json\/wp\/v2\/coauthors?post=102501"}],"curies":[{"name":"wp","href":"https:\/\/api.w.org\/{rel}","templated":true}]}}