{"id":102479,"date":"2025-09-04T08:04:45","date_gmt":"2025-09-04T06:04:45","guid":{"rendered":"https:\/\/web2025.gastronomicament.cat\/per-que-sha-fet-viral-el-restaurant-annabel-mallorca"},"modified":"2026-04-16T15:45:29","modified_gmt":"2026-04-16T13:45:29","slug":"per-que-sha-fet-viral-el-restaurant-annabel-mallorca","status":"publish","type":"post","link":"https:\/\/web2025.gastronomicament.cat\/de\/per-que-sha-fet-viral-el-restaurant-annabel-mallorca","title":{"rendered":"Per qu\u00e8 s&#8217;ha fet viral el restaurant Annabel Mallorca?"},"content":{"rendered":"\n<p>El restaurant Annabel de Palmanova (Calvi\u00e0) ha penjat una fotografia a Instagram en qu\u00e8 apareix el compte de 63.237,90 euros d&#8217;una taula. Al tiquet es poden veure gaireb\u00e9 37 plats principals, a m\u00e9s d&#8217;entrants i botelles de vi, especialment escumosos, que s\u00f3n els que m\u00e9s fan pujar l&#8217;import del compte.<\/p>\n\n\n\n<p>Despr\u00e9s de publicar la imatge, els usuaris de la xarxa social han fet m\u00e9s de tres centenars de comentaris. Alguns lamenten l&#8217;ostentaci\u00f3 i la despesa que s&#8217;ha fet en moments en qu\u00e8 hi ha gent que no pot tenir un habitatge digne, d&#8217;altres lamenten que el restaurant no sigui m\u00e9s discret i, fins i tot, n&#8217;hi ha que posen en dubte que la factura sigui real i que tot sembla una operaci\u00f3 de m\u00e0rqueting.<\/p>\n\n\n\n<p>El restaurant Annabel Mallorca s&#8217;autodefineix com un establiment de luxe mediterrani, que presumeix de ser l&#8217;\u00fanic de l&#8217;illa que t\u00e9 servei d&#8217;aparcacotxes. Es va inaugurar enguany, concretament el 27 de juny, despr\u00e9s d&#8217;haver-hi fet una reforma al local on es troba ubicat, on hi havia el restaurant La Piazzetta, al Passeig del Mar, n\u00famero 10. El restaurant pertany al Grupo Pajarita, del que tamb\u00e9 formen part els restaurants de Palmanova i Magaluf, com ara Iroko, Siso Beach i Bondi Beach i Barbuda Beach.<\/p>\n\n\n\n<blockquote class=\"wp-block-quote instagram-media is-layout-flow wp-block-quote-is-layout-flow\">\n<div style=\"padding: 16px;\">\n<p>&nbsp;<\/p>\n<div style=\"display: flex; flex-direction: row; align-items: center;\">\n<div style=\"background-color: #f4f4f4; border-radius: 50%; flex-grow: 0; height: 40px; margin-right: 14px; width: 40px;\">&nbsp;<\/div>\n<div style=\"display: flex; flex-direction: column; flex-grow: 1; justify-content: center;\">\n<div style=\"background-color: #f4f4f4; border-radius: 4px; flex-grow: 0; height: 14px; margin-bottom: 6px; width: 100px;\">&nbsp;<\/div>\n<div style=\"background-color: #f4f4f4; border-radius: 4px; flex-grow: 0; height: 14px; width: 60px;\">&nbsp;<\/div>\n<\/div>\n<\/div>\n<div style=\"padding: 19% 0;\">&nbsp;<\/div>\n<div style=\"display: block; height: 50px; margin: 0 auto 12px; width: 50px;\">&nbsp;<\/div>\n<div style=\"padding-top: 8px;\">\n<div style=\"color: #3897f0; font-family: Arial,sans-serif; font-size: 14px; font-style: normal; font-weight: 550; line-height: 18px;\">View this post on Instagram<\/div>\n<\/div>\n<div style=\"padding: 12.5% 0;\">&nbsp;<\/div>\n<div style=\"display: flex; flex-direction: row; margin-bottom: 14px; align-items: center;\">\n<div>\n<div style=\"background-color: #f4f4f4; border-radius: 50%; height: 12.5px; width: 12.5px;\">&nbsp;<\/div>\n<div style=\"background-color: #f4f4f4; height: 12.5px; width: 12.5px; flex-grow: 0; margin-right: 14px; margin-left: 2px;\">&nbsp;<\/div>\n<div style=\"background-color: #f4f4f4; border-radius: 50%; height: 12.5px; width: 12.5px;\">&nbsp;<\/div>\n<\/div>\n<div style=\"margin-left: 8px;\">\n<div style=\"background-color: #f4f4f4; border-radius: 50%; flex-grow: 0; height: 20px; width: 20px;\">&nbsp;<\/div>\n<div style=\"width: 0; height: 0; border-top: 2px solid transparent; border-left: 6px solid #f4f4f4; border-bottom: 2px solid transparent;\">&nbsp;<\/div>\n<\/div>\n<div style=\"margin-left: auto;\">\n<div style=\"width: 0px; border-top: 8px solid #F4F4F4; border-right: 8px solid transparent;\">&nbsp;<\/div>\n<div style=\"background-color: #f4f4f4; flex-grow: 0; height: 12px; width: 16px;\">&nbsp;<\/div>\n<div style=\"width: 0; height: 0; border-top: 8px solid #F4F4F4; border-left: 8px solid transparent;\">&nbsp;<\/div>\n<\/div>\n<\/div>\n<div style=\"display: flex; flex-direction: column; flex-grow: 1; justify-content: center; margin-bottom: 24px;\">\n<div style=\"background-color: #f4f4f4; border-radius: 4px; flex-grow: 0; height: 14px; margin-bottom: 6px; width: 224px;\">&nbsp;<\/div>\n<div style=\"background-color: #f4f4f4; border-radius: 4px; flex-grow: 0; height: 14px; width: 144px;\">&nbsp;<\/div>\n<\/div>\n<p>&nbsp;<\/p>\n<p style=\"color: #c9c8cd; font-family: Arial,sans-serif; font-size: 14px; line-height: 17px; margin-bottom: 0; margin-top: 8px; overflow: hidden; padding: 8px 0 7px; text-align: center; white-space: nowrap;\"><a style=\"color: #c9c8cd; font-family: Arial,sans-serif; font-size: 14px; font-style: normal; font-weight: normal; line-height: 17px; text-decoration: none;\" href=\"https:\/\/www.instagram.com\/p\/DN-gc2mjVz6\/?utm_source=ig_embed&amp;utm_campaign=loading\" target=\"_blank\" rel=\"noopener\">A post shared by Annabel Restaurant (@annabelmallorca)<\/a><\/p>\n<\/div>\n<\/blockquote>\n","protected":false},"excerpt":{"rendered":"<p>Ha bravejat d&#8217;haver fet un compte d&#8217;una taula de m\u00e9s de 60.000 euros<\/p>\n","protected":false},"author":1,"featured_media":102481,"comment_status":"open","ping_status":"open","sticky":false,"template":"","format":"gallery","meta":{"_acf_changed":false,"_swt_meta_header_display":false,"_swt_meta_footer_display":false,"_swt_meta_site_title_display":false,"_swt_meta_sticky_header":false,"_swt_meta_transparent_header":false,"footnotes":""},"categories":[692,955],"tags":[],"coauthors":[2053],"class_list":["post-102479","post","type-post","status-publish","format-gallery","has-post-thumbnail","hentry","category-actualitat","category-reportatges-i-novetats","post_format-post-format-gallery"],"acf":{"gallery":[102485,102489],"home_date":{"home_begin_date":null,"home_end_date":null}},"yoast_head":"<!-- This site is optimized with the Yoast SEO plugin v27.2 - https:\/\/yoast.com\/product\/yoast-seo-wordpress\/ -->\n<title>Per qu\u00e8 s&#039;ha fet viral el restaurant Annabel Mallorca? - Gastron\u00f2micament<\/title>\n<meta name=\"description\" content=\"Per qu\u00e8 s&#039;ha fet viral el restaurant Annabel Mallorca? Actualitat, Reportatges i novetats Ha bravejat d&#039;haver fet un compte d&#039;una taula de m\u00e9s de 60.000 euros\" \/>\n<meta name=\"robots\" content=\"index, follow, max-snippet:-1, max-image-preview:large, max-video-preview:-1\" \/>\n<link rel=\"canonical\" href=\"https:\/\/web2025.gastronomicament.cat\/ca\/per-que-sha-fet-viral-el-restaurant-annabel-mallorca\" \/>\n<meta property=\"og:locale\" content=\"de_DE\" \/>\n<meta property=\"og:type\" content=\"article\" \/>\n<meta property=\"og:title\" content=\"Per qu\u00e8 s&#039;ha fet viral el restaurant Annabel Mallorca? - Gastron\u00f2micament\" \/>\n<meta property=\"og:description\" content=\"Per qu\u00e8 s&#039;ha fet viral el restaurant Annabel Mallorca? Actualitat, Reportatges i novetats Ha bravejat d&#039;haver fet un compte d&#039;una taula de m\u00e9s de 60.000 euros\" \/>\n<meta property=\"og:url\" content=\"https:\/\/web2025.gastronomicament.cat\/ca\/per-que-sha-fet-viral-el-restaurant-annabel-mallorca\" \/>\n<meta property=\"og:site_name\" content=\"Gastron\u00f2micament\" \/>\n<meta property=\"article:published_time\" content=\"2025-09-04T06:04:45+00:00\" \/>\n<meta property=\"article:modified_time\" content=\"2026-04-16T13:45:29+00:00\" \/>\n<meta property=\"og:image\" content=\"https:\/\/web2025.gastronomicament.cat\/wp-content\/uploads\/2025\/09\/Annabel-Mallorca-Restaurant.jpg\" \/>\n\t<meta property=\"og:image:width\" content=\"1381\" \/>\n\t<meta property=\"og:image:height\" content=\"624\" \/>\n\t<meta property=\"og:image:type\" content=\"image\/jpeg\" \/>\n<meta name=\"author\" content=\"Redacci\u00f3\" \/>\n<meta name=\"twitter:card\" content=\"summary_large_image\" \/>\n<meta name=\"twitter:creator\" content=\"@gastronomicamen\" \/>\n<meta name=\"twitter:site\" content=\"@gastronomicamen\" \/>\n<meta name=\"twitter:label1\" content=\"Verfasst von\" \/>\n\t<meta name=\"twitter:data1\" content=\"Redacci\u00f3\" \/>\n\t<meta name=\"twitter:label2\" content=\"Gesch\u00e4tzte Lesezeit\" \/>\n\t<meta name=\"twitter:data2\" content=\"2\u00a0Minuten\" \/>\n\t<meta name=\"twitter:label3\" content=\"Written by\" \/>\n\t<meta name=\"twitter:data3\" content=\"Redacci\u00f3\" \/>\n<script type=\"application\/ld+json\" class=\"yoast-schema-graph\">{\"@context\":\"https:\/\/schema.org\",\"@graph\":[{\"@type\":\"Article\",\"@id\":\"https:\/\/web2025.gastronomicament.cat\/ca\/per-que-sha-fet-viral-el-restaurant-annabel-mallorca#article\",\"isPartOf\":{\"@id\":\"https:\/\/web2025.gastronomicament.cat\/ca\/per-que-sha-fet-viral-el-restaurant-annabel-mallorca\"},\"author\":{\"name\":\"Redacci\u00f3\",\"@id\":\"https:\/\/web2025.gastronomicament.cat\/es\/#\/schema\/person\/a7c85c537a1ed62799a5b8e0f686a37f\"},\"headline\":\"Per qu\u00e8 s&#8217;ha fet viral el restaurant Annabel Mallorca?\",\"datePublished\":\"2025-09-04T06:04:45+00:00\",\"dateModified\":\"2026-04-16T13:45:29+00:00\",\"mainEntityOfPage\":{\"@id\":\"https:\/\/web2025.gastronomicament.cat\/ca\/per-que-sha-fet-viral-el-restaurant-annabel-mallorca\"},\"wordCount\":252,\"commentCount\":0,\"publisher\":{\"@id\":\"https:\/\/web2025.gastronomicament.cat\/es\/#organization\"},\"image\":{\"@id\":\"https:\/\/web2025.gastronomicament.cat\/ca\/per-que-sha-fet-viral-el-restaurant-annabel-mallorca#primaryimage\"},\"thumbnailUrl\":\"https:\/\/web2025.gastronomicament.cat\/wp-content\/uploads\/2025\/09\/Annabel-Mallorca-Restaurant.jpg\",\"articleSection\":[\"Actualitat\",\"Reportatges i novetats\"],\"inLanguage\":\"de\",\"potentialAction\":[{\"@type\":\"CommentAction\",\"name\":\"Comment\",\"target\":[\"https:\/\/web2025.gastronomicament.cat\/ca\/per-que-sha-fet-viral-el-restaurant-annabel-mallorca#respond\"]}]},{\"@type\":\"WebPage\",\"@id\":\"https:\/\/web2025.gastronomicament.cat\/ca\/per-que-sha-fet-viral-el-restaurant-annabel-mallorca\",\"url\":\"https:\/\/web2025.gastronomicament.cat\/ca\/per-que-sha-fet-viral-el-restaurant-annabel-mallorca\",\"name\":\"Per qu\u00e8 s'ha fet viral el restaurant Annabel Mallorca? - Gastron\u00f2micament\",\"isPartOf\":{\"@id\":\"https:\/\/web2025.gastronomicament.cat\/es\/#website\"},\"primaryImageOfPage\":{\"@id\":\"https:\/\/web2025.gastronomicament.cat\/ca\/per-que-sha-fet-viral-el-restaurant-annabel-mallorca#primaryimage\"},\"image\":{\"@id\":\"https:\/\/web2025.gastronomicament.cat\/ca\/per-que-sha-fet-viral-el-restaurant-annabel-mallorca#primaryimage\"},\"thumbnailUrl\":\"https:\/\/web2025.gastronomicament.cat\/wp-content\/uploads\/2025\/09\/Annabel-Mallorca-Restaurant.jpg\",\"datePublished\":\"2025-09-04T06:04:45+00:00\",\"dateModified\":\"2026-04-16T13:45:29+00:00\",\"description\":\"Per qu\u00e8 s'ha fet viral el restaurant Annabel Mallorca? Actualitat, Reportatges i novetats Ha bravejat d'haver fet un compte d'una taula de m\u00e9s de 60.000 euros\",\"inLanguage\":\"de\",\"potentialAction\":[{\"@type\":\"ReadAction\",\"target\":[\"https:\/\/web2025.gastronomicament.cat\/ca\/per-que-sha-fet-viral-el-restaurant-annabel-mallorca\"]}]},{\"@type\":\"ImageObject\",\"inLanguage\":\"de\",\"@id\":\"https:\/\/web2025.gastronomicament.cat\/ca\/per-que-sha-fet-viral-el-restaurant-annabel-mallorca#primaryimage\",\"url\":\"https:\/\/web2025.gastronomicament.cat\/wp-content\/uploads\/2025\/09\/Annabel-Mallorca-Restaurant.jpg\",\"contentUrl\":\"https:\/\/web2025.gastronomicament.cat\/wp-content\/uploads\/2025\/09\/Annabel-Mallorca-Restaurant.jpg\",\"width\":1381,\"height\":624},{\"@type\":\"WebSite\",\"@id\":\"https:\/\/web2025.gastronomicament.cat\/es\/#website\",\"url\":\"https:\/\/web2025.gastronomicament.cat\/es\/\",\"name\":\"Gastron\u00f2micament\",\"description\":\"Portal de restaurants, receptes i actualitat gastron\u00f2mica\",\"publisher\":{\"@id\":\"https:\/\/web2025.gastronomicament.cat\/es\/#organization\"},\"potentialAction\":[{\"@type\":\"SearchAction\",\"target\":{\"@type\":\"EntryPoint\",\"urlTemplate\":\"https:\/\/web2025.gastronomicament.cat\/es\/?s={search_term_string}\"},\"query-input\":{\"@type\":\"PropertyValueSpecification\",\"valueRequired\":true,\"valueName\":\"search_term_string\"}}],\"inLanguage\":\"de\"},{\"@type\":\"Organization\",\"@id\":\"https:\/\/web2025.gastronomicament.cat\/es\/#organization\",\"name\":\"Gastron\u00f2micament\",\"url\":\"https:\/\/web2025.gastronomicament.cat\/es\/\",\"logo\":{\"@type\":\"ImageObject\",\"inLanguage\":\"de\",\"@id\":\"https:\/\/web2025.gastronomicament.cat\/es\/#\/schema\/logo\/image\/\",\"url\":\"https:\/\/web2025.gastronomicament.cat\/wp-content\/uploads\/2016\/09\/header-logo.jpg\",\"contentUrl\":\"https:\/\/web2025.gastronomicament.cat\/wp-content\/uploads\/2016\/09\/header-logo.jpg\",\"width\":277,\"height\":39,\"caption\":\"Gastron\u00f2micament\"},\"image\":{\"@id\":\"https:\/\/web2025.gastronomicament.cat\/es\/#\/schema\/logo\/image\/\"},\"sameAs\":[\"https:\/\/x.com\/gastronomicamen\"]},{\"@type\":\"Person\",\"@id\":\"https:\/\/web2025.gastronomicament.cat\/es\/#\/schema\/person\/a7c85c537a1ed62799a5b8e0f686a37f\",\"name\":\"Redacci\u00f3\",\"image\":{\"@type\":\"ImageObject\",\"inLanguage\":\"de\",\"@id\":\"https:\/\/secure.gravatar.com\/avatar\/9489a485c464fd611d33825daae651d13db70c4e74c65c94937a15a9d4c3ee14?s=96&d=mm&r=g69fea3cce3645dfa2166e7293e22955e\",\"url\":\"https:\/\/secure.gravatar.com\/avatar\/9489a485c464fd611d33825daae651d13db70c4e74c65c94937a15a9d4c3ee14?s=96&d=mm&r=g\",\"contentUrl\":\"https:\/\/secure.gravatar.com\/avatar\/9489a485c464fd611d33825daae651d13db70c4e74c65c94937a15a9d4c3ee14?s=96&d=mm&r=g\",\"caption\":\"Redacci\u00f3\"},\"sameAs\":[\"http:\/\/gastronomicament.cat\"],\"url\":\"https:\/\/web2025.gastronomicament.cat\/de\/author\/admin\"}]}<\/script>\n<!-- \/ Yoast SEO plugin. -->","yoast_head_json":{"title":"Per qu\u00e8 s'ha fet viral el restaurant Annabel Mallorca? - Gastron\u00f2micament","description":"Per qu\u00e8 s'ha fet viral el restaurant Annabel Mallorca? Actualitat, Reportatges i novetats Ha bravejat d'haver fet un compte d'una taula de m\u00e9s de 60.000 euros","robots":{"index":"index","follow":"follow","max-snippet":"max-snippet:-1","max-image-preview":"max-image-preview:large","max-video-preview":"max-video-preview:-1"},"canonical":"https:\/\/web2025.gastronomicament.cat\/ca\/per-que-sha-fet-viral-el-restaurant-annabel-mallorca","og_locale":"de_DE","og_type":"article","og_title":"Per qu\u00e8 s'ha fet viral el restaurant Annabel Mallorca? - Gastron\u00f2micament","og_description":"Per qu\u00e8 s'ha fet viral el restaurant Annabel Mallorca? Actualitat, Reportatges i novetats Ha bravejat d'haver fet un compte d'una taula de m\u00e9s de 60.000 euros","og_url":"https:\/\/web2025.gastronomicament.cat\/ca\/per-que-sha-fet-viral-el-restaurant-annabel-mallorca","og_site_name":"Gastron\u00f2micament","article_published_time":"2025-09-04T06:04:45+00:00","article_modified_time":"2026-04-16T13:45:29+00:00","og_image":[{"width":1381,"height":624,"url":"https:\/\/web2025.gastronomicament.cat\/wp-content\/uploads\/2025\/09\/Annabel-Mallorca-Restaurant.jpg","type":"image\/jpeg"}],"author":"Redacci\u00f3","twitter_card":"summary_large_image","twitter_creator":"@gastronomicamen","twitter_site":"@gastronomicamen","twitter_misc":{"Verfasst von":"Redacci\u00f3","Gesch\u00e4tzte Lesezeit":"2\u00a0Minuten","Written by":"Redacci\u00f3"},"schema":{"@context":"https:\/\/schema.org","@graph":[{"@type":"Article","@id":"https:\/\/web2025.gastronomicament.cat\/ca\/per-que-sha-fet-viral-el-restaurant-annabel-mallorca#article","isPartOf":{"@id":"https:\/\/web2025.gastronomicament.cat\/ca\/per-que-sha-fet-viral-el-restaurant-annabel-mallorca"},"author":{"name":"Redacci\u00f3","@id":"https:\/\/web2025.gastronomicament.cat\/es\/#\/schema\/person\/a7c85c537a1ed62799a5b8e0f686a37f"},"headline":"Per qu\u00e8 s&#8217;ha fet viral el restaurant Annabel Mallorca?","datePublished":"2025-09-04T06:04:45+00:00","dateModified":"2026-04-16T13:45:29+00:00","mainEntityOfPage":{"@id":"https:\/\/web2025.gastronomicament.cat\/ca\/per-que-sha-fet-viral-el-restaurant-annabel-mallorca"},"wordCount":252,"commentCount":0,"publisher":{"@id":"https:\/\/web2025.gastronomicament.cat\/es\/#organization"},"image":{"@id":"https:\/\/web2025.gastronomicament.cat\/ca\/per-que-sha-fet-viral-el-restaurant-annabel-mallorca#primaryimage"},"thumbnailUrl":"https:\/\/web2025.gastronomicament.cat\/wp-content\/uploads\/2025\/09\/Annabel-Mallorca-Restaurant.jpg","articleSection":["Actualitat","Reportatges i novetats"],"inLanguage":"de","potentialAction":[{"@type":"CommentAction","name":"Comment","target":["https:\/\/web2025.gastronomicament.cat\/ca\/per-que-sha-fet-viral-el-restaurant-annabel-mallorca#respond"]}]},{"@type":"WebPage","@id":"https:\/\/web2025.gastronomicament.cat\/ca\/per-que-sha-fet-viral-el-restaurant-annabel-mallorca","url":"https:\/\/web2025.gastronomicament.cat\/ca\/per-que-sha-fet-viral-el-restaurant-annabel-mallorca","name":"Per qu\u00e8 s'ha fet viral el restaurant Annabel Mallorca? - Gastron\u00f2micament","isPartOf":{"@id":"https:\/\/web2025.gastronomicament.cat\/es\/#website"},"primaryImageOfPage":{"@id":"https:\/\/web2025.gastronomicament.cat\/ca\/per-que-sha-fet-viral-el-restaurant-annabel-mallorca#primaryimage"},"image":{"@id":"https:\/\/web2025.gastronomicament.cat\/ca\/per-que-sha-fet-viral-el-restaurant-annabel-mallorca#primaryimage"},"thumbnailUrl":"https:\/\/web2025.gastronomicament.cat\/wp-content\/uploads\/2025\/09\/Annabel-Mallorca-Restaurant.jpg","datePublished":"2025-09-04T06:04:45+00:00","dateModified":"2026-04-16T13:45:29+00:00","description":"Per qu\u00e8 s'ha fet viral el restaurant Annabel Mallorca? Actualitat, Reportatges i novetats Ha bravejat d'haver fet un compte d'una taula de m\u00e9s de 60.000 euros","inLanguage":"de","potentialAction":[{"@type":"ReadAction","target":["https:\/\/web2025.gastronomicament.cat\/ca\/per-que-sha-fet-viral-el-restaurant-annabel-mallorca"]}]},{"@type":"ImageObject","inLanguage":"de","@id":"https:\/\/web2025.gastronomicament.cat\/ca\/per-que-sha-fet-viral-el-restaurant-annabel-mallorca#primaryimage","url":"https:\/\/web2025.gastronomicament.cat\/wp-content\/uploads\/2025\/09\/Annabel-Mallorca-Restaurant.jpg","contentUrl":"https:\/\/web2025.gastronomicament.cat\/wp-content\/uploads\/2025\/09\/Annabel-Mallorca-Restaurant.jpg","width":1381,"height":624},{"@type":"WebSite","@id":"https:\/\/web2025.gastronomicament.cat\/es\/#website","url":"https:\/\/web2025.gastronomicament.cat\/es\/","name":"Gastron\u00f2micament","description":"Portal de restaurants, receptes i actualitat gastron\u00f2mica","publisher":{"@id":"https:\/\/web2025.gastronomicament.cat\/es\/#organization"},"potentialAction":[{"@type":"SearchAction","target":{"@type":"EntryPoint","urlTemplate":"https:\/\/web2025.gastronomicament.cat\/es\/?s={search_term_string}"},"query-input":{"@type":"PropertyValueSpecification","valueRequired":true,"valueName":"search_term_string"}}],"inLanguage":"de"},{"@type":"Organization","@id":"https:\/\/web2025.gastronomicament.cat\/es\/#organization","name":"Gastron\u00f2micament","url":"https:\/\/web2025.gastronomicament.cat\/es\/","logo":{"@type":"ImageObject","inLanguage":"de","@id":"https:\/\/web2025.gastronomicament.cat\/es\/#\/schema\/logo\/image\/","url":"https:\/\/web2025.gastronomicament.cat\/wp-content\/uploads\/2016\/09\/header-logo.jpg","contentUrl":"https:\/\/web2025.gastronomicament.cat\/wp-content\/uploads\/2016\/09\/header-logo.jpg","width":277,"height":39,"caption":"Gastron\u00f2micament"},"image":{"@id":"https:\/\/web2025.gastronomicament.cat\/es\/#\/schema\/logo\/image\/"},"sameAs":["https:\/\/x.com\/gastronomicamen"]},{"@type":"Person","@id":"https:\/\/web2025.gastronomicament.cat\/es\/#\/schema\/person\/a7c85c537a1ed62799a5b8e0f686a37f","name":"Redacci\u00f3","image":{"@type":"ImageObject","inLanguage":"de","@id":"https:\/\/secure.gravatar.com\/avatar\/9489a485c464fd611d33825daae651d13db70c4e74c65c94937a15a9d4c3ee14?s=96&d=mm&r=g69fea3cce3645dfa2166e7293e22955e","url":"https:\/\/secure.gravatar.com\/avatar\/9489a485c464fd611d33825daae651d13db70c4e74c65c94937a15a9d4c3ee14?s=96&d=mm&r=g","contentUrl":"https:\/\/secure.gravatar.com\/avatar\/9489a485c464fd611d33825daae651d13db70c4e74c65c94937a15a9d4c3ee14?s=96&d=mm&r=g","caption":"Redacci\u00f3"},"sameAs":["http:\/\/gastronomicament.cat"],"url":"https:\/\/web2025.gastronomicament.cat\/de\/author\/admin"}]}},"_links":{"self":[{"href":"https:\/\/web2025.gastronomicament.cat\/de\/wp-json\/wp\/v2\/posts\/102479","targetHints":{"allow":["GET"]}}],"collection":[{"href":"https:\/\/web2025.gastronomicament.cat\/de\/wp-json\/wp\/v2\/posts"}],"about":[{"href":"https:\/\/web2025.gastronomicament.cat\/de\/wp-json\/wp\/v2\/types\/post"}],"author":[{"embeddable":true,"href":"https:\/\/web2025.gastronomicament.cat\/de\/wp-json\/wp\/v2\/users\/1"}],"replies":[{"embeddable":true,"href":"https:\/\/web2025.gastronomicament.cat\/de\/wp-json\/wp\/v2\/comments?post=102479"}],"version-history":[{"count":0,"href":"https:\/\/web2025.gastronomicament.cat\/de\/wp-json\/wp\/v2\/posts\/102479\/revisions"}],"acf:attachment":[{"embeddable":true,"href":"https:\/\/web2025.gastronomicament.cat\/de\/wp-json\/wp\/v2\/media\/102489"},{"embeddable":true,"href":"https:\/\/web2025.gastronomicament.cat\/de\/wp-json\/wp\/v2\/media\/102485"}],"wp:featuredmedia":[{"embeddable":true,"href":"https:\/\/web2025.gastronomicament.cat\/de\/wp-json\/wp\/v2\/media\/102481"}],"wp:attachment":[{"href":"https:\/\/web2025.gastronomicament.cat\/de\/wp-json\/wp\/v2\/media?parent=102479"}],"wp:term":[{"taxonomy":"category","embeddable":true,"href":"https:\/\/web2025.gastronomicament.cat\/de\/wp-json\/wp\/v2\/categories?post=102479"},{"taxonomy":"post_tag","embeddable":true,"href":"https:\/\/web2025.gastronomicament.cat\/de\/wp-json\/wp\/v2\/tags?post=102479"},{"taxonomy":"author","embeddable":true,"href":"https:\/\/web2025.gastronomicament.cat\/de\/wp-json\/wp\/v2\/coauthors?post=102479"}],"curies":[{"name":"wp","href":"https:\/\/api.w.org\/{rel}","templated":true}]}}