{"id":100860,"date":"2025-03-24T11:45:25","date_gmt":"2025-03-24T10:45:25","guid":{"rendered":"https:\/\/web2025.gastronomicament.cat\/inici-al-tast-de-vi-un-viatge-al-mon-del-vi"},"modified":"2026-04-12T20:44:20","modified_gmt":"2026-04-12T18:44:20","slug":"inici-al-tast-de-vi-un-viatge-al-mon-del-vi","status":"publish","type":"post","link":"https:\/\/web2025.gastronomicament.cat\/de\/inici-al-tast-de-vi-un-viatge-al-mon-del-vi","title":{"rendered":"Inici al tast de vi: Un viatge al m\u00f3n del vi"},"content":{"rendered":"<p>L\u2019<strong>en\u00f2leg Andreu Oliver\u00a0<\/strong>va impartir el curs\u00a0\u00a0<strong>Inici al tast de vi\u00a0<\/strong>els dies 19 i 20 de mar\u00e7, a la sala d\u2019actes de la Miseric\u00f2rdia de Palma\u00a0\u00a0Aquesta formaci\u00f3 ha perm\u00e8s als participants endinsar-se en el fascinant univers del vi, descobrir-ne les caracter\u00edstiques essencials i aprofundir en els processos que hi ha darrere de cada copa.<\/p>\n<p>Durant el curs, els assistents varen\u00a0tenir l\u2019oportunitat de<strong>\u00a0tastar una selecci\u00f3 de vins blancs, rosats i negres<\/strong>, alhora que coneixien aspectes fonamentals com els diferents tipus de vi, la seva composici\u00f3 i elaboraci\u00f3. A m\u00e9s, Andreu Oliver va tractar en detall la verema, els processos de fermentaci\u00f3 i la crian\u00e7a, elements clau que defineixen la qualitat i el car\u00e0cter de cada vi.<\/p>\n<p>Aquest esdeveniment ha estat una experi\u00e8ncia enriquidora per a tots els participants, i es consolida com una gran oportunitat per aprendre i gaudir del vi amb una nova perspectiva.<\/p>\n","protected":false},"excerpt":{"rendered":"<p>Els assistents conegueren aspectes fonamentals com els diferents tipus de vi, la seva composici\u00f3 i elaboraci\u00f3<\/p>\n","protected":false},"author":1,"featured_media":100864,"comment_status":"open","ping_status":"open","sticky":false,"template":"","format":"standard","meta":{"_acf_changed":false,"_swt_meta_header_display":false,"_swt_meta_footer_display":false,"_swt_meta_site_title_display":false,"_swt_meta_sticky_header":false,"_swt_meta_transparent_header":false,"footnotes":""},"categories":[692,955],"tags":[],"coauthors":[2053],"class_list":["post-100860","post","type-post","status-publish","format-standard","has-post-thumbnail","hentry","category-actualitat","category-reportatges-i-novetats"],"acf":{"gallery":null,"home_date":{"home_begin_date":null,"home_end_date":null}},"yoast_head":"<!-- This site is optimized with the Yoast SEO plugin v27.2 - https:\/\/yoast.com\/product\/yoast-seo-wordpress\/ -->\n<title>Inici al tast de vi: Un viatge al m\u00f3n del vi - Gastron\u00f2micament<\/title>\n<meta name=\"description\" content=\"Inici al tast de vi: Un viatge al m\u00f3n del vi Actualitat, Reportatges i novetats Els assistents conegueren aspectes fonamentals com els diferents tipus de vi, la seva composici\u00f3 i elaboraci\u00f3\" \/>\n<meta name=\"robots\" content=\"index, follow, max-snippet:-1, max-image-preview:large, max-video-preview:-1\" \/>\n<link rel=\"canonical\" href=\"https:\/\/web2025.gastronomicament.cat\/ca\/inici-al-tast-de-vi-un-viatge-al-mon-del-vi\" \/>\n<meta property=\"og:locale\" content=\"de_DE\" \/>\n<meta property=\"og:type\" content=\"article\" \/>\n<meta property=\"og:title\" content=\"Inici al tast de vi: Un viatge al m\u00f3n del vi - Gastron\u00f2micament\" \/>\n<meta property=\"og:description\" content=\"Inici al tast de vi: Un viatge al m\u00f3n del vi Actualitat, Reportatges i novetats Els assistents conegueren aspectes fonamentals com els diferents tipus de vi, la seva composici\u00f3 i elaboraci\u00f3\" \/>\n<meta property=\"og:url\" content=\"https:\/\/web2025.gastronomicament.cat\/ca\/inici-al-tast-de-vi-un-viatge-al-mon-del-vi\" \/>\n<meta property=\"og:site_name\" content=\"Gastron\u00f2micament\" \/>\n<meta property=\"article:published_time\" content=\"2025-03-24T10:45:25+00:00\" \/>\n<meta property=\"article:modified_time\" content=\"2026-04-12T18:44:20+00:00\" \/>\n<meta property=\"og:image\" content=\"https:\/\/web2025.gastronomicament.cat\/wp-content\/uploads\/2025\/03\/Andreu-Oliver-Majoral-DOP-Pla-i-Llevant-Mallorca-2025.jpg\" \/>\n\t<meta property=\"og:image:width\" content=\"800\" \/>\n\t<meta property=\"og:image:height\" content=\"450\" \/>\n\t<meta property=\"og:image:type\" content=\"image\/jpeg\" \/>\n<meta name=\"author\" content=\"Redacci\u00f3\" \/>\n<meta name=\"twitter:card\" content=\"summary_large_image\" \/>\n<meta name=\"twitter:creator\" content=\"@gastronomicamen\" \/>\n<meta name=\"twitter:site\" content=\"@gastronomicamen\" \/>\n<meta name=\"twitter:label1\" content=\"Verfasst von\" \/>\n\t<meta name=\"twitter:data1\" content=\"Redacci\u00f3\" \/>\n\t<meta name=\"twitter:label2\" content=\"Gesch\u00e4tzte Lesezeit\" \/>\n\t<meta name=\"twitter:data2\" content=\"1\u00a0Minute\" \/>\n\t<meta name=\"twitter:label3\" content=\"Written by\" \/>\n\t<meta name=\"twitter:data3\" content=\"Redacci\u00f3\" \/>\n<script type=\"application\/ld+json\" class=\"yoast-schema-graph\">{\"@context\":\"https:\/\/schema.org\",\"@graph\":[{\"@type\":\"Article\",\"@id\":\"https:\/\/web2025.gastronomicament.cat\/ca\/inici-al-tast-de-vi-un-viatge-al-mon-del-vi#article\",\"isPartOf\":{\"@id\":\"https:\/\/web2025.gastronomicament.cat\/ca\/inici-al-tast-de-vi-un-viatge-al-mon-del-vi\"},\"author\":{\"name\":\"Redacci\u00f3\",\"@id\":\"https:\/\/web2025.gastronomicament.cat\/es\/#\/schema\/person\/a7c85c537a1ed62799a5b8e0f686a37f\"},\"headline\":\"Inici al tast de vi: Un viatge al m\u00f3n del vi\",\"datePublished\":\"2025-03-24T10:45:25+00:00\",\"dateModified\":\"2026-04-12T18:44:20+00:00\",\"mainEntityOfPage\":{\"@id\":\"https:\/\/web2025.gastronomicament.cat\/ca\/inici-al-tast-de-vi-un-viatge-al-mon-del-vi\"},\"wordCount\":170,\"commentCount\":0,\"publisher\":{\"@id\":\"https:\/\/web2025.gastronomicament.cat\/es\/#organization\"},\"image\":{\"@id\":\"https:\/\/web2025.gastronomicament.cat\/ca\/inici-al-tast-de-vi-un-viatge-al-mon-del-vi#primaryimage\"},\"thumbnailUrl\":\"https:\/\/web2025.gastronomicament.cat\/wp-content\/uploads\/2025\/03\/Andreu-Oliver-Majoral-DOP-Pla-i-Llevant-Mallorca-2025.jpg\",\"articleSection\":[\"Actualitat\",\"Reportatges i novetats\"],\"inLanguage\":\"de\",\"potentialAction\":[{\"@type\":\"CommentAction\",\"name\":\"Comment\",\"target\":[\"https:\/\/web2025.gastronomicament.cat\/ca\/inici-al-tast-de-vi-un-viatge-al-mon-del-vi#respond\"]}]},{\"@type\":\"WebPage\",\"@id\":\"https:\/\/web2025.gastronomicament.cat\/ca\/inici-al-tast-de-vi-un-viatge-al-mon-del-vi\",\"url\":\"https:\/\/web2025.gastronomicament.cat\/ca\/inici-al-tast-de-vi-un-viatge-al-mon-del-vi\",\"name\":\"Inici al tast de vi: Un viatge al m\u00f3n del vi - Gastron\u00f2micament\",\"isPartOf\":{\"@id\":\"https:\/\/web2025.gastronomicament.cat\/es\/#website\"},\"primaryImageOfPage\":{\"@id\":\"https:\/\/web2025.gastronomicament.cat\/ca\/inici-al-tast-de-vi-un-viatge-al-mon-del-vi#primaryimage\"},\"image\":{\"@id\":\"https:\/\/web2025.gastronomicament.cat\/ca\/inici-al-tast-de-vi-un-viatge-al-mon-del-vi#primaryimage\"},\"thumbnailUrl\":\"https:\/\/web2025.gastronomicament.cat\/wp-content\/uploads\/2025\/03\/Andreu-Oliver-Majoral-DOP-Pla-i-Llevant-Mallorca-2025.jpg\",\"datePublished\":\"2025-03-24T10:45:25+00:00\",\"dateModified\":\"2026-04-12T18:44:20+00:00\",\"description\":\"Inici al tast de vi: Un viatge al m\u00f3n del vi Actualitat, Reportatges i novetats Els assistents conegueren aspectes fonamentals com els diferents tipus de vi, la seva composici\u00f3 i elaboraci\u00f3\",\"inLanguage\":\"de\",\"potentialAction\":[{\"@type\":\"ReadAction\",\"target\":[\"https:\/\/web2025.gastronomicament.cat\/ca\/inici-al-tast-de-vi-un-viatge-al-mon-del-vi\"]}]},{\"@type\":\"ImageObject\",\"inLanguage\":\"de\",\"@id\":\"https:\/\/web2025.gastronomicament.cat\/ca\/inici-al-tast-de-vi-un-viatge-al-mon-del-vi#primaryimage\",\"url\":\"https:\/\/web2025.gastronomicament.cat\/wp-content\/uploads\/2025\/03\/Andreu-Oliver-Majoral-DOP-Pla-i-Llevant-Mallorca-2025.jpg\",\"contentUrl\":\"https:\/\/web2025.gastronomicament.cat\/wp-content\/uploads\/2025\/03\/Andreu-Oliver-Majoral-DOP-Pla-i-Llevant-Mallorca-2025.jpg\",\"width\":800,\"height\":450,\"caption\":\"filter: 0; fileterIntensity: 0.0; filterMask: 0; captureOrientation: 0; module: photo; hw-remosaic: false; touch: (-1.0, -1.0); modeInfo: ; sceneMode: 8; cct_value: 5562; AI_Scene: (-1, -1); aec_lux: 266.0; aec_lux_index: 0; hist255: 0.0; hist252~255: 0.0; hist0~15: 0.0; albedo: ; confidence: ; motionLevel: 0; weatherinfo: null; temperature: 33;\"},{\"@type\":\"WebSite\",\"@id\":\"https:\/\/web2025.gastronomicament.cat\/es\/#website\",\"url\":\"https:\/\/web2025.gastronomicament.cat\/es\/\",\"name\":\"Gastron\u00f2micament\",\"description\":\"Portal de restaurants, receptes i actualitat gastron\u00f2mica\",\"publisher\":{\"@id\":\"https:\/\/web2025.gastronomicament.cat\/es\/#organization\"},\"potentialAction\":[{\"@type\":\"SearchAction\",\"target\":{\"@type\":\"EntryPoint\",\"urlTemplate\":\"https:\/\/web2025.gastronomicament.cat\/es\/?s={search_term_string}\"},\"query-input\":{\"@type\":\"PropertyValueSpecification\",\"valueRequired\":true,\"valueName\":\"search_term_string\"}}],\"inLanguage\":\"de\"},{\"@type\":\"Organization\",\"@id\":\"https:\/\/web2025.gastronomicament.cat\/es\/#organization\",\"name\":\"Gastron\u00f2micament\",\"url\":\"https:\/\/web2025.gastronomicament.cat\/es\/\",\"logo\":{\"@type\":\"ImageObject\",\"inLanguage\":\"de\",\"@id\":\"https:\/\/web2025.gastronomicament.cat\/es\/#\/schema\/logo\/image\/\",\"url\":\"https:\/\/web2025.gastronomicament.cat\/wp-content\/uploads\/2016\/09\/header-logo.jpg\",\"contentUrl\":\"https:\/\/web2025.gastronomicament.cat\/wp-content\/uploads\/2016\/09\/header-logo.jpg\",\"width\":277,\"height\":39,\"caption\":\"Gastron\u00f2micament\"},\"image\":{\"@id\":\"https:\/\/web2025.gastronomicament.cat\/es\/#\/schema\/logo\/image\/\"},\"sameAs\":[\"https:\/\/x.com\/gastronomicamen\"]},{\"@type\":\"Person\",\"@id\":\"https:\/\/web2025.gastronomicament.cat\/es\/#\/schema\/person\/a7c85c537a1ed62799a5b8e0f686a37f\",\"name\":\"Redacci\u00f3\",\"image\":{\"@type\":\"ImageObject\",\"inLanguage\":\"de\",\"@id\":\"https:\/\/secure.gravatar.com\/avatar\/9489a485c464fd611d33825daae651d13db70c4e74c65c94937a15a9d4c3ee14?s=96&d=mm&r=g69fea3cce3645dfa2166e7293e22955e\",\"url\":\"https:\/\/secure.gravatar.com\/avatar\/9489a485c464fd611d33825daae651d13db70c4e74c65c94937a15a9d4c3ee14?s=96&d=mm&r=g\",\"contentUrl\":\"https:\/\/secure.gravatar.com\/avatar\/9489a485c464fd611d33825daae651d13db70c4e74c65c94937a15a9d4c3ee14?s=96&d=mm&r=g\",\"caption\":\"Redacci\u00f3\"},\"sameAs\":[\"http:\/\/gastronomicament.cat\"],\"url\":\"https:\/\/web2025.gastronomicament.cat\/de\/author\/admin\"}]}<\/script>\n<!-- \/ Yoast SEO plugin. -->","yoast_head_json":{"title":"Inici al tast de vi: Un viatge al m\u00f3n del vi - Gastron\u00f2micament","description":"Inici al tast de vi: Un viatge al m\u00f3n del vi Actualitat, Reportatges i novetats Els assistents conegueren aspectes fonamentals com els diferents tipus de vi, la seva composici\u00f3 i elaboraci\u00f3","robots":{"index":"index","follow":"follow","max-snippet":"max-snippet:-1","max-image-preview":"max-image-preview:large","max-video-preview":"max-video-preview:-1"},"canonical":"https:\/\/web2025.gastronomicament.cat\/ca\/inici-al-tast-de-vi-un-viatge-al-mon-del-vi","og_locale":"de_DE","og_type":"article","og_title":"Inici al tast de vi: Un viatge al m\u00f3n del vi - Gastron\u00f2micament","og_description":"Inici al tast de vi: Un viatge al m\u00f3n del vi Actualitat, Reportatges i novetats Els assistents conegueren aspectes fonamentals com els diferents tipus de vi, la seva composici\u00f3 i elaboraci\u00f3","og_url":"https:\/\/web2025.gastronomicament.cat\/ca\/inici-al-tast-de-vi-un-viatge-al-mon-del-vi","og_site_name":"Gastron\u00f2micament","article_published_time":"2025-03-24T10:45:25+00:00","article_modified_time":"2026-04-12T18:44:20+00:00","og_image":[{"width":800,"height":450,"url":"https:\/\/web2025.gastronomicament.cat\/wp-content\/uploads\/2025\/03\/Andreu-Oliver-Majoral-DOP-Pla-i-Llevant-Mallorca-2025.jpg","type":"image\/jpeg"}],"author":"Redacci\u00f3","twitter_card":"summary_large_image","twitter_creator":"@gastronomicamen","twitter_site":"@gastronomicamen","twitter_misc":{"Verfasst von":"Redacci\u00f3","Gesch\u00e4tzte Lesezeit":"1\u00a0Minute","Written by":"Redacci\u00f3"},"schema":{"@context":"https:\/\/schema.org","@graph":[{"@type":"Article","@id":"https:\/\/web2025.gastronomicament.cat\/ca\/inici-al-tast-de-vi-un-viatge-al-mon-del-vi#article","isPartOf":{"@id":"https:\/\/web2025.gastronomicament.cat\/ca\/inici-al-tast-de-vi-un-viatge-al-mon-del-vi"},"author":{"name":"Redacci\u00f3","@id":"https:\/\/web2025.gastronomicament.cat\/es\/#\/schema\/person\/a7c85c537a1ed62799a5b8e0f686a37f"},"headline":"Inici al tast de vi: Un viatge al m\u00f3n del vi","datePublished":"2025-03-24T10:45:25+00:00","dateModified":"2026-04-12T18:44:20+00:00","mainEntityOfPage":{"@id":"https:\/\/web2025.gastronomicament.cat\/ca\/inici-al-tast-de-vi-un-viatge-al-mon-del-vi"},"wordCount":170,"commentCount":0,"publisher":{"@id":"https:\/\/web2025.gastronomicament.cat\/es\/#organization"},"image":{"@id":"https:\/\/web2025.gastronomicament.cat\/ca\/inici-al-tast-de-vi-un-viatge-al-mon-del-vi#primaryimage"},"thumbnailUrl":"https:\/\/web2025.gastronomicament.cat\/wp-content\/uploads\/2025\/03\/Andreu-Oliver-Majoral-DOP-Pla-i-Llevant-Mallorca-2025.jpg","articleSection":["Actualitat","Reportatges i novetats"],"inLanguage":"de","potentialAction":[{"@type":"CommentAction","name":"Comment","target":["https:\/\/web2025.gastronomicament.cat\/ca\/inici-al-tast-de-vi-un-viatge-al-mon-del-vi#respond"]}]},{"@type":"WebPage","@id":"https:\/\/web2025.gastronomicament.cat\/ca\/inici-al-tast-de-vi-un-viatge-al-mon-del-vi","url":"https:\/\/web2025.gastronomicament.cat\/ca\/inici-al-tast-de-vi-un-viatge-al-mon-del-vi","name":"Inici al tast de vi: Un viatge al m\u00f3n del vi - Gastron\u00f2micament","isPartOf":{"@id":"https:\/\/web2025.gastronomicament.cat\/es\/#website"},"primaryImageOfPage":{"@id":"https:\/\/web2025.gastronomicament.cat\/ca\/inici-al-tast-de-vi-un-viatge-al-mon-del-vi#primaryimage"},"image":{"@id":"https:\/\/web2025.gastronomicament.cat\/ca\/inici-al-tast-de-vi-un-viatge-al-mon-del-vi#primaryimage"},"thumbnailUrl":"https:\/\/web2025.gastronomicament.cat\/wp-content\/uploads\/2025\/03\/Andreu-Oliver-Majoral-DOP-Pla-i-Llevant-Mallorca-2025.jpg","datePublished":"2025-03-24T10:45:25+00:00","dateModified":"2026-04-12T18:44:20+00:00","description":"Inici al tast de vi: Un viatge al m\u00f3n del vi Actualitat, Reportatges i novetats Els assistents conegueren aspectes fonamentals com els diferents tipus de vi, la seva composici\u00f3 i elaboraci\u00f3","inLanguage":"de","potentialAction":[{"@type":"ReadAction","target":["https:\/\/web2025.gastronomicament.cat\/ca\/inici-al-tast-de-vi-un-viatge-al-mon-del-vi"]}]},{"@type":"ImageObject","inLanguage":"de","@id":"https:\/\/web2025.gastronomicament.cat\/ca\/inici-al-tast-de-vi-un-viatge-al-mon-del-vi#primaryimage","url":"https:\/\/web2025.gastronomicament.cat\/wp-content\/uploads\/2025\/03\/Andreu-Oliver-Majoral-DOP-Pla-i-Llevant-Mallorca-2025.jpg","contentUrl":"https:\/\/web2025.gastronomicament.cat\/wp-content\/uploads\/2025\/03\/Andreu-Oliver-Majoral-DOP-Pla-i-Llevant-Mallorca-2025.jpg","width":800,"height":450,"caption":"filter: 0; fileterIntensity: 0.0; filterMask: 0; captureOrientation: 0; module: photo; hw-remosaic: false; touch: (-1.0, -1.0); modeInfo: ; sceneMode: 8; cct_value: 5562; AI_Scene: (-1, -1); aec_lux: 266.0; aec_lux_index: 0; hist255: 0.0; hist252~255: 0.0; hist0~15: 0.0; albedo: ; confidence: ; motionLevel: 0; weatherinfo: null; temperature: 33;"},{"@type":"WebSite","@id":"https:\/\/web2025.gastronomicament.cat\/es\/#website","url":"https:\/\/web2025.gastronomicament.cat\/es\/","name":"Gastron\u00f2micament","description":"Portal de restaurants, receptes i actualitat gastron\u00f2mica","publisher":{"@id":"https:\/\/web2025.gastronomicament.cat\/es\/#organization"},"potentialAction":[{"@type":"SearchAction","target":{"@type":"EntryPoint","urlTemplate":"https:\/\/web2025.gastronomicament.cat\/es\/?s={search_term_string}"},"query-input":{"@type":"PropertyValueSpecification","valueRequired":true,"valueName":"search_term_string"}}],"inLanguage":"de"},{"@type":"Organization","@id":"https:\/\/web2025.gastronomicament.cat\/es\/#organization","name":"Gastron\u00f2micament","url":"https:\/\/web2025.gastronomicament.cat\/es\/","logo":{"@type":"ImageObject","inLanguage":"de","@id":"https:\/\/web2025.gastronomicament.cat\/es\/#\/schema\/logo\/image\/","url":"https:\/\/web2025.gastronomicament.cat\/wp-content\/uploads\/2016\/09\/header-logo.jpg","contentUrl":"https:\/\/web2025.gastronomicament.cat\/wp-content\/uploads\/2016\/09\/header-logo.jpg","width":277,"height":39,"caption":"Gastron\u00f2micament"},"image":{"@id":"https:\/\/web2025.gastronomicament.cat\/es\/#\/schema\/logo\/image\/"},"sameAs":["https:\/\/x.com\/gastronomicamen"]},{"@type":"Person","@id":"https:\/\/web2025.gastronomicament.cat\/es\/#\/schema\/person\/a7c85c537a1ed62799a5b8e0f686a37f","name":"Redacci\u00f3","image":{"@type":"ImageObject","inLanguage":"de","@id":"https:\/\/secure.gravatar.com\/avatar\/9489a485c464fd611d33825daae651d13db70c4e74c65c94937a15a9d4c3ee14?s=96&d=mm&r=g69fea3cce3645dfa2166e7293e22955e","url":"https:\/\/secure.gravatar.com\/avatar\/9489a485c464fd611d33825daae651d13db70c4e74c65c94937a15a9d4c3ee14?s=96&d=mm&r=g","contentUrl":"https:\/\/secure.gravatar.com\/avatar\/9489a485c464fd611d33825daae651d13db70c4e74c65c94937a15a9d4c3ee14?s=96&d=mm&r=g","caption":"Redacci\u00f3"},"sameAs":["http:\/\/gastronomicament.cat"],"url":"https:\/\/web2025.gastronomicament.cat\/de\/author\/admin"}]}},"_links":{"self":[{"href":"https:\/\/web2025.gastronomicament.cat\/de\/wp-json\/wp\/v2\/posts\/100860","targetHints":{"allow":["GET"]}}],"collection":[{"href":"https:\/\/web2025.gastronomicament.cat\/de\/wp-json\/wp\/v2\/posts"}],"about":[{"href":"https:\/\/web2025.gastronomicament.cat\/de\/wp-json\/wp\/v2\/types\/post"}],"author":[{"embeddable":true,"href":"https:\/\/web2025.gastronomicament.cat\/de\/wp-json\/wp\/v2\/users\/1"}],"replies":[{"embeddable":true,"href":"https:\/\/web2025.gastronomicament.cat\/de\/wp-json\/wp\/v2\/comments?post=100860"}],"version-history":[{"count":0,"href":"https:\/\/web2025.gastronomicament.cat\/de\/wp-json\/wp\/v2\/posts\/100860\/revisions"}],"wp:featuredmedia":[{"embeddable":true,"href":"https:\/\/web2025.gastronomicament.cat\/de\/wp-json\/wp\/v2\/media\/100864"}],"wp:attachment":[{"href":"https:\/\/web2025.gastronomicament.cat\/de\/wp-json\/wp\/v2\/media?parent=100860"}],"wp:term":[{"taxonomy":"category","embeddable":true,"href":"https:\/\/web2025.gastronomicament.cat\/de\/wp-json\/wp\/v2\/categories?post=100860"},{"taxonomy":"post_tag","embeddable":true,"href":"https:\/\/web2025.gastronomicament.cat\/de\/wp-json\/wp\/v2\/tags?post=100860"},{"taxonomy":"author","embeddable":true,"href":"https:\/\/web2025.gastronomicament.cat\/de\/wp-json\/wp\/v2\/coauthors?post=100860"}],"curies":[{"name":"wp","href":"https:\/\/api.w.org\/{rel}","templated":true}]}}