{"id":100485,"date":"2025-01-09T08:36:59","date_gmt":"2025-01-09T07:36:59","guid":{"rendered":"https:\/\/web2025.gastronomicament.cat\/curs-per-aprendre-a-identificar-els-vins-de-mallorca"},"modified":"2026-04-12T20:44:15","modified_gmt":"2026-04-12T18:44:15","slug":"curs-per-aprendre-a-identificar-els-vins-de-mallorca","status":"publish","type":"post","link":"https:\/\/web2025.gastronomicament.cat\/de\/curs-per-aprendre-a-identificar-els-vins-de-mallorca","title":{"rendered":"Curs per aprendre a identificar els vins de Mallorca"},"content":{"rendered":"<p>La denominaci\u00f3 d&#8217;origen Pla i Llevant ha organitzat un curs concebut per identificar les caracter\u00edstiques organol\u00e8ptiques dels vins elaborats a Mallorca referits especialment a aquells que s\u00f3n elaborats pels cellers establerts a la zona del Pla i Llevant i que formen part de la denominaci\u00f3 d\u2019origen.<\/p>\n<p>A m\u00e9s de de con\u00e8ixer les caracter\u00edstiques de gust, aroma i color, els assistents tamb\u00e9 podran adquirir destreses de tast per poder participar en un concurs de tast de vins a cegues que es far\u00e0 a la primavera vinent sobre vins del Pla i Llevant.<\/p>\n<p>En aquests cursos es vol llevar la solemnitat que moltes vegades acompanyen al tast de vins que sovint es presenten com a massa encorsetats i es difonen uns coneixements als que sembla que just hi poden accedir els elegits. A aquests tasts es presentaran d\u2019una manera l\u00fadica, com un joc divertit en el qual es dona el protagonisme al vi d\u2019una manera natural i poc afectada perqu\u00e8 tothom pugui ser conscient que amb un poc de dedicaci\u00f3 i afici\u00f3 els vins ens podem explicar molts aspectes sobre com han estat elaborats.<\/p>\n<p>La din\u00e0mica d\u2019aquest curs consisitir\u00e0 en dues sessions, que es faran els\u00a0<strong>dies 29 i 30 de gener<\/strong>,\u00a0<strong>entre les 19 i 20:30 h<\/strong>, a la sala d\u2019actes de l\u2019edifici de la\u00a0<strong>Miseric\u00f2rdia<\/strong>\u00a0de Palma, del Consell de Mallorca.<\/p>\n<p>El curs ser\u00e0 condu\u00eft per l\u2019en\u00f2loga\u00a0<strong>Carmina Sender<\/strong>\u00a0del celler Bordoy de Llucmajor. El primer dia es dedicar\u00e0 als vins blancs i el segon als negres. A cada sessi\u00f3 es presentaran tres vins dels que es comentaran el seu proc\u00e9s d\u2019elaboraci\u00f3 a la vinya i al celler: maduraci\u00f3, verema, fermentaci\u00f3 i crian\u00e7a, com tamb\u00e9 els aspectes organol\u00e8ptics. Una vegada comentats aquests vins es far\u00e0 un tast a cegues de tres vins m\u00e9s sobre els quals els participants hauran de contestar una s\u00e8rie de preguntes sobre tipus de color, intensitat i tipus d\u2019aromes i tipus de crian\u00e7a. Aquests vins inc\u00f2gnita podran ser d\u2019altres denominacions d\u2019origen del pa\u00eds o estrangers. La persona que hagi encertat una major quantitat de caracter\u00edstiques del vi ser\u00e0 obsequiada amb una botella de vi.<\/p>\n<p>Les\u00a0<strong>inscripcions<\/strong>\u00a0al tast es poden fer a trav\u00e9s de la web:\u00a0<a href=\"https:\/\/ticketib.com\/events\/com-identificar-els-vins-fets-a-mallorca\" target=\"_blank\" rel=\"noopener\">https:\/\/ticketib.com\/events\/com-identificar-els-vins-fets-a-mallorca<\/a>\u00a0al preu de\u00a0<strong>20 euros<\/strong>\u00a0per als dos dies. Places limitades a la capacitat de la sala. I a gaudir del joc del vi!<\/p>\n","protected":false},"excerpt":{"rendered":"<p>Es far\u00e0 a Palma els dies 29 i 30 de gener<\/p>\n","protected":false},"author":1,"featured_media":100486,"comment_status":"open","ping_status":"open","sticky":false,"template":"","format":"standard","meta":{"_acf_changed":false,"_swt_meta_header_display":false,"_swt_meta_footer_display":false,"_swt_meta_site_title_display":false,"_swt_meta_sticky_header":false,"_swt_meta_transparent_header":false,"footnotes":""},"categories":[692,955],"tags":[],"coauthors":[2053],"class_list":["post-100485","post","type-post","status-publish","format-standard","has-post-thumbnail","hentry","category-actualitat","category-reportatges-i-novetats"],"acf":{"gallery":null,"home_date":{"home_begin_date":null,"home_end_date":null}},"yoast_head":"<!-- This site is optimized with the Yoast SEO plugin v27.2 - https:\/\/yoast.com\/product\/yoast-seo-wordpress\/ -->\n<title>Curs per aprendre a identificar els vins de Mallorca - Gastron\u00f2micament<\/title>\n<meta name=\"description\" content=\"Curs per aprendre a identificar els vins de Mallorca Actualitat, Reportatges i novetats Es far\u00e0 a Palma els dies 29 i 30 de gener\" \/>\n<meta name=\"robots\" content=\"index, follow, max-snippet:-1, max-image-preview:large, max-video-preview:-1\" \/>\n<link rel=\"canonical\" href=\"https:\/\/web2025.gastronomicament.cat\/ca\/curs-per-aprendre-a-identificar-els-vins-de-mallorca\" \/>\n<meta property=\"og:locale\" content=\"de_DE\" \/>\n<meta property=\"og:type\" content=\"article\" \/>\n<meta property=\"og:title\" content=\"Curs per aprendre a identificar els vins de Mallorca - Gastron\u00f2micament\" \/>\n<meta property=\"og:description\" content=\"Curs per aprendre a identificar els vins de Mallorca Actualitat, Reportatges i novetats Es far\u00e0 a Palma els dies 29 i 30 de gener\" \/>\n<meta property=\"og:url\" content=\"https:\/\/web2025.gastronomicament.cat\/ca\/curs-per-aprendre-a-identificar-els-vins-de-mallorca\" \/>\n<meta property=\"og:site_name\" content=\"Gastron\u00f2micament\" \/>\n<meta property=\"article:published_time\" content=\"2025-01-09T07:36:59+00:00\" \/>\n<meta property=\"article:modified_time\" content=\"2026-04-12T18:44:15+00:00\" \/>\n<meta property=\"og:image\" content=\"https:\/\/web2025.gastronomicament.cat\/wp-content\/uploads\/2025\/01\/Vins-a-Mallorca-1.jpg\" \/>\n\t<meta property=\"og:image:width\" content=\"1200\" \/>\n\t<meta property=\"og:image:height\" content=\"695\" \/>\n\t<meta property=\"og:image:type\" content=\"image\/jpeg\" \/>\n<meta name=\"author\" content=\"Redacci\u00f3\" \/>\n<meta name=\"twitter:card\" content=\"summary_large_image\" \/>\n<meta name=\"twitter:creator\" content=\"@gastronomicamen\" \/>\n<meta name=\"twitter:site\" content=\"@gastronomicamen\" \/>\n<meta name=\"twitter:label1\" content=\"Verfasst von\" \/>\n\t<meta name=\"twitter:data1\" content=\"Redacci\u00f3\" \/>\n\t<meta name=\"twitter:label2\" content=\"Gesch\u00e4tzte Lesezeit\" \/>\n\t<meta name=\"twitter:data2\" content=\"2\u00a0Minuten\" \/>\n\t<meta name=\"twitter:label3\" content=\"Written by\" \/>\n\t<meta name=\"twitter:data3\" content=\"Redacci\u00f3\" \/>\n<script type=\"application\/ld+json\" class=\"yoast-schema-graph\">{\"@context\":\"https:\/\/schema.org\",\"@graph\":[{\"@type\":\"Article\",\"@id\":\"https:\/\/web2025.gastronomicament.cat\/ca\/curs-per-aprendre-a-identificar-els-vins-de-mallorca#article\",\"isPartOf\":{\"@id\":\"https:\/\/web2025.gastronomicament.cat\/ca\/curs-per-aprendre-a-identificar-els-vins-de-mallorca\"},\"author\":{\"name\":\"Redacci\u00f3\",\"@id\":\"https:\/\/web2025.gastronomicament.cat\/es\/#\/schema\/person\/a7c85c537a1ed62799a5b8e0f686a37f\"},\"headline\":\"Curs per aprendre a identificar els vins de Mallorca\",\"datePublished\":\"2025-01-09T07:36:59+00:00\",\"dateModified\":\"2026-04-12T18:44:15+00:00\",\"mainEntityOfPage\":{\"@id\":\"https:\/\/web2025.gastronomicament.cat\/ca\/curs-per-aprendre-a-identificar-els-vins-de-mallorca\"},\"wordCount\":425,\"commentCount\":0,\"publisher\":{\"@id\":\"https:\/\/web2025.gastronomicament.cat\/es\/#organization\"},\"image\":{\"@id\":\"https:\/\/web2025.gastronomicament.cat\/ca\/curs-per-aprendre-a-identificar-els-vins-de-mallorca#primaryimage\"},\"thumbnailUrl\":\"https:\/\/web2025.gastronomicament.cat\/wp-content\/uploads\/2025\/01\/Vins-a-Mallorca-1.jpg\",\"articleSection\":[\"Actualitat\",\"Reportatges i novetats\"],\"inLanguage\":\"de\",\"potentialAction\":[{\"@type\":\"CommentAction\",\"name\":\"Comment\",\"target\":[\"https:\/\/web2025.gastronomicament.cat\/ca\/curs-per-aprendre-a-identificar-els-vins-de-mallorca#respond\"]}]},{\"@type\":\"WebPage\",\"@id\":\"https:\/\/web2025.gastronomicament.cat\/ca\/curs-per-aprendre-a-identificar-els-vins-de-mallorca\",\"url\":\"https:\/\/web2025.gastronomicament.cat\/ca\/curs-per-aprendre-a-identificar-els-vins-de-mallorca\",\"name\":\"Curs per aprendre a identificar els vins de Mallorca - Gastron\u00f2micament\",\"isPartOf\":{\"@id\":\"https:\/\/web2025.gastronomicament.cat\/es\/#website\"},\"primaryImageOfPage\":{\"@id\":\"https:\/\/web2025.gastronomicament.cat\/ca\/curs-per-aprendre-a-identificar-els-vins-de-mallorca#primaryimage\"},\"image\":{\"@id\":\"https:\/\/web2025.gastronomicament.cat\/ca\/curs-per-aprendre-a-identificar-els-vins-de-mallorca#primaryimage\"},\"thumbnailUrl\":\"https:\/\/web2025.gastronomicament.cat\/wp-content\/uploads\/2025\/01\/Vins-a-Mallorca-1.jpg\",\"datePublished\":\"2025-01-09T07:36:59+00:00\",\"dateModified\":\"2026-04-12T18:44:15+00:00\",\"description\":\"Curs per aprendre a identificar els vins de Mallorca Actualitat, Reportatges i novetats Es far\u00e0 a Palma els dies 29 i 30 de gener\",\"inLanguage\":\"de\",\"potentialAction\":[{\"@type\":\"ReadAction\",\"target\":[\"https:\/\/web2025.gastronomicament.cat\/ca\/curs-per-aprendre-a-identificar-els-vins-de-mallorca\"]}]},{\"@type\":\"ImageObject\",\"inLanguage\":\"de\",\"@id\":\"https:\/\/web2025.gastronomicament.cat\/ca\/curs-per-aprendre-a-identificar-els-vins-de-mallorca#primaryimage\",\"url\":\"https:\/\/web2025.gastronomicament.cat\/wp-content\/uploads\/2025\/01\/Vins-a-Mallorca-1.jpg\",\"contentUrl\":\"https:\/\/web2025.gastronomicament.cat\/wp-content\/uploads\/2025\/01\/Vins-a-Mallorca-1.jpg\",\"width\":1200,\"height\":695},{\"@type\":\"WebSite\",\"@id\":\"https:\/\/web2025.gastronomicament.cat\/es\/#website\",\"url\":\"https:\/\/web2025.gastronomicament.cat\/es\/\",\"name\":\"Gastron\u00f2micament\",\"description\":\"Portal de restaurants, receptes i actualitat gastron\u00f2mica\",\"publisher\":{\"@id\":\"https:\/\/web2025.gastronomicament.cat\/es\/#organization\"},\"potentialAction\":[{\"@type\":\"SearchAction\",\"target\":{\"@type\":\"EntryPoint\",\"urlTemplate\":\"https:\/\/web2025.gastronomicament.cat\/es\/?s={search_term_string}\"},\"query-input\":{\"@type\":\"PropertyValueSpecification\",\"valueRequired\":true,\"valueName\":\"search_term_string\"}}],\"inLanguage\":\"de\"},{\"@type\":\"Organization\",\"@id\":\"https:\/\/web2025.gastronomicament.cat\/es\/#organization\",\"name\":\"Gastron\u00f2micament\",\"url\":\"https:\/\/web2025.gastronomicament.cat\/es\/\",\"logo\":{\"@type\":\"ImageObject\",\"inLanguage\":\"de\",\"@id\":\"https:\/\/web2025.gastronomicament.cat\/es\/#\/schema\/logo\/image\/\",\"url\":\"https:\/\/web2025.gastronomicament.cat\/wp-content\/uploads\/2016\/09\/header-logo.jpg\",\"contentUrl\":\"https:\/\/web2025.gastronomicament.cat\/wp-content\/uploads\/2016\/09\/header-logo.jpg\",\"width\":277,\"height\":39,\"caption\":\"Gastron\u00f2micament\"},\"image\":{\"@id\":\"https:\/\/web2025.gastronomicament.cat\/es\/#\/schema\/logo\/image\/\"},\"sameAs\":[\"https:\/\/x.com\/gastronomicamen\"]},{\"@type\":\"Person\",\"@id\":\"https:\/\/web2025.gastronomicament.cat\/es\/#\/schema\/person\/a7c85c537a1ed62799a5b8e0f686a37f\",\"name\":\"Redacci\u00f3\",\"image\":{\"@type\":\"ImageObject\",\"inLanguage\":\"de\",\"@id\":\"https:\/\/secure.gravatar.com\/avatar\/9489a485c464fd611d33825daae651d13db70c4e74c65c94937a15a9d4c3ee14?s=96&d=mm&r=g69fea3cce3645dfa2166e7293e22955e\",\"url\":\"https:\/\/secure.gravatar.com\/avatar\/9489a485c464fd611d33825daae651d13db70c4e74c65c94937a15a9d4c3ee14?s=96&d=mm&r=g\",\"contentUrl\":\"https:\/\/secure.gravatar.com\/avatar\/9489a485c464fd611d33825daae651d13db70c4e74c65c94937a15a9d4c3ee14?s=96&d=mm&r=g\",\"caption\":\"Redacci\u00f3\"},\"sameAs\":[\"http:\/\/gastronomicament.cat\"],\"url\":\"https:\/\/web2025.gastronomicament.cat\/de\/author\/admin\"}]}<\/script>\n<!-- \/ Yoast SEO plugin. -->","yoast_head_json":{"title":"Curs per aprendre a identificar els vins de Mallorca - Gastron\u00f2micament","description":"Curs per aprendre a identificar els vins de Mallorca Actualitat, Reportatges i novetats Es far\u00e0 a Palma els dies 29 i 30 de gener","robots":{"index":"index","follow":"follow","max-snippet":"max-snippet:-1","max-image-preview":"max-image-preview:large","max-video-preview":"max-video-preview:-1"},"canonical":"https:\/\/web2025.gastronomicament.cat\/ca\/curs-per-aprendre-a-identificar-els-vins-de-mallorca","og_locale":"de_DE","og_type":"article","og_title":"Curs per aprendre a identificar els vins de Mallorca - Gastron\u00f2micament","og_description":"Curs per aprendre a identificar els vins de Mallorca Actualitat, Reportatges i novetats Es far\u00e0 a Palma els dies 29 i 30 de gener","og_url":"https:\/\/web2025.gastronomicament.cat\/ca\/curs-per-aprendre-a-identificar-els-vins-de-mallorca","og_site_name":"Gastron\u00f2micament","article_published_time":"2025-01-09T07:36:59+00:00","article_modified_time":"2026-04-12T18:44:15+00:00","og_image":[{"width":1200,"height":695,"url":"https:\/\/web2025.gastronomicament.cat\/wp-content\/uploads\/2025\/01\/Vins-a-Mallorca-1.jpg","type":"image\/jpeg"}],"author":"Redacci\u00f3","twitter_card":"summary_large_image","twitter_creator":"@gastronomicamen","twitter_site":"@gastronomicamen","twitter_misc":{"Verfasst von":"Redacci\u00f3","Gesch\u00e4tzte Lesezeit":"2\u00a0Minuten","Written by":"Redacci\u00f3"},"schema":{"@context":"https:\/\/schema.org","@graph":[{"@type":"Article","@id":"https:\/\/web2025.gastronomicament.cat\/ca\/curs-per-aprendre-a-identificar-els-vins-de-mallorca#article","isPartOf":{"@id":"https:\/\/web2025.gastronomicament.cat\/ca\/curs-per-aprendre-a-identificar-els-vins-de-mallorca"},"author":{"name":"Redacci\u00f3","@id":"https:\/\/web2025.gastronomicament.cat\/es\/#\/schema\/person\/a7c85c537a1ed62799a5b8e0f686a37f"},"headline":"Curs per aprendre a identificar els vins de Mallorca","datePublished":"2025-01-09T07:36:59+00:00","dateModified":"2026-04-12T18:44:15+00:00","mainEntityOfPage":{"@id":"https:\/\/web2025.gastronomicament.cat\/ca\/curs-per-aprendre-a-identificar-els-vins-de-mallorca"},"wordCount":425,"commentCount":0,"publisher":{"@id":"https:\/\/web2025.gastronomicament.cat\/es\/#organization"},"image":{"@id":"https:\/\/web2025.gastronomicament.cat\/ca\/curs-per-aprendre-a-identificar-els-vins-de-mallorca#primaryimage"},"thumbnailUrl":"https:\/\/web2025.gastronomicament.cat\/wp-content\/uploads\/2025\/01\/Vins-a-Mallorca-1.jpg","articleSection":["Actualitat","Reportatges i novetats"],"inLanguage":"de","potentialAction":[{"@type":"CommentAction","name":"Comment","target":["https:\/\/web2025.gastronomicament.cat\/ca\/curs-per-aprendre-a-identificar-els-vins-de-mallorca#respond"]}]},{"@type":"WebPage","@id":"https:\/\/web2025.gastronomicament.cat\/ca\/curs-per-aprendre-a-identificar-els-vins-de-mallorca","url":"https:\/\/web2025.gastronomicament.cat\/ca\/curs-per-aprendre-a-identificar-els-vins-de-mallorca","name":"Curs per aprendre a identificar els vins de Mallorca - Gastron\u00f2micament","isPartOf":{"@id":"https:\/\/web2025.gastronomicament.cat\/es\/#website"},"primaryImageOfPage":{"@id":"https:\/\/web2025.gastronomicament.cat\/ca\/curs-per-aprendre-a-identificar-els-vins-de-mallorca#primaryimage"},"image":{"@id":"https:\/\/web2025.gastronomicament.cat\/ca\/curs-per-aprendre-a-identificar-els-vins-de-mallorca#primaryimage"},"thumbnailUrl":"https:\/\/web2025.gastronomicament.cat\/wp-content\/uploads\/2025\/01\/Vins-a-Mallorca-1.jpg","datePublished":"2025-01-09T07:36:59+00:00","dateModified":"2026-04-12T18:44:15+00:00","description":"Curs per aprendre a identificar els vins de Mallorca Actualitat, Reportatges i novetats Es far\u00e0 a Palma els dies 29 i 30 de gener","inLanguage":"de","potentialAction":[{"@type":"ReadAction","target":["https:\/\/web2025.gastronomicament.cat\/ca\/curs-per-aprendre-a-identificar-els-vins-de-mallorca"]}]},{"@type":"ImageObject","inLanguage":"de","@id":"https:\/\/web2025.gastronomicament.cat\/ca\/curs-per-aprendre-a-identificar-els-vins-de-mallorca#primaryimage","url":"https:\/\/web2025.gastronomicament.cat\/wp-content\/uploads\/2025\/01\/Vins-a-Mallorca-1.jpg","contentUrl":"https:\/\/web2025.gastronomicament.cat\/wp-content\/uploads\/2025\/01\/Vins-a-Mallorca-1.jpg","width":1200,"height":695},{"@type":"WebSite","@id":"https:\/\/web2025.gastronomicament.cat\/es\/#website","url":"https:\/\/web2025.gastronomicament.cat\/es\/","name":"Gastron\u00f2micament","description":"Portal de restaurants, receptes i actualitat gastron\u00f2mica","publisher":{"@id":"https:\/\/web2025.gastronomicament.cat\/es\/#organization"},"potentialAction":[{"@type":"SearchAction","target":{"@type":"EntryPoint","urlTemplate":"https:\/\/web2025.gastronomicament.cat\/es\/?s={search_term_string}"},"query-input":{"@type":"PropertyValueSpecification","valueRequired":true,"valueName":"search_term_string"}}],"inLanguage":"de"},{"@type":"Organization","@id":"https:\/\/web2025.gastronomicament.cat\/es\/#organization","name":"Gastron\u00f2micament","url":"https:\/\/web2025.gastronomicament.cat\/es\/","logo":{"@type":"ImageObject","inLanguage":"de","@id":"https:\/\/web2025.gastronomicament.cat\/es\/#\/schema\/logo\/image\/","url":"https:\/\/web2025.gastronomicament.cat\/wp-content\/uploads\/2016\/09\/header-logo.jpg","contentUrl":"https:\/\/web2025.gastronomicament.cat\/wp-content\/uploads\/2016\/09\/header-logo.jpg","width":277,"height":39,"caption":"Gastron\u00f2micament"},"image":{"@id":"https:\/\/web2025.gastronomicament.cat\/es\/#\/schema\/logo\/image\/"},"sameAs":["https:\/\/x.com\/gastronomicamen"]},{"@type":"Person","@id":"https:\/\/web2025.gastronomicament.cat\/es\/#\/schema\/person\/a7c85c537a1ed62799a5b8e0f686a37f","name":"Redacci\u00f3","image":{"@type":"ImageObject","inLanguage":"de","@id":"https:\/\/secure.gravatar.com\/avatar\/9489a485c464fd611d33825daae651d13db70c4e74c65c94937a15a9d4c3ee14?s=96&d=mm&r=g69fea3cce3645dfa2166e7293e22955e","url":"https:\/\/secure.gravatar.com\/avatar\/9489a485c464fd611d33825daae651d13db70c4e74c65c94937a15a9d4c3ee14?s=96&d=mm&r=g","contentUrl":"https:\/\/secure.gravatar.com\/avatar\/9489a485c464fd611d33825daae651d13db70c4e74c65c94937a15a9d4c3ee14?s=96&d=mm&r=g","caption":"Redacci\u00f3"},"sameAs":["http:\/\/gastronomicament.cat"],"url":"https:\/\/web2025.gastronomicament.cat\/de\/author\/admin"}]}},"_links":{"self":[{"href":"https:\/\/web2025.gastronomicament.cat\/de\/wp-json\/wp\/v2\/posts\/100485","targetHints":{"allow":["GET"]}}],"collection":[{"href":"https:\/\/web2025.gastronomicament.cat\/de\/wp-json\/wp\/v2\/posts"}],"about":[{"href":"https:\/\/web2025.gastronomicament.cat\/de\/wp-json\/wp\/v2\/types\/post"}],"author":[{"embeddable":true,"href":"https:\/\/web2025.gastronomicament.cat\/de\/wp-json\/wp\/v2\/users\/1"}],"replies":[{"embeddable":true,"href":"https:\/\/web2025.gastronomicament.cat\/de\/wp-json\/wp\/v2\/comments?post=100485"}],"version-history":[{"count":0,"href":"https:\/\/web2025.gastronomicament.cat\/de\/wp-json\/wp\/v2\/posts\/100485\/revisions"}],"wp:featuredmedia":[{"embeddable":true,"href":"https:\/\/web2025.gastronomicament.cat\/de\/wp-json\/wp\/v2\/media\/100486"}],"wp:attachment":[{"href":"https:\/\/web2025.gastronomicament.cat\/de\/wp-json\/wp\/v2\/media?parent=100485"}],"wp:term":[{"taxonomy":"category","embeddable":true,"href":"https:\/\/web2025.gastronomicament.cat\/de\/wp-json\/wp\/v2\/categories?post=100485"},{"taxonomy":"post_tag","embeddable":true,"href":"https:\/\/web2025.gastronomicament.cat\/de\/wp-json\/wp\/v2\/tags?post=100485"},{"taxonomy":"author","embeddable":true,"href":"https:\/\/web2025.gastronomicament.cat\/de\/wp-json\/wp\/v2\/coauthors?post=100485"}],"curies":[{"name":"wp","href":"https:\/\/api.w.org\/{rel}","templated":true}]}}