{"id":7607,"date":"2013-05-13T08:33:27","date_gmt":"2013-05-13T08:33:27","guid":{"rendered":"http:\/\/anardetapes.cat\/?p=7607"},"modified":"2022-04-07T11:03:23","modified_gmt":"2022-04-07T09:03:23","slug":"na-caty-ruiz-pol-ja-te-el-llibre-peix-marisc-i-bacalla-de-cossetania-edicions","status":"publish","type":"post","link":"https:\/\/web2025.gastronomicament.cat\/ca\/na-caty-ruiz-pol-ja-te-el-llibre-peix-marisc-i-bacalla-de-cossetania-edicions","title":{"rendered":"Na Caty Ruiz Pol ja t\u00e9 el llibre &#8216;Peix, marisc i bacall\u00e0&#8217; de Cosset\u00e0nia Edicions"},"content":{"rendered":"<p>L&#8217;espl\u00e8ndida obra Peix, marisc i bacall\u00e0 ja \u00e9s a les mans de la seva <a title=\"Peix, bacall\u00e0 i marisc. Cosset\u00e0nia Edicions\" href=\"http:\/\/gastronomicament.cat\/regalam-aquest-llibre-peix-marisc-i-bacalla-de-cossetania-edicions\">guanyadora: na Caty Ruiz Pol<\/a>.<\/p>\n<p>V\u00e0rem poder explicar-li en qu\u00e8 consisteix aquesta obra de 120 p\u00e0gines a color, de l&#8217;editorial Cosset\u00e0nia.<\/p>\n<p>Sens dubte, el llibre li ser\u00e0 molt profit\u00f3s perqu\u00e8 na Caty ens explic\u00e0 que t\u00e9 un blog en el qual parla de receptes, com tamb\u00e9 de disseny gr\u00e0fic, la seva especialitat. Si el voleu visitar \u00e9s:\u00a0<a title=\"Circus Day. Caty Ruiz Pol\" href=\"http:\/\/circusday.blogspot.com\">http:\/\/circusday.blogspot.com<\/a><\/p>\n<p>Properament farem m\u00e9s regals als nostres lectors i subscriptors. Estau atents!<\/p>\n","protected":false},"excerpt":{"rendered":"<p>Sens dubte, el llibre li ser\u00e0 molt profit\u00f3s perqu\u00e8 na Caty ens explic\u00e0 que t\u00e9 un&hellip;<\/p>\n","protected":false},"author":1,"featured_media":7608,"comment_status":"open","ping_status":"closed","sticky":false,"template":"","format":"standard","meta":{"_acf_changed":false,"_swt_meta_header_display":false,"_swt_meta_footer_display":false,"_swt_meta_site_title_display":false,"_swt_meta_sticky_header":false,"_swt_meta_transparent_header":false,"footnotes":""},"categories":[692],"tags":[],"coauthors":[],"class_list":["post-7607","post","type-post","status-publish","format-standard","has-post-thumbnail","hentry","category-actualitat"],"acf":{"gallery":null,"home_date":{"home_begin_date":null,"home_end_date":null}},"yoast_head":"<!-- This site is optimized with the Yoast SEO plugin v27.2 - https:\/\/yoast.com\/product\/yoast-seo-wordpress\/ -->\n<title>Na Caty Ruiz Pol ja t\u00e9 el llibre &#039;Peix, marisc i bacall\u00e0&#039; de Cosset\u00e0nia Edicions<\/title>\n<meta name=\"description\" content=\"Na Caty Ruiz Pol ja t\u00e9 el llibre &#039;Peix, marisc i bacall\u00e0&#039; de Cosset\u00e0nia Edicions\" \/>\n<meta name=\"robots\" content=\"index, follow, max-snippet:-1, max-image-preview:large, max-video-preview:-1\" \/>\n<link rel=\"canonical\" href=\"https:\/\/web2025.gastronomicament.cat\/ca\/na-caty-ruiz-pol-ja-te-el-llibre-peix-marisc-i-bacalla-de-cossetania-edicions\" \/>\n<meta property=\"og:locale\" content=\"ca_ES\" \/>\n<meta property=\"og:type\" content=\"article\" \/>\n<meta property=\"og:title\" content=\"Na Caty Ruiz Pol ja t\u00e9 el llibre &#039;Peix, marisc i bacall\u00e0&#039; de Cosset\u00e0nia Edicions\" \/>\n<meta property=\"og:description\" content=\"Na Caty Ruiz Pol ja t\u00e9 el llibre &#039;Peix, marisc i bacall\u00e0&#039; de Cosset\u00e0nia Edicions\" \/>\n<meta property=\"og:url\" content=\"https:\/\/web2025.gastronomicament.cat\/ca\/na-caty-ruiz-pol-ja-te-el-llibre-peix-marisc-i-bacalla-de-cossetania-edicions\" \/>\n<meta property=\"og:site_name\" content=\"Gastron\u00f2micament\" \/>\n<meta property=\"article:published_time\" content=\"2013-05-13T08:33:27+00:00\" \/>\n<meta property=\"article:modified_time\" content=\"2022-04-07T09:03:23+00:00\" \/>\n<meta property=\"og:image\" content=\"https:\/\/web2025.gastronomicament.cat\/wp-content\/uploads\/2013\/05\/Cati-Pol-guanyadora.jpg\" \/>\n\t<meta property=\"og:image:width\" content=\"1500\" \/>\n\t<meta property=\"og:image:height\" content=\"997\" \/>\n\t<meta property=\"og:image:type\" content=\"image\/jpeg\" \/>\n<meta name=\"author\" content=\"Redacci\u00f3\" \/>\n<meta name=\"twitter:card\" content=\"summary_large_image\" \/>\n<meta name=\"twitter:creator\" content=\"@gastronomicamen\" \/>\n<meta name=\"twitter:site\" content=\"@gastronomicamen\" \/>\n<meta name=\"twitter:label1\" content=\"Written by\" \/>\n\t<meta name=\"twitter:data1\" content=\"Redacci\u00f3\" \/>\n<script type=\"application\/ld+json\" class=\"yoast-schema-graph\">{\"@context\":\"https:\/\/schema.org\",\"@graph\":[{\"@type\":\"Article\",\"@id\":\"https:\/\/web2025.gastronomicament.cat\/ca\/na-caty-ruiz-pol-ja-te-el-llibre-peix-marisc-i-bacalla-de-cossetania-edicions#article\",\"isPartOf\":{\"@id\":\"https:\/\/web2025.gastronomicament.cat\/ca\/na-caty-ruiz-pol-ja-te-el-llibre-peix-marisc-i-bacalla-de-cossetania-edicions\"},\"author\":{\"name\":\"Redacci\u00f3\",\"@id\":\"https:\/\/web2025.gastronomicament.cat\/es\/#\/schema\/person\/a7c85c537a1ed62799a5b8e0f686a37f\"},\"headline\":\"Na Caty Ruiz Pol ja t\u00e9 el llibre &#8216;Peix, marisc i bacall\u00e0&#8217; de Cosset\u00e0nia Edicions\",\"datePublished\":\"2013-05-13T08:33:27+00:00\",\"dateModified\":\"2022-04-07T09:03:23+00:00\",\"mainEntityOfPage\":{\"@id\":\"https:\/\/web2025.gastronomicament.cat\/ca\/na-caty-ruiz-pol-ja-te-el-llibre-peix-marisc-i-bacalla-de-cossetania-edicions\"},\"wordCount\":109,\"commentCount\":1,\"publisher\":{\"@id\":\"https:\/\/web2025.gastronomicament.cat\/es\/#organization\"},\"image\":{\"@id\":\"https:\/\/web2025.gastronomicament.cat\/ca\/na-caty-ruiz-pol-ja-te-el-llibre-peix-marisc-i-bacalla-de-cossetania-edicions#primaryimage\"},\"thumbnailUrl\":\"https:\/\/web2025.gastronomicament.cat\/wp-content\/uploads\/2013\/05\/Cati-Pol-guanyadora.jpg\",\"articleSection\":[\"Actualitat\"],\"inLanguage\":\"ca-ES\",\"potentialAction\":[{\"@type\":\"CommentAction\",\"name\":\"Comment\",\"target\":[\"https:\/\/web2025.gastronomicament.cat\/ca\/na-caty-ruiz-pol-ja-te-el-llibre-peix-marisc-i-bacalla-de-cossetania-edicions#respond\"]}]},{\"@type\":\"WebPage\",\"@id\":\"https:\/\/web2025.gastronomicament.cat\/ca\/na-caty-ruiz-pol-ja-te-el-llibre-peix-marisc-i-bacalla-de-cossetania-edicions\",\"url\":\"https:\/\/web2025.gastronomicament.cat\/ca\/na-caty-ruiz-pol-ja-te-el-llibre-peix-marisc-i-bacalla-de-cossetania-edicions\",\"name\":\"Na Caty Ruiz Pol ja t\u00e9 el llibre 'Peix, marisc i bacall\u00e0' de Cosset\u00e0nia Edicions\",\"isPartOf\":{\"@id\":\"https:\/\/web2025.gastronomicament.cat\/es\/#website\"},\"primaryImageOfPage\":{\"@id\":\"https:\/\/web2025.gastronomicament.cat\/ca\/na-caty-ruiz-pol-ja-te-el-llibre-peix-marisc-i-bacalla-de-cossetania-edicions#primaryimage\"},\"image\":{\"@id\":\"https:\/\/web2025.gastronomicament.cat\/ca\/na-caty-ruiz-pol-ja-te-el-llibre-peix-marisc-i-bacalla-de-cossetania-edicions#primaryimage\"},\"thumbnailUrl\":\"https:\/\/web2025.gastronomicament.cat\/wp-content\/uploads\/2013\/05\/Cati-Pol-guanyadora.jpg\",\"datePublished\":\"2013-05-13T08:33:27+00:00\",\"dateModified\":\"2022-04-07T09:03:23+00:00\",\"description\":\"Na Caty Ruiz Pol ja t\u00e9 el llibre 'Peix, marisc i bacall\u00e0' de Cosset\u00e0nia Edicions\",\"inLanguage\":\"ca-ES\",\"potentialAction\":[{\"@type\":\"ReadAction\",\"target\":[\"https:\/\/web2025.gastronomicament.cat\/ca\/na-caty-ruiz-pol-ja-te-el-llibre-peix-marisc-i-bacalla-de-cossetania-edicions\"]}]},{\"@type\":\"ImageObject\",\"inLanguage\":\"ca-ES\",\"@id\":\"https:\/\/web2025.gastronomicament.cat\/ca\/na-caty-ruiz-pol-ja-te-el-llibre-peix-marisc-i-bacalla-de-cossetania-edicions#primaryimage\",\"url\":\"https:\/\/web2025.gastronomicament.cat\/wp-content\/uploads\/2013\/05\/Cati-Pol-guanyadora.jpg\",\"contentUrl\":\"https:\/\/web2025.gastronomicament.cat\/wp-content\/uploads\/2013\/05\/Cati-Pol-guanyadora.jpg\",\"width\":1500,\"height\":997},{\"@type\":\"WebSite\",\"@id\":\"https:\/\/web2025.gastronomicament.cat\/es\/#website\",\"url\":\"https:\/\/web2025.gastronomicament.cat\/es\/\",\"name\":\"Gastron\u00f2micament\",\"description\":\"Portal de restaurants, receptes i actualitat gastron\u00f2mica\",\"publisher\":{\"@id\":\"https:\/\/web2025.gastronomicament.cat\/es\/#organization\"},\"potentialAction\":[{\"@type\":\"SearchAction\",\"target\":{\"@type\":\"EntryPoint\",\"urlTemplate\":\"https:\/\/web2025.gastronomicament.cat\/es\/?s={search_term_string}\"},\"query-input\":{\"@type\":\"PropertyValueSpecification\",\"valueRequired\":true,\"valueName\":\"search_term_string\"}}],\"inLanguage\":\"ca-ES\"},{\"@type\":\"Organization\",\"@id\":\"https:\/\/web2025.gastronomicament.cat\/es\/#organization\",\"name\":\"Gastron\u00f2micament\",\"url\":\"https:\/\/web2025.gastronomicament.cat\/es\/\",\"logo\":{\"@type\":\"ImageObject\",\"inLanguage\":\"ca-ES\",\"@id\":\"https:\/\/web2025.gastronomicament.cat\/es\/#\/schema\/logo\/image\/\",\"url\":\"https:\/\/web2025.gastronomicament.cat\/wp-content\/uploads\/2016\/09\/header-logo.jpg\",\"contentUrl\":\"https:\/\/web2025.gastronomicament.cat\/wp-content\/uploads\/2016\/09\/header-logo.jpg\",\"width\":277,\"height\":39,\"caption\":\"Gastron\u00f2micament\"},\"image\":{\"@id\":\"https:\/\/web2025.gastronomicament.cat\/es\/#\/schema\/logo\/image\/\"},\"sameAs\":[\"https:\/\/x.com\/gastronomicamen\"]},{\"@type\":\"Person\",\"@id\":\"https:\/\/web2025.gastronomicament.cat\/es\/#\/schema\/person\/a7c85c537a1ed62799a5b8e0f686a37f\",\"name\":\"Redacci\u00f3\",\"image\":{\"@type\":\"ImageObject\",\"inLanguage\":\"ca-ES\",\"@id\":\"https:\/\/secure.gravatar.com\/avatar\/9489a485c464fd611d33825daae651d13db70c4e74c65c94937a15a9d4c3ee14?s=96&d=mm&r=g69fea3cce3645dfa2166e7293e22955e\",\"url\":\"https:\/\/secure.gravatar.com\/avatar\/9489a485c464fd611d33825daae651d13db70c4e74c65c94937a15a9d4c3ee14?s=96&d=mm&r=g\",\"contentUrl\":\"https:\/\/secure.gravatar.com\/avatar\/9489a485c464fd611d33825daae651d13db70c4e74c65c94937a15a9d4c3ee14?s=96&d=mm&r=g\",\"caption\":\"Redacci\u00f3\"},\"sameAs\":[\"http:\/\/gastronomicament.cat\"],\"url\":\"https:\/\/web2025.gastronomicament.cat\/ca\/author\/admin\"}]}<\/script>\n<!-- \/ Yoast SEO plugin. -->","yoast_head_json":{"title":"Na Caty Ruiz Pol ja t\u00e9 el llibre 'Peix, marisc i bacall\u00e0' de Cosset\u00e0nia Edicions","description":"Na Caty Ruiz Pol ja t\u00e9 el llibre 'Peix, marisc i bacall\u00e0' de Cosset\u00e0nia Edicions","robots":{"index":"index","follow":"follow","max-snippet":"max-snippet:-1","max-image-preview":"max-image-preview:large","max-video-preview":"max-video-preview:-1"},"canonical":"https:\/\/web2025.gastronomicament.cat\/ca\/na-caty-ruiz-pol-ja-te-el-llibre-peix-marisc-i-bacalla-de-cossetania-edicions","og_locale":"ca_ES","og_type":"article","og_title":"Na Caty Ruiz Pol ja t\u00e9 el llibre 'Peix, marisc i bacall\u00e0' de Cosset\u00e0nia Edicions","og_description":"Na Caty Ruiz Pol ja t\u00e9 el llibre 'Peix, marisc i bacall\u00e0' de Cosset\u00e0nia Edicions","og_url":"https:\/\/web2025.gastronomicament.cat\/ca\/na-caty-ruiz-pol-ja-te-el-llibre-peix-marisc-i-bacalla-de-cossetania-edicions","og_site_name":"Gastron\u00f2micament","article_published_time":"2013-05-13T08:33:27+00:00","article_modified_time":"2022-04-07T09:03:23+00:00","og_image":[{"width":1500,"height":997,"url":"https:\/\/web2025.gastronomicament.cat\/wp-content\/uploads\/2013\/05\/Cati-Pol-guanyadora.jpg","type":"image\/jpeg"}],"author":"Redacci\u00f3","twitter_card":"summary_large_image","twitter_creator":"@gastronomicamen","twitter_site":"@gastronomicamen","twitter_misc":{"Written by":"Redacci\u00f3"},"schema":{"@context":"https:\/\/schema.org","@graph":[{"@type":"Article","@id":"https:\/\/web2025.gastronomicament.cat\/ca\/na-caty-ruiz-pol-ja-te-el-llibre-peix-marisc-i-bacalla-de-cossetania-edicions#article","isPartOf":{"@id":"https:\/\/web2025.gastronomicament.cat\/ca\/na-caty-ruiz-pol-ja-te-el-llibre-peix-marisc-i-bacalla-de-cossetania-edicions"},"author":{"name":"Redacci\u00f3","@id":"https:\/\/web2025.gastronomicament.cat\/es\/#\/schema\/person\/a7c85c537a1ed62799a5b8e0f686a37f"},"headline":"Na Caty Ruiz Pol ja t\u00e9 el llibre &#8216;Peix, marisc i bacall\u00e0&#8217; de Cosset\u00e0nia Edicions","datePublished":"2013-05-13T08:33:27+00:00","dateModified":"2022-04-07T09:03:23+00:00","mainEntityOfPage":{"@id":"https:\/\/web2025.gastronomicament.cat\/ca\/na-caty-ruiz-pol-ja-te-el-llibre-peix-marisc-i-bacalla-de-cossetania-edicions"},"wordCount":109,"commentCount":1,"publisher":{"@id":"https:\/\/web2025.gastronomicament.cat\/es\/#organization"},"image":{"@id":"https:\/\/web2025.gastronomicament.cat\/ca\/na-caty-ruiz-pol-ja-te-el-llibre-peix-marisc-i-bacalla-de-cossetania-edicions#primaryimage"},"thumbnailUrl":"https:\/\/web2025.gastronomicament.cat\/wp-content\/uploads\/2013\/05\/Cati-Pol-guanyadora.jpg","articleSection":["Actualitat"],"inLanguage":"ca-ES","potentialAction":[{"@type":"CommentAction","name":"Comment","target":["https:\/\/web2025.gastronomicament.cat\/ca\/na-caty-ruiz-pol-ja-te-el-llibre-peix-marisc-i-bacalla-de-cossetania-edicions#respond"]}]},{"@type":"WebPage","@id":"https:\/\/web2025.gastronomicament.cat\/ca\/na-caty-ruiz-pol-ja-te-el-llibre-peix-marisc-i-bacalla-de-cossetania-edicions","url":"https:\/\/web2025.gastronomicament.cat\/ca\/na-caty-ruiz-pol-ja-te-el-llibre-peix-marisc-i-bacalla-de-cossetania-edicions","name":"Na Caty Ruiz Pol ja t\u00e9 el llibre 'Peix, marisc i bacall\u00e0' de Cosset\u00e0nia Edicions","isPartOf":{"@id":"https:\/\/web2025.gastronomicament.cat\/es\/#website"},"primaryImageOfPage":{"@id":"https:\/\/web2025.gastronomicament.cat\/ca\/na-caty-ruiz-pol-ja-te-el-llibre-peix-marisc-i-bacalla-de-cossetania-edicions#primaryimage"},"image":{"@id":"https:\/\/web2025.gastronomicament.cat\/ca\/na-caty-ruiz-pol-ja-te-el-llibre-peix-marisc-i-bacalla-de-cossetania-edicions#primaryimage"},"thumbnailUrl":"https:\/\/web2025.gastronomicament.cat\/wp-content\/uploads\/2013\/05\/Cati-Pol-guanyadora.jpg","datePublished":"2013-05-13T08:33:27+00:00","dateModified":"2022-04-07T09:03:23+00:00","description":"Na Caty Ruiz Pol ja t\u00e9 el llibre 'Peix, marisc i bacall\u00e0' de Cosset\u00e0nia Edicions","inLanguage":"ca-ES","potentialAction":[{"@type":"ReadAction","target":["https:\/\/web2025.gastronomicament.cat\/ca\/na-caty-ruiz-pol-ja-te-el-llibre-peix-marisc-i-bacalla-de-cossetania-edicions"]}]},{"@type":"ImageObject","inLanguage":"ca-ES","@id":"https:\/\/web2025.gastronomicament.cat\/ca\/na-caty-ruiz-pol-ja-te-el-llibre-peix-marisc-i-bacalla-de-cossetania-edicions#primaryimage","url":"https:\/\/web2025.gastronomicament.cat\/wp-content\/uploads\/2013\/05\/Cati-Pol-guanyadora.jpg","contentUrl":"https:\/\/web2025.gastronomicament.cat\/wp-content\/uploads\/2013\/05\/Cati-Pol-guanyadora.jpg","width":1500,"height":997},{"@type":"WebSite","@id":"https:\/\/web2025.gastronomicament.cat\/es\/#website","url":"https:\/\/web2025.gastronomicament.cat\/es\/","name":"Gastron\u00f2micament","description":"Portal de restaurants, receptes i actualitat gastron\u00f2mica","publisher":{"@id":"https:\/\/web2025.gastronomicament.cat\/es\/#organization"},"potentialAction":[{"@type":"SearchAction","target":{"@type":"EntryPoint","urlTemplate":"https:\/\/web2025.gastronomicament.cat\/es\/?s={search_term_string}"},"query-input":{"@type":"PropertyValueSpecification","valueRequired":true,"valueName":"search_term_string"}}],"inLanguage":"ca-ES"},{"@type":"Organization","@id":"https:\/\/web2025.gastronomicament.cat\/es\/#organization","name":"Gastron\u00f2micament","url":"https:\/\/web2025.gastronomicament.cat\/es\/","logo":{"@type":"ImageObject","inLanguage":"ca-ES","@id":"https:\/\/web2025.gastronomicament.cat\/es\/#\/schema\/logo\/image\/","url":"https:\/\/web2025.gastronomicament.cat\/wp-content\/uploads\/2016\/09\/header-logo.jpg","contentUrl":"https:\/\/web2025.gastronomicament.cat\/wp-content\/uploads\/2016\/09\/header-logo.jpg","width":277,"height":39,"caption":"Gastron\u00f2micament"},"image":{"@id":"https:\/\/web2025.gastronomicament.cat\/es\/#\/schema\/logo\/image\/"},"sameAs":["https:\/\/x.com\/gastronomicamen"]},{"@type":"Person","@id":"https:\/\/web2025.gastronomicament.cat\/es\/#\/schema\/person\/a7c85c537a1ed62799a5b8e0f686a37f","name":"Redacci\u00f3","image":{"@type":"ImageObject","inLanguage":"ca-ES","@id":"https:\/\/secure.gravatar.com\/avatar\/9489a485c464fd611d33825daae651d13db70c4e74c65c94937a15a9d4c3ee14?s=96&d=mm&r=g69fea3cce3645dfa2166e7293e22955e","url":"https:\/\/secure.gravatar.com\/avatar\/9489a485c464fd611d33825daae651d13db70c4e74c65c94937a15a9d4c3ee14?s=96&d=mm&r=g","contentUrl":"https:\/\/secure.gravatar.com\/avatar\/9489a485c464fd611d33825daae651d13db70c4e74c65c94937a15a9d4c3ee14?s=96&d=mm&r=g","caption":"Redacci\u00f3"},"sameAs":["http:\/\/gastronomicament.cat"],"url":"https:\/\/web2025.gastronomicament.cat\/ca\/author\/admin"}]}},"_links":{"self":[{"href":"https:\/\/web2025.gastronomicament.cat\/ca\/wp-json\/wp\/v2\/posts\/7607","targetHints":{"allow":["GET"]}}],"collection":[{"href":"https:\/\/web2025.gastronomicament.cat\/ca\/wp-json\/wp\/v2\/posts"}],"about":[{"href":"https:\/\/web2025.gastronomicament.cat\/ca\/wp-json\/wp\/v2\/types\/post"}],"author":[{"embeddable":true,"href":"https:\/\/web2025.gastronomicament.cat\/ca\/wp-json\/wp\/v2\/users\/1"}],"replies":[{"embeddable":true,"href":"https:\/\/web2025.gastronomicament.cat\/ca\/wp-json\/wp\/v2\/comments?post=7607"}],"version-history":[{"count":0,"href":"https:\/\/web2025.gastronomicament.cat\/ca\/wp-json\/wp\/v2\/posts\/7607\/revisions"}],"wp:featuredmedia":[{"embeddable":true,"href":"https:\/\/web2025.gastronomicament.cat\/ca\/wp-json\/wp\/v2\/media\/7608"}],"wp:attachment":[{"href":"https:\/\/web2025.gastronomicament.cat\/ca\/wp-json\/wp\/v2\/media?parent=7607"}],"wp:term":[{"taxonomy":"category","embeddable":true,"href":"https:\/\/web2025.gastronomicament.cat\/ca\/wp-json\/wp\/v2\/categories?post=7607"},{"taxonomy":"post_tag","embeddable":true,"href":"https:\/\/web2025.gastronomicament.cat\/ca\/wp-json\/wp\/v2\/tags?post=7607"},{"taxonomy":"author","embeddable":true,"href":"https:\/\/web2025.gastronomicament.cat\/ca\/wp-json\/wp\/v2\/coauthors?post=7607"}],"curies":[{"name":"wp","href":"https:\/\/api.w.org\/{rel}","templated":true}]}}