{"id":102743,"date":"2025-10-01T08:32:00","date_gmt":"2025-10-01T06:32:00","guid":{"rendered":"https:\/\/web2025.gastronomicament.cat\/alaro-celebra-la-fira-gremial-amb-un-programa-ben-atapeit-dactes"},"modified":"2026-04-12T20:29:50","modified_gmt":"2026-04-12T18:29:50","slug":"alaro-celebra-la-fira-gremial-amb-un-programa-ben-atapeit-dactes","status":"publish","type":"post","link":"https:\/\/web2025.gastronomicament.cat\/ca\/alaro-celebra-la-fira-gremial-amb-un-programa-ben-atapeit-dactes","title":{"rendered":"Alar\u00f3 celebra la Fira Gremial amb un programa ben atape\u00eft d&#8217;actes"},"content":{"rendered":"<p>El mes d&#8217;octubre comen\u00e7a a\u00a0<strong>Alar\u00f3\u00a0<\/strong>amb una proposta ben interessant. La Fira Gremial a la 26a edici\u00f3 amb un programa d&#8217;activitats ben atape\u00eft.\u00a0Els actes tendran lloc del 3 al 5 d&#8217;octubre. De fet, diumenge \u00e9s el dia gros. Tot i aix\u00f2,<\/p>\n<p>Com apunta\u00a0<strong>Lloren\u00e7 Perell\u00f3<\/strong>, batle d&#8217;Alar\u00f3, comenta que aquesta fira \u00e9s un punt de trobada entre tradici\u00f3 i modernitat, entre artesania i cultura. Per la seva banda, la regidora de la fira,\u00a0<strong>Mari Caba\u00f1ero<\/strong>, remarca que la fira no seria possible sense la feina i il\u00b7lusi\u00f3 de firaires, artesans, voluntaris, personal municipal i col\u00b7laboradors.<\/p>\n<p><strong>Mostra de Cuina i Vins<\/strong><\/p>\n<p>La Fira Gremial inclou la Mostra de Cuina i Vins, que tendr\u00e0 lloc a partir de les 12 hores del diumenge 5 d&#8217;octubre, a la pla\u00e7a del Mercat. Els restaurants oferiran una de les seves especialitats, com tamb\u00e9 espodran tastar vins d&#8217;Alar\u00f3 i del voltant. L&#8217;oferta gastron\u00f2mica ser\u00e0 la seg\u00fcent:<\/p>\n<ul>\n<li><strong>Es Xiringo<\/strong>: Pullet porc (carn de porc esfilagassada)<\/li>\n<li><strong>Squash<\/strong>: Llonguet de sobrassada i botifarr\u00f3<\/li>\n<li><strong>Vila Cinc<\/strong>: Frit de matances<\/li>\n<li><strong>Traffic<\/strong>: Coca de llampuga escabetxada amb pebres<\/li>\n<li><strong>Acros<\/strong>: Llonguet de calamar<\/li>\n<li><strong>Ricardo Xef, cuina mallorquina<\/strong>: Paella<\/li>\n<li><strong>Alar\u00f3 Sport<\/strong>: Hamburguesa amb bac\u00f3<\/li>\n<li><strong>Trastero<\/strong>: Panada de pollastre i panada vegetariana amb un toc secret<\/li>\n<li><strong>Sis Market Caf\u00e8<\/strong>:<br \/>\n&#8211; Tacos de vedella esfilagassada amb pico de gallo, col vermella i allioli sriracha<br \/>\n&#8211; Tacos vegans de bolets esfilagarsats amb pico de gallo, col vermella i pesto<\/li>\n<li><strong>Solu<\/strong>: Focaccia de verdures del nostre hort<\/li>\n<\/ul>\n<p>Cellers:<\/p>\n<ul>\n<li><strong>Son Grau Gran<\/strong>(Alar\u00f3)<\/li>\n<li><strong>Castell Miquel<\/strong> (Alar\u00f3)<\/li>\n<li><strong>Oloron\u00a0\u00a0<\/strong>(Alar\u00f3)<\/li>\n<li><strong>S&#8217;Olivaret Vinyes i Vins<\/strong>(Alar\u00f3)<\/li>\n<li><strong>Mol\u00ed d&#8217;en Blanc<\/strong>(Llub\u00ed)<\/li>\n<li><strong>Can Vidalet<\/strong>(Pollen\u00e7a)<\/li>\n<li><strong>Forastera<\/strong>, cervesa artesana (Alar\u00f3)<\/li>\n<\/ul>\n<p>Podeu consultar el\u00a0<a href=\"https:\/\/ajalaro.net\/sites\/cilma_alaro\/files\/2025-09\/Programa%20%20XXVI%20Fira%20Gremial.pdf\">programa de la Fira Gremial d&#8217;Alar\u00f3 2025 aqu\u00ed<\/a>.<\/p>\n","protected":false},"excerpt":{"rendered":"<p>Dia 5 d&#8217;octubre tamb\u00e9 hi haur\u00e0 la Mostra de Cuina i Vins<\/p>\n","protected":false},"author":1,"featured_media":102746,"comment_status":"open","ping_status":"open","sticky":false,"template":"","format":"standard","meta":{"_acf_changed":false,"_swt_meta_header_display":false,"_swt_meta_footer_display":false,"_swt_meta_site_title_display":false,"_swt_meta_sticky_header":false,"_swt_meta_transparent_header":false,"footnotes":""},"categories":[692,955],"tags":[],"coauthors":[2053],"class_list":["post-102743","post","type-post","status-publish","format-standard","has-post-thumbnail","hentry","category-actualitat","category-reportatges-i-novetats"],"acf":{"gallery":null,"home_date":{"home_begin_date":null,"home_end_date":null}},"yoast_head":"<!-- This site is optimized with the Yoast SEO plugin v27.2 - https:\/\/yoast.com\/product\/yoast-seo-wordpress\/ -->\n<title>Alar\u00f3 celebra la Fira Gremial amb un programa ben atape\u00eft d&#039;actes - Gastron\u00f2micament<\/title>\n<meta name=\"description\" content=\"Alar\u00f3 celebra la Fira Gremial amb un programa ben atape\u00eft d&#039;actes Actualitat, Reportatges i novetats Dia 5 d&#039;octubre tamb\u00e9 hi haur\u00e0 la Mostra de Cuina i Vins\" \/>\n<meta name=\"robots\" content=\"index, follow, max-snippet:-1, max-image-preview:large, max-video-preview:-1\" \/>\n<link rel=\"canonical\" href=\"https:\/\/web2025.gastronomicament.cat\/ca\/alaro-celebra-la-fira-gremial-amb-un-programa-ben-atapeit-dactes\" \/>\n<meta property=\"og:locale\" content=\"ca_ES\" \/>\n<meta property=\"og:type\" content=\"article\" \/>\n<meta property=\"og:title\" content=\"Alar\u00f3 celebra la Fira Gremial amb un programa ben atape\u00eft d&#039;actes - Gastron\u00f2micament\" \/>\n<meta property=\"og:description\" content=\"Alar\u00f3 celebra la Fira Gremial amb un programa ben atape\u00eft d&#039;actes Actualitat, Reportatges i novetats Dia 5 d&#039;octubre tamb\u00e9 hi haur\u00e0 la Mostra de Cuina i Vins\" \/>\n<meta property=\"og:url\" content=\"https:\/\/web2025.gastronomicament.cat\/ca\/alaro-celebra-la-fira-gremial-amb-un-programa-ben-atapeit-dactes\" \/>\n<meta property=\"og:site_name\" content=\"Gastron\u00f2micament\" \/>\n<meta property=\"article:published_time\" content=\"2025-10-01T06:32:00+00:00\" \/>\n<meta property=\"article:modified_time\" content=\"2026-04-12T18:29:50+00:00\" \/>\n<meta property=\"og:image\" content=\"https:\/\/web2025.gastronomicament.cat\/wp-content\/uploads\/2025\/10\/1000232128.jpg\" \/>\n\t<meta property=\"og:image:width\" content=\"888\" \/>\n\t<meta property=\"og:image:height\" content=\"546\" \/>\n\t<meta property=\"og:image:type\" content=\"image\/jpeg\" \/>\n<meta name=\"author\" content=\"Redacci\u00f3\" \/>\n<meta name=\"twitter:card\" content=\"summary_large_image\" \/>\n<meta name=\"twitter:creator\" content=\"@gastronomicamen\" \/>\n<meta name=\"twitter:site\" content=\"@gastronomicamen\" \/>\n<meta name=\"twitter:label1\" content=\"Written by\" \/>\n\t<meta name=\"twitter:data1\" content=\"Redacci\u00f3\" \/>\n\t<meta name=\"twitter:label2\" content=\"Est. reading time\" \/>\n\t<meta name=\"twitter:data2\" content=\"1 minute\" \/>\n<script type=\"application\/ld+json\" class=\"yoast-schema-graph\">{\"@context\":\"https:\/\/schema.org\",\"@graph\":[{\"@type\":\"Article\",\"@id\":\"https:\/\/web2025.gastronomicament.cat\/ca\/alaro-celebra-la-fira-gremial-amb-un-programa-ben-atapeit-dactes#article\",\"isPartOf\":{\"@id\":\"https:\/\/web2025.gastronomicament.cat\/ca\/alaro-celebra-la-fira-gremial-amb-un-programa-ben-atapeit-dactes\"},\"author\":{\"name\":\"Redacci\u00f3\",\"@id\":\"https:\/\/web2025.gastronomicament.cat\/es\/#\/schema\/person\/a7c85c537a1ed62799a5b8e0f686a37f\"},\"headline\":\"Alar\u00f3 celebra la Fira Gremial amb un programa ben atape\u00eft d&#8217;actes\",\"datePublished\":\"2025-10-01T06:32:00+00:00\",\"dateModified\":\"2026-04-12T18:29:50+00:00\",\"mainEntityOfPage\":{\"@id\":\"https:\/\/web2025.gastronomicament.cat\/ca\/alaro-celebra-la-fira-gremial-amb-un-programa-ben-atapeit-dactes\"},\"wordCount\":294,\"commentCount\":0,\"publisher\":{\"@id\":\"https:\/\/web2025.gastronomicament.cat\/es\/#organization\"},\"image\":{\"@id\":\"https:\/\/web2025.gastronomicament.cat\/ca\/alaro-celebra-la-fira-gremial-amb-un-programa-ben-atapeit-dactes#primaryimage\"},\"thumbnailUrl\":\"https:\/\/web2025.gastronomicament.cat\/wp-content\/uploads\/2025\/10\/1000232128.jpg\",\"articleSection\":[\"Actualitat\",\"Reportatges i novetats\"],\"inLanguage\":\"ca-ES\",\"potentialAction\":[{\"@type\":\"CommentAction\",\"name\":\"Comment\",\"target\":[\"https:\/\/web2025.gastronomicament.cat\/ca\/alaro-celebra-la-fira-gremial-amb-un-programa-ben-atapeit-dactes#respond\"]}]},{\"@type\":\"WebPage\",\"@id\":\"https:\/\/web2025.gastronomicament.cat\/ca\/alaro-celebra-la-fira-gremial-amb-un-programa-ben-atapeit-dactes\",\"url\":\"https:\/\/web2025.gastronomicament.cat\/ca\/alaro-celebra-la-fira-gremial-amb-un-programa-ben-atapeit-dactes\",\"name\":\"Alar\u00f3 celebra la Fira Gremial amb un programa ben atape\u00eft d'actes - Gastron\u00f2micament\",\"isPartOf\":{\"@id\":\"https:\/\/web2025.gastronomicament.cat\/es\/#website\"},\"primaryImageOfPage\":{\"@id\":\"https:\/\/web2025.gastronomicament.cat\/ca\/alaro-celebra-la-fira-gremial-amb-un-programa-ben-atapeit-dactes#primaryimage\"},\"image\":{\"@id\":\"https:\/\/web2025.gastronomicament.cat\/ca\/alaro-celebra-la-fira-gremial-amb-un-programa-ben-atapeit-dactes#primaryimage\"},\"thumbnailUrl\":\"https:\/\/web2025.gastronomicament.cat\/wp-content\/uploads\/2025\/10\/1000232128.jpg\",\"datePublished\":\"2025-10-01T06:32:00+00:00\",\"dateModified\":\"2026-04-12T18:29:50+00:00\",\"description\":\"Alar\u00f3 celebra la Fira Gremial amb un programa ben atape\u00eft d'actes Actualitat, Reportatges i novetats Dia 5 d'octubre tamb\u00e9 hi haur\u00e0 la Mostra de Cuina i Vins\",\"inLanguage\":\"ca-ES\",\"potentialAction\":[{\"@type\":\"ReadAction\",\"target\":[\"https:\/\/web2025.gastronomicament.cat\/ca\/alaro-celebra-la-fira-gremial-amb-un-programa-ben-atapeit-dactes\"]}]},{\"@type\":\"ImageObject\",\"inLanguage\":\"ca-ES\",\"@id\":\"https:\/\/web2025.gastronomicament.cat\/ca\/alaro-celebra-la-fira-gremial-amb-un-programa-ben-atapeit-dactes#primaryimage\",\"url\":\"https:\/\/web2025.gastronomicament.cat\/wp-content\/uploads\/2025\/10\/1000232128.jpg\",\"contentUrl\":\"https:\/\/web2025.gastronomicament.cat\/wp-content\/uploads\/2025\/10\/1000232128.jpg\",\"width\":888,\"height\":546},{\"@type\":\"WebSite\",\"@id\":\"https:\/\/web2025.gastronomicament.cat\/es\/#website\",\"url\":\"https:\/\/web2025.gastronomicament.cat\/es\/\",\"name\":\"Gastron\u00f2micament\",\"description\":\"Portal de restaurants, receptes i actualitat gastron\u00f2mica\",\"publisher\":{\"@id\":\"https:\/\/web2025.gastronomicament.cat\/es\/#organization\"},\"potentialAction\":[{\"@type\":\"SearchAction\",\"target\":{\"@type\":\"EntryPoint\",\"urlTemplate\":\"https:\/\/web2025.gastronomicament.cat\/es\/?s={search_term_string}\"},\"query-input\":{\"@type\":\"PropertyValueSpecification\",\"valueRequired\":true,\"valueName\":\"search_term_string\"}}],\"inLanguage\":\"ca-ES\"},{\"@type\":\"Organization\",\"@id\":\"https:\/\/web2025.gastronomicament.cat\/es\/#organization\",\"name\":\"Gastron\u00f2micament\",\"url\":\"https:\/\/web2025.gastronomicament.cat\/es\/\",\"logo\":{\"@type\":\"ImageObject\",\"inLanguage\":\"ca-ES\",\"@id\":\"https:\/\/web2025.gastronomicament.cat\/es\/#\/schema\/logo\/image\/\",\"url\":\"https:\/\/web2025.gastronomicament.cat\/wp-content\/uploads\/2016\/09\/header-logo.jpg\",\"contentUrl\":\"https:\/\/web2025.gastronomicament.cat\/wp-content\/uploads\/2016\/09\/header-logo.jpg\",\"width\":277,\"height\":39,\"caption\":\"Gastron\u00f2micament\"},\"image\":{\"@id\":\"https:\/\/web2025.gastronomicament.cat\/es\/#\/schema\/logo\/image\/\"},\"sameAs\":[\"https:\/\/x.com\/gastronomicamen\"]},{\"@type\":\"Person\",\"@id\":\"https:\/\/web2025.gastronomicament.cat\/es\/#\/schema\/person\/a7c85c537a1ed62799a5b8e0f686a37f\",\"name\":\"Redacci\u00f3\",\"image\":{\"@type\":\"ImageObject\",\"inLanguage\":\"ca-ES\",\"@id\":\"https:\/\/secure.gravatar.com\/avatar\/9489a485c464fd611d33825daae651d13db70c4e74c65c94937a15a9d4c3ee14?s=96&d=mm&r=g69fea3cce3645dfa2166e7293e22955e\",\"url\":\"https:\/\/secure.gravatar.com\/avatar\/9489a485c464fd611d33825daae651d13db70c4e74c65c94937a15a9d4c3ee14?s=96&d=mm&r=g\",\"contentUrl\":\"https:\/\/secure.gravatar.com\/avatar\/9489a485c464fd611d33825daae651d13db70c4e74c65c94937a15a9d4c3ee14?s=96&d=mm&r=g\",\"caption\":\"Redacci\u00f3\"},\"sameAs\":[\"http:\/\/gastronomicament.cat\"],\"url\":\"https:\/\/web2025.gastronomicament.cat\/ca\/author\/admin\"}]}<\/script>\n<!-- \/ Yoast SEO plugin. -->","yoast_head_json":{"title":"Alar\u00f3 celebra la Fira Gremial amb un programa ben atape\u00eft d'actes - Gastron\u00f2micament","description":"Alar\u00f3 celebra la Fira Gremial amb un programa ben atape\u00eft d'actes Actualitat, Reportatges i novetats Dia 5 d'octubre tamb\u00e9 hi haur\u00e0 la Mostra de Cuina i Vins","robots":{"index":"index","follow":"follow","max-snippet":"max-snippet:-1","max-image-preview":"max-image-preview:large","max-video-preview":"max-video-preview:-1"},"canonical":"https:\/\/web2025.gastronomicament.cat\/ca\/alaro-celebra-la-fira-gremial-amb-un-programa-ben-atapeit-dactes","og_locale":"ca_ES","og_type":"article","og_title":"Alar\u00f3 celebra la Fira Gremial amb un programa ben atape\u00eft d'actes - Gastron\u00f2micament","og_description":"Alar\u00f3 celebra la Fira Gremial amb un programa ben atape\u00eft d'actes Actualitat, Reportatges i novetats Dia 5 d'octubre tamb\u00e9 hi haur\u00e0 la Mostra de Cuina i Vins","og_url":"https:\/\/web2025.gastronomicament.cat\/ca\/alaro-celebra-la-fira-gremial-amb-un-programa-ben-atapeit-dactes","og_site_name":"Gastron\u00f2micament","article_published_time":"2025-10-01T06:32:00+00:00","article_modified_time":"2026-04-12T18:29:50+00:00","og_image":[{"width":888,"height":546,"url":"https:\/\/web2025.gastronomicament.cat\/wp-content\/uploads\/2025\/10\/1000232128.jpg","type":"image\/jpeg"}],"author":"Redacci\u00f3","twitter_card":"summary_large_image","twitter_creator":"@gastronomicamen","twitter_site":"@gastronomicamen","twitter_misc":{"Written by":"Redacci\u00f3","Est. reading time":"1 minute"},"schema":{"@context":"https:\/\/schema.org","@graph":[{"@type":"Article","@id":"https:\/\/web2025.gastronomicament.cat\/ca\/alaro-celebra-la-fira-gremial-amb-un-programa-ben-atapeit-dactes#article","isPartOf":{"@id":"https:\/\/web2025.gastronomicament.cat\/ca\/alaro-celebra-la-fira-gremial-amb-un-programa-ben-atapeit-dactes"},"author":{"name":"Redacci\u00f3","@id":"https:\/\/web2025.gastronomicament.cat\/es\/#\/schema\/person\/a7c85c537a1ed62799a5b8e0f686a37f"},"headline":"Alar\u00f3 celebra la Fira Gremial amb un programa ben atape\u00eft d&#8217;actes","datePublished":"2025-10-01T06:32:00+00:00","dateModified":"2026-04-12T18:29:50+00:00","mainEntityOfPage":{"@id":"https:\/\/web2025.gastronomicament.cat\/ca\/alaro-celebra-la-fira-gremial-amb-un-programa-ben-atapeit-dactes"},"wordCount":294,"commentCount":0,"publisher":{"@id":"https:\/\/web2025.gastronomicament.cat\/es\/#organization"},"image":{"@id":"https:\/\/web2025.gastronomicament.cat\/ca\/alaro-celebra-la-fira-gremial-amb-un-programa-ben-atapeit-dactes#primaryimage"},"thumbnailUrl":"https:\/\/web2025.gastronomicament.cat\/wp-content\/uploads\/2025\/10\/1000232128.jpg","articleSection":["Actualitat","Reportatges i novetats"],"inLanguage":"ca-ES","potentialAction":[{"@type":"CommentAction","name":"Comment","target":["https:\/\/web2025.gastronomicament.cat\/ca\/alaro-celebra-la-fira-gremial-amb-un-programa-ben-atapeit-dactes#respond"]}]},{"@type":"WebPage","@id":"https:\/\/web2025.gastronomicament.cat\/ca\/alaro-celebra-la-fira-gremial-amb-un-programa-ben-atapeit-dactes","url":"https:\/\/web2025.gastronomicament.cat\/ca\/alaro-celebra-la-fira-gremial-amb-un-programa-ben-atapeit-dactes","name":"Alar\u00f3 celebra la Fira Gremial amb un programa ben atape\u00eft d'actes - Gastron\u00f2micament","isPartOf":{"@id":"https:\/\/web2025.gastronomicament.cat\/es\/#website"},"primaryImageOfPage":{"@id":"https:\/\/web2025.gastronomicament.cat\/ca\/alaro-celebra-la-fira-gremial-amb-un-programa-ben-atapeit-dactes#primaryimage"},"image":{"@id":"https:\/\/web2025.gastronomicament.cat\/ca\/alaro-celebra-la-fira-gremial-amb-un-programa-ben-atapeit-dactes#primaryimage"},"thumbnailUrl":"https:\/\/web2025.gastronomicament.cat\/wp-content\/uploads\/2025\/10\/1000232128.jpg","datePublished":"2025-10-01T06:32:00+00:00","dateModified":"2026-04-12T18:29:50+00:00","description":"Alar\u00f3 celebra la Fira Gremial amb un programa ben atape\u00eft d'actes Actualitat, Reportatges i novetats Dia 5 d'octubre tamb\u00e9 hi haur\u00e0 la Mostra de Cuina i Vins","inLanguage":"ca-ES","potentialAction":[{"@type":"ReadAction","target":["https:\/\/web2025.gastronomicament.cat\/ca\/alaro-celebra-la-fira-gremial-amb-un-programa-ben-atapeit-dactes"]}]},{"@type":"ImageObject","inLanguage":"ca-ES","@id":"https:\/\/web2025.gastronomicament.cat\/ca\/alaro-celebra-la-fira-gremial-amb-un-programa-ben-atapeit-dactes#primaryimage","url":"https:\/\/web2025.gastronomicament.cat\/wp-content\/uploads\/2025\/10\/1000232128.jpg","contentUrl":"https:\/\/web2025.gastronomicament.cat\/wp-content\/uploads\/2025\/10\/1000232128.jpg","width":888,"height":546},{"@type":"WebSite","@id":"https:\/\/web2025.gastronomicament.cat\/es\/#website","url":"https:\/\/web2025.gastronomicament.cat\/es\/","name":"Gastron\u00f2micament","description":"Portal de restaurants, receptes i actualitat gastron\u00f2mica","publisher":{"@id":"https:\/\/web2025.gastronomicament.cat\/es\/#organization"},"potentialAction":[{"@type":"SearchAction","target":{"@type":"EntryPoint","urlTemplate":"https:\/\/web2025.gastronomicament.cat\/es\/?s={search_term_string}"},"query-input":{"@type":"PropertyValueSpecification","valueRequired":true,"valueName":"search_term_string"}}],"inLanguage":"ca-ES"},{"@type":"Organization","@id":"https:\/\/web2025.gastronomicament.cat\/es\/#organization","name":"Gastron\u00f2micament","url":"https:\/\/web2025.gastronomicament.cat\/es\/","logo":{"@type":"ImageObject","inLanguage":"ca-ES","@id":"https:\/\/web2025.gastronomicament.cat\/es\/#\/schema\/logo\/image\/","url":"https:\/\/web2025.gastronomicament.cat\/wp-content\/uploads\/2016\/09\/header-logo.jpg","contentUrl":"https:\/\/web2025.gastronomicament.cat\/wp-content\/uploads\/2016\/09\/header-logo.jpg","width":277,"height":39,"caption":"Gastron\u00f2micament"},"image":{"@id":"https:\/\/web2025.gastronomicament.cat\/es\/#\/schema\/logo\/image\/"},"sameAs":["https:\/\/x.com\/gastronomicamen"]},{"@type":"Person","@id":"https:\/\/web2025.gastronomicament.cat\/es\/#\/schema\/person\/a7c85c537a1ed62799a5b8e0f686a37f","name":"Redacci\u00f3","image":{"@type":"ImageObject","inLanguage":"ca-ES","@id":"https:\/\/secure.gravatar.com\/avatar\/9489a485c464fd611d33825daae651d13db70c4e74c65c94937a15a9d4c3ee14?s=96&d=mm&r=g69fea3cce3645dfa2166e7293e22955e","url":"https:\/\/secure.gravatar.com\/avatar\/9489a485c464fd611d33825daae651d13db70c4e74c65c94937a15a9d4c3ee14?s=96&d=mm&r=g","contentUrl":"https:\/\/secure.gravatar.com\/avatar\/9489a485c464fd611d33825daae651d13db70c4e74c65c94937a15a9d4c3ee14?s=96&d=mm&r=g","caption":"Redacci\u00f3"},"sameAs":["http:\/\/gastronomicament.cat"],"url":"https:\/\/web2025.gastronomicament.cat\/ca\/author\/admin"}]}},"_links":{"self":[{"href":"https:\/\/web2025.gastronomicament.cat\/ca\/wp-json\/wp\/v2\/posts\/102743","targetHints":{"allow":["GET"]}}],"collection":[{"href":"https:\/\/web2025.gastronomicament.cat\/ca\/wp-json\/wp\/v2\/posts"}],"about":[{"href":"https:\/\/web2025.gastronomicament.cat\/ca\/wp-json\/wp\/v2\/types\/post"}],"author":[{"embeddable":true,"href":"https:\/\/web2025.gastronomicament.cat\/ca\/wp-json\/wp\/v2\/users\/1"}],"replies":[{"embeddable":true,"href":"https:\/\/web2025.gastronomicament.cat\/ca\/wp-json\/wp\/v2\/comments?post=102743"}],"version-history":[{"count":0,"href":"https:\/\/web2025.gastronomicament.cat\/ca\/wp-json\/wp\/v2\/posts\/102743\/revisions"}],"wp:featuredmedia":[{"embeddable":true,"href":"https:\/\/web2025.gastronomicament.cat\/ca\/wp-json\/wp\/v2\/media\/102746"}],"wp:attachment":[{"href":"https:\/\/web2025.gastronomicament.cat\/ca\/wp-json\/wp\/v2\/media?parent=102743"}],"wp:term":[{"taxonomy":"category","embeddable":true,"href":"https:\/\/web2025.gastronomicament.cat\/ca\/wp-json\/wp\/v2\/categories?post=102743"},{"taxonomy":"post_tag","embeddable":true,"href":"https:\/\/web2025.gastronomicament.cat\/ca\/wp-json\/wp\/v2\/tags?post=102743"},{"taxonomy":"author","embeddable":true,"href":"https:\/\/web2025.gastronomicament.cat\/ca\/wp-json\/wp\/v2\/coauthors?post=102743"}],"curies":[{"name":"wp","href":"https:\/\/api.w.org\/{rel}","templated":true}]}}