{"id":100459,"date":"2025-01-02T08:36:41","date_gmt":"2025-01-02T07:36:41","guid":{"rendered":"https:\/\/web2025.gastronomicament.cat\/taller-de-cosmetica-i-vi-a-porreres"},"modified":"2026-04-12T20:44:15","modified_gmt":"2026-04-12T18:44:15","slug":"taller-de-cosmetica-i-vi-a-porreres","status":"publish","type":"post","link":"https:\/\/web2025.gastronomicament.cat\/ca\/taller-de-cosmetica-i-vi-a-porreres","title":{"rendered":"Taller de cosm\u00e8tica i vi a Porreres"},"content":{"rendered":"<p>L&#8217;arribada de l&#8217;any nou, tamb\u00e9 \u00e9s temps de propostes novedoses com el\u00a0<strong>taller\u00a0<\/strong>que combina\u00a0<strong>cosm\u00e8tica natural i vi<\/strong>. Es tracta d&#8217;una activitat en qu\u00e8 la gent que hi participi gaudir\u00e0 d&#8217;un tast de vins i aprendr\u00e0 a fer cosm\u00e8tica natural amb vi.<\/p>\n<p>Les especialistes encarregades d&#8217;impartir-lo s\u00f3n la vinatera\u00a0<strong>B\u00e0rbara Mesquida<\/strong>\u00a0i en cosm\u00e8tica,\u00a0<strong>Marta Terrassa<\/strong>. Comenten que faran un s\u00e8rum amb llavor de ra\u00efm mentre els participants tasten un vi blanc. A m\u00e9s a m\u00e9s, elaboraran una crema exfoliant amb pols de la pellofa i llavors del ra\u00efm mentre tasten un rosat i, finalment, acabaran fent un sab\u00f3 mentre degusten un vi negre. Els tres productes cosm\u00e8tics que s&#8217;elaboren s\u00f3n per als participants.<\/p>\n<p>L&#8217;activitat es far\u00e0 dia\u00a0<strong>11 de gener, de 10 a 13.30 hores<\/strong>, al\u00a0<strong>Mol\u00ed de Son Porquer<\/strong>\u00a0(<strong>Porreres<\/strong>), a les vinyes del celler de Mesquida Mora.<\/p>\n<p>El\u00a0<strong>preu\u00a0<\/strong>del curs \u00e9s de<strong>\u00a060 euros<\/strong>\u00a0i les\u00a0<strong>inscripcions\u00a0<\/strong>es poden fer al\u00a0<strong>+34658608879<\/strong>.(Tamb\u00e9 hi ha la possibilitat de fer-ne una targeta regal).<\/p>\n","protected":false},"excerpt":{"rendered":"<p>Es far\u00e0 al Mol\u00ed de Son Porquer el proper dia 11 de gener<\/p>\n","protected":false},"author":1,"featured_media":100460,"comment_status":"open","ping_status":"open","sticky":false,"template":"","format":"standard","meta":{"_acf_changed":false,"_swt_meta_header_display":false,"_swt_meta_footer_display":false,"_swt_meta_site_title_display":false,"_swt_meta_sticky_header":false,"_swt_meta_transparent_header":false,"footnotes":""},"categories":[692,778,955],"tags":[],"coauthors":[2053],"class_list":["post-100459","post","type-post","status-publish","format-standard","has-post-thumbnail","hentry","category-actualitat","category-cursos-i-tallers","category-reportatges-i-novetats"],"acf":{"gallery":null,"home_date":{"home_begin_date":null,"home_end_date":null}},"yoast_head":"<!-- This site is optimized with the Yoast SEO plugin v27.2 - https:\/\/yoast.com\/product\/yoast-seo-wordpress\/ -->\n<title>Taller de cosm\u00e8tica i vi a Porreres - Gastron\u00f2micament<\/title>\n<meta name=\"description\" content=\"Taller de cosm\u00e8tica i vi a Porreres Actualitat, Cursos i tallers, Reportatges i novetats Es far\u00e0 al Mol\u00ed de Son Porquer el proper dia 11 de gener\" \/>\n<meta name=\"robots\" content=\"index, follow, max-snippet:-1, max-image-preview:large, max-video-preview:-1\" \/>\n<link rel=\"canonical\" href=\"https:\/\/web2025.gastronomicament.cat\/ca\/taller-de-cosmetica-i-vi-a-porreres\" \/>\n<meta property=\"og:locale\" content=\"ca_ES\" \/>\n<meta property=\"og:type\" content=\"article\" \/>\n<meta property=\"og:title\" content=\"Taller de cosm\u00e8tica i vi a Porreres - Gastron\u00f2micament\" \/>\n<meta property=\"og:description\" content=\"Taller de cosm\u00e8tica i vi a Porreres Actualitat, Cursos i tallers, Reportatges i novetats Es far\u00e0 al Mol\u00ed de Son Porquer el proper dia 11 de gener\" \/>\n<meta property=\"og:url\" content=\"https:\/\/web2025.gastronomicament.cat\/ca\/taller-de-cosmetica-i-vi-a-porreres\" \/>\n<meta property=\"og:site_name\" content=\"Gastron\u00f2micament\" \/>\n<meta property=\"article:published_time\" content=\"2025-01-02T07:36:41+00:00\" \/>\n<meta property=\"article:modified_time\" content=\"2026-04-12T18:44:15+00:00\" \/>\n<meta property=\"og:image\" content=\"https:\/\/web2025.gastronomicament.cat\/wp-content\/uploads\/2025\/01\/Taller-cosmetica-i-vi-Porreres-2025.jpg\" \/>\n\t<meta property=\"og:image:width\" content=\"1600\" \/>\n\t<meta property=\"og:image:height\" content=\"1007\" \/>\n\t<meta property=\"og:image:type\" content=\"image\/jpeg\" \/>\n<meta name=\"author\" content=\"Redacci\u00f3\" \/>\n<meta name=\"twitter:card\" content=\"summary_large_image\" \/>\n<meta name=\"twitter:creator\" content=\"@gastronomicamen\" \/>\n<meta name=\"twitter:site\" content=\"@gastronomicamen\" \/>\n<meta name=\"twitter:label1\" content=\"Written by\" \/>\n\t<meta name=\"twitter:data1\" content=\"Redacci\u00f3\" \/>\n\t<meta name=\"twitter:label2\" content=\"Est. reading time\" \/>\n\t<meta name=\"twitter:data2\" content=\"1 minute\" \/>\n<script type=\"application\/ld+json\" class=\"yoast-schema-graph\">{\"@context\":\"https:\/\/schema.org\",\"@graph\":[{\"@type\":\"Article\",\"@id\":\"https:\/\/web2025.gastronomicament.cat\/ca\/taller-de-cosmetica-i-vi-a-porreres#article\",\"isPartOf\":{\"@id\":\"https:\/\/web2025.gastronomicament.cat\/ca\/taller-de-cosmetica-i-vi-a-porreres\"},\"author\":{\"name\":\"Redacci\u00f3\",\"@id\":\"https:\/\/web2025.gastronomicament.cat\/es\/#\/schema\/person\/a7c85c537a1ed62799a5b8e0f686a37f\"},\"headline\":\"Taller de cosm\u00e8tica i vi a Porreres\",\"datePublished\":\"2025-01-02T07:36:41+00:00\",\"dateModified\":\"2026-04-12T18:44:15+00:00\",\"mainEntityOfPage\":{\"@id\":\"https:\/\/web2025.gastronomicament.cat\/ca\/taller-de-cosmetica-i-vi-a-porreres\"},\"wordCount\":182,\"commentCount\":0,\"publisher\":{\"@id\":\"https:\/\/web2025.gastronomicament.cat\/es\/#organization\"},\"image\":{\"@id\":\"https:\/\/web2025.gastronomicament.cat\/ca\/taller-de-cosmetica-i-vi-a-porreres#primaryimage\"},\"thumbnailUrl\":\"https:\/\/web2025.gastronomicament.cat\/wp-content\/uploads\/2025\/01\/Taller-cosmetica-i-vi-Porreres-2025.jpg\",\"articleSection\":[\"Actualitat\",\"Cursos i tallers\",\"Reportatges i novetats\"],\"inLanguage\":\"ca-ES\",\"potentialAction\":[{\"@type\":\"CommentAction\",\"name\":\"Comment\",\"target\":[\"https:\/\/web2025.gastronomicament.cat\/ca\/taller-de-cosmetica-i-vi-a-porreres#respond\"]}]},{\"@type\":\"WebPage\",\"@id\":\"https:\/\/web2025.gastronomicament.cat\/ca\/taller-de-cosmetica-i-vi-a-porreres\",\"url\":\"https:\/\/web2025.gastronomicament.cat\/ca\/taller-de-cosmetica-i-vi-a-porreres\",\"name\":\"Taller de cosm\u00e8tica i vi a Porreres - Gastron\u00f2micament\",\"isPartOf\":{\"@id\":\"https:\/\/web2025.gastronomicament.cat\/es\/#website\"},\"primaryImageOfPage\":{\"@id\":\"https:\/\/web2025.gastronomicament.cat\/ca\/taller-de-cosmetica-i-vi-a-porreres#primaryimage\"},\"image\":{\"@id\":\"https:\/\/web2025.gastronomicament.cat\/ca\/taller-de-cosmetica-i-vi-a-porreres#primaryimage\"},\"thumbnailUrl\":\"https:\/\/web2025.gastronomicament.cat\/wp-content\/uploads\/2025\/01\/Taller-cosmetica-i-vi-Porreres-2025.jpg\",\"datePublished\":\"2025-01-02T07:36:41+00:00\",\"dateModified\":\"2026-04-12T18:44:15+00:00\",\"description\":\"Taller de cosm\u00e8tica i vi a Porreres Actualitat, Cursos i tallers, Reportatges i novetats Es far\u00e0 al Mol\u00ed de Son Porquer el proper dia 11 de gener\",\"inLanguage\":\"ca-ES\",\"potentialAction\":[{\"@type\":\"ReadAction\",\"target\":[\"https:\/\/web2025.gastronomicament.cat\/ca\/taller-de-cosmetica-i-vi-a-porreres\"]}]},{\"@type\":\"ImageObject\",\"inLanguage\":\"ca-ES\",\"@id\":\"https:\/\/web2025.gastronomicament.cat\/ca\/taller-de-cosmetica-i-vi-a-porreres#primaryimage\",\"url\":\"https:\/\/web2025.gastronomicament.cat\/wp-content\/uploads\/2025\/01\/Taller-cosmetica-i-vi-Porreres-2025.jpg\",\"contentUrl\":\"https:\/\/web2025.gastronomicament.cat\/wp-content\/uploads\/2025\/01\/Taller-cosmetica-i-vi-Porreres-2025.jpg\",\"width\":1600,\"height\":1007},{\"@type\":\"WebSite\",\"@id\":\"https:\/\/web2025.gastronomicament.cat\/es\/#website\",\"url\":\"https:\/\/web2025.gastronomicament.cat\/es\/\",\"name\":\"Gastron\u00f2micament\",\"description\":\"Portal de restaurants, receptes i actualitat gastron\u00f2mica\",\"publisher\":{\"@id\":\"https:\/\/web2025.gastronomicament.cat\/es\/#organization\"},\"potentialAction\":[{\"@type\":\"SearchAction\",\"target\":{\"@type\":\"EntryPoint\",\"urlTemplate\":\"https:\/\/web2025.gastronomicament.cat\/es\/?s={search_term_string}\"},\"query-input\":{\"@type\":\"PropertyValueSpecification\",\"valueRequired\":true,\"valueName\":\"search_term_string\"}}],\"inLanguage\":\"ca-ES\"},{\"@type\":\"Organization\",\"@id\":\"https:\/\/web2025.gastronomicament.cat\/es\/#organization\",\"name\":\"Gastron\u00f2micament\",\"url\":\"https:\/\/web2025.gastronomicament.cat\/es\/\",\"logo\":{\"@type\":\"ImageObject\",\"inLanguage\":\"ca-ES\",\"@id\":\"https:\/\/web2025.gastronomicament.cat\/es\/#\/schema\/logo\/image\/\",\"url\":\"https:\/\/web2025.gastronomicament.cat\/wp-content\/uploads\/2016\/09\/header-logo.jpg\",\"contentUrl\":\"https:\/\/web2025.gastronomicament.cat\/wp-content\/uploads\/2016\/09\/header-logo.jpg\",\"width\":277,\"height\":39,\"caption\":\"Gastron\u00f2micament\"},\"image\":{\"@id\":\"https:\/\/web2025.gastronomicament.cat\/es\/#\/schema\/logo\/image\/\"},\"sameAs\":[\"https:\/\/x.com\/gastronomicamen\"]},{\"@type\":\"Person\",\"@id\":\"https:\/\/web2025.gastronomicament.cat\/es\/#\/schema\/person\/a7c85c537a1ed62799a5b8e0f686a37f\",\"name\":\"Redacci\u00f3\",\"image\":{\"@type\":\"ImageObject\",\"inLanguage\":\"ca-ES\",\"@id\":\"https:\/\/secure.gravatar.com\/avatar\/9489a485c464fd611d33825daae651d13db70c4e74c65c94937a15a9d4c3ee14?s=96&d=mm&r=g69fea3cce3645dfa2166e7293e22955e\",\"url\":\"https:\/\/secure.gravatar.com\/avatar\/9489a485c464fd611d33825daae651d13db70c4e74c65c94937a15a9d4c3ee14?s=96&d=mm&r=g\",\"contentUrl\":\"https:\/\/secure.gravatar.com\/avatar\/9489a485c464fd611d33825daae651d13db70c4e74c65c94937a15a9d4c3ee14?s=96&d=mm&r=g\",\"caption\":\"Redacci\u00f3\"},\"sameAs\":[\"http:\/\/gastronomicament.cat\"],\"url\":\"https:\/\/web2025.gastronomicament.cat\/ca\/author\/admin\"}]}<\/script>\n<!-- \/ Yoast SEO plugin. -->","yoast_head_json":{"title":"Taller de cosm\u00e8tica i vi a Porreres - Gastron\u00f2micament","description":"Taller de cosm\u00e8tica i vi a Porreres Actualitat, Cursos i tallers, Reportatges i novetats Es far\u00e0 al Mol\u00ed de Son Porquer el proper dia 11 de gener","robots":{"index":"index","follow":"follow","max-snippet":"max-snippet:-1","max-image-preview":"max-image-preview:large","max-video-preview":"max-video-preview:-1"},"canonical":"https:\/\/web2025.gastronomicament.cat\/ca\/taller-de-cosmetica-i-vi-a-porreres","og_locale":"ca_ES","og_type":"article","og_title":"Taller de cosm\u00e8tica i vi a Porreres - Gastron\u00f2micament","og_description":"Taller de cosm\u00e8tica i vi a Porreres Actualitat, Cursos i tallers, Reportatges i novetats Es far\u00e0 al Mol\u00ed de Son Porquer el proper dia 11 de gener","og_url":"https:\/\/web2025.gastronomicament.cat\/ca\/taller-de-cosmetica-i-vi-a-porreres","og_site_name":"Gastron\u00f2micament","article_published_time":"2025-01-02T07:36:41+00:00","article_modified_time":"2026-04-12T18:44:15+00:00","og_image":[{"width":1600,"height":1007,"url":"https:\/\/web2025.gastronomicament.cat\/wp-content\/uploads\/2025\/01\/Taller-cosmetica-i-vi-Porreres-2025.jpg","type":"image\/jpeg"}],"author":"Redacci\u00f3","twitter_card":"summary_large_image","twitter_creator":"@gastronomicamen","twitter_site":"@gastronomicamen","twitter_misc":{"Written by":"Redacci\u00f3","Est. reading time":"1 minute"},"schema":{"@context":"https:\/\/schema.org","@graph":[{"@type":"Article","@id":"https:\/\/web2025.gastronomicament.cat\/ca\/taller-de-cosmetica-i-vi-a-porreres#article","isPartOf":{"@id":"https:\/\/web2025.gastronomicament.cat\/ca\/taller-de-cosmetica-i-vi-a-porreres"},"author":{"name":"Redacci\u00f3","@id":"https:\/\/web2025.gastronomicament.cat\/es\/#\/schema\/person\/a7c85c537a1ed62799a5b8e0f686a37f"},"headline":"Taller de cosm\u00e8tica i vi a Porreres","datePublished":"2025-01-02T07:36:41+00:00","dateModified":"2026-04-12T18:44:15+00:00","mainEntityOfPage":{"@id":"https:\/\/web2025.gastronomicament.cat\/ca\/taller-de-cosmetica-i-vi-a-porreres"},"wordCount":182,"commentCount":0,"publisher":{"@id":"https:\/\/web2025.gastronomicament.cat\/es\/#organization"},"image":{"@id":"https:\/\/web2025.gastronomicament.cat\/ca\/taller-de-cosmetica-i-vi-a-porreres#primaryimage"},"thumbnailUrl":"https:\/\/web2025.gastronomicament.cat\/wp-content\/uploads\/2025\/01\/Taller-cosmetica-i-vi-Porreres-2025.jpg","articleSection":["Actualitat","Cursos i tallers","Reportatges i novetats"],"inLanguage":"ca-ES","potentialAction":[{"@type":"CommentAction","name":"Comment","target":["https:\/\/web2025.gastronomicament.cat\/ca\/taller-de-cosmetica-i-vi-a-porreres#respond"]}]},{"@type":"WebPage","@id":"https:\/\/web2025.gastronomicament.cat\/ca\/taller-de-cosmetica-i-vi-a-porreres","url":"https:\/\/web2025.gastronomicament.cat\/ca\/taller-de-cosmetica-i-vi-a-porreres","name":"Taller de cosm\u00e8tica i vi a Porreres - Gastron\u00f2micament","isPartOf":{"@id":"https:\/\/web2025.gastronomicament.cat\/es\/#website"},"primaryImageOfPage":{"@id":"https:\/\/web2025.gastronomicament.cat\/ca\/taller-de-cosmetica-i-vi-a-porreres#primaryimage"},"image":{"@id":"https:\/\/web2025.gastronomicament.cat\/ca\/taller-de-cosmetica-i-vi-a-porreres#primaryimage"},"thumbnailUrl":"https:\/\/web2025.gastronomicament.cat\/wp-content\/uploads\/2025\/01\/Taller-cosmetica-i-vi-Porreres-2025.jpg","datePublished":"2025-01-02T07:36:41+00:00","dateModified":"2026-04-12T18:44:15+00:00","description":"Taller de cosm\u00e8tica i vi a Porreres Actualitat, Cursos i tallers, Reportatges i novetats Es far\u00e0 al Mol\u00ed de Son Porquer el proper dia 11 de gener","inLanguage":"ca-ES","potentialAction":[{"@type":"ReadAction","target":["https:\/\/web2025.gastronomicament.cat\/ca\/taller-de-cosmetica-i-vi-a-porreres"]}]},{"@type":"ImageObject","inLanguage":"ca-ES","@id":"https:\/\/web2025.gastronomicament.cat\/ca\/taller-de-cosmetica-i-vi-a-porreres#primaryimage","url":"https:\/\/web2025.gastronomicament.cat\/wp-content\/uploads\/2025\/01\/Taller-cosmetica-i-vi-Porreres-2025.jpg","contentUrl":"https:\/\/web2025.gastronomicament.cat\/wp-content\/uploads\/2025\/01\/Taller-cosmetica-i-vi-Porreres-2025.jpg","width":1600,"height":1007},{"@type":"WebSite","@id":"https:\/\/web2025.gastronomicament.cat\/es\/#website","url":"https:\/\/web2025.gastronomicament.cat\/es\/","name":"Gastron\u00f2micament","description":"Portal de restaurants, receptes i actualitat gastron\u00f2mica","publisher":{"@id":"https:\/\/web2025.gastronomicament.cat\/es\/#organization"},"potentialAction":[{"@type":"SearchAction","target":{"@type":"EntryPoint","urlTemplate":"https:\/\/web2025.gastronomicament.cat\/es\/?s={search_term_string}"},"query-input":{"@type":"PropertyValueSpecification","valueRequired":true,"valueName":"search_term_string"}}],"inLanguage":"ca-ES"},{"@type":"Organization","@id":"https:\/\/web2025.gastronomicament.cat\/es\/#organization","name":"Gastron\u00f2micament","url":"https:\/\/web2025.gastronomicament.cat\/es\/","logo":{"@type":"ImageObject","inLanguage":"ca-ES","@id":"https:\/\/web2025.gastronomicament.cat\/es\/#\/schema\/logo\/image\/","url":"https:\/\/web2025.gastronomicament.cat\/wp-content\/uploads\/2016\/09\/header-logo.jpg","contentUrl":"https:\/\/web2025.gastronomicament.cat\/wp-content\/uploads\/2016\/09\/header-logo.jpg","width":277,"height":39,"caption":"Gastron\u00f2micament"},"image":{"@id":"https:\/\/web2025.gastronomicament.cat\/es\/#\/schema\/logo\/image\/"},"sameAs":["https:\/\/x.com\/gastronomicamen"]},{"@type":"Person","@id":"https:\/\/web2025.gastronomicament.cat\/es\/#\/schema\/person\/a7c85c537a1ed62799a5b8e0f686a37f","name":"Redacci\u00f3","image":{"@type":"ImageObject","inLanguage":"ca-ES","@id":"https:\/\/secure.gravatar.com\/avatar\/9489a485c464fd611d33825daae651d13db70c4e74c65c94937a15a9d4c3ee14?s=96&d=mm&r=g69fea3cce3645dfa2166e7293e22955e","url":"https:\/\/secure.gravatar.com\/avatar\/9489a485c464fd611d33825daae651d13db70c4e74c65c94937a15a9d4c3ee14?s=96&d=mm&r=g","contentUrl":"https:\/\/secure.gravatar.com\/avatar\/9489a485c464fd611d33825daae651d13db70c4e74c65c94937a15a9d4c3ee14?s=96&d=mm&r=g","caption":"Redacci\u00f3"},"sameAs":["http:\/\/gastronomicament.cat"],"url":"https:\/\/web2025.gastronomicament.cat\/ca\/author\/admin"}]}},"_links":{"self":[{"href":"https:\/\/web2025.gastronomicament.cat\/ca\/wp-json\/wp\/v2\/posts\/100459","targetHints":{"allow":["GET"]}}],"collection":[{"href":"https:\/\/web2025.gastronomicament.cat\/ca\/wp-json\/wp\/v2\/posts"}],"about":[{"href":"https:\/\/web2025.gastronomicament.cat\/ca\/wp-json\/wp\/v2\/types\/post"}],"author":[{"embeddable":true,"href":"https:\/\/web2025.gastronomicament.cat\/ca\/wp-json\/wp\/v2\/users\/1"}],"replies":[{"embeddable":true,"href":"https:\/\/web2025.gastronomicament.cat\/ca\/wp-json\/wp\/v2\/comments?post=100459"}],"version-history":[{"count":0,"href":"https:\/\/web2025.gastronomicament.cat\/ca\/wp-json\/wp\/v2\/posts\/100459\/revisions"}],"wp:featuredmedia":[{"embeddable":true,"href":"https:\/\/web2025.gastronomicament.cat\/ca\/wp-json\/wp\/v2\/media\/100460"}],"wp:attachment":[{"href":"https:\/\/web2025.gastronomicament.cat\/ca\/wp-json\/wp\/v2\/media?parent=100459"}],"wp:term":[{"taxonomy":"category","embeddable":true,"href":"https:\/\/web2025.gastronomicament.cat\/ca\/wp-json\/wp\/v2\/categories?post=100459"},{"taxonomy":"post_tag","embeddable":true,"href":"https:\/\/web2025.gastronomicament.cat\/ca\/wp-json\/wp\/v2\/tags?post=100459"},{"taxonomy":"author","embeddable":true,"href":"https:\/\/web2025.gastronomicament.cat\/ca\/wp-json\/wp\/v2\/coauthors?post=100459"}],"curies":[{"name":"wp","href":"https:\/\/api.w.org\/{rel}","templated":true}]}}